{"id":25220,"date":"2024-03-13T11:54:40","date_gmt":"2024-03-13T14:54:40","guid":{"rendered":"https:\/\/arquivo.pedroleopoldo.mg.gov.br\/?p=25220"},"modified":"2024-03-13T11:54:42","modified_gmt":"2024-03-13T14:54:42","slug":"prefeitura-da-inicio-ao-recapeamento-de-mais-vias-no-bairro-teotonio-batista-de-freitas","status":"publish","type":"post","link":"https:\/\/arquivo.pedroleopoldo.mg.gov.br\/?p=25220","title":{"rendered":"Prefeitura d\u00e1 in\u00edcio ao recapeamento de mais vias no Bairro Teot\u00f4nio Batista de Freitas"},"content":{"rendered":"\n<p><em>Entre as ruas que receber\u00e3o mais esta melhoria est\u00e1 a Av. Gil Ant\u00f4nio Pereira, atendendo pedidos da popula\u00e7\u00e3o<\/em><\/p>\n\n\n\n<p>A Prefeitura de Pedro Leopoldo, por meio da Secretaria Municipal de Obras e Servi\u00e7os P\u00fablicos, deu in\u00edcio esta semana aos trabalhos de recapeamento asf\u00e1ltico de mais ruas do Bairro Teot\u00f4nio Batista de Freitas, conhecido tamb\u00e9m como Bairro da Lua. Neste primeiro momento ser\u00e3o recapeadas as ruas S\u00e3o Gabriel, Santo Expedito, Joaquim Batista, Av. Gil Ant\u00f4nio Pereira e a rua S\u00e3o Pedro. Entretanto, a Secretaria de Obras possui uma programa\u00e7\u00e3o para que mais vias recebam esta melhoria.<\/p>\n\n\n\n<p>Na manh\u00e3 desta segunda-feira, 04, a Prefeita Eloisa Helena, sua vice Ana Paula e o Secret\u00e1rio de Governo, \u00c2ngelo Tadeu, estiveram no local, recebendo o Deputado Federal, Gilberto Abramo, que destinou R$1 milh\u00e3o de reais em emenda parlamentar, para a execu\u00e7\u00e3o dos trabalhos. \u201c\u00c9 um prazer ser amigo e parceiro de Pedro Leopoldo e representar o munic\u00edpio em Bras\u00edlia. Sei da import\u00e2ncia de recursos financeiros e continuarei a ajudar a administra\u00e7\u00e3o no desenvolvimento deste lugar que tanto tenho apre\u00e7o\u201d, comentou Gilberto Abramo.<\/p>\n\n\n\n<p>Os representantes do Governo Municipal tamb\u00e9m falaram da alegria em promover mais esta melhoria para o munic\u00edpio e seus moradores. \u201cQualidade no dia a dia de motoristas, pedestres e moradores \u00e9 o que queremos. Temos o objetivo de deixar toda Pedro Leopoldo um tapete. Vamos por etapas, com responsabilidade e organiza\u00e7\u00e3o financeira\u201d, destacaram a Prefeita Eloisa, a vice, Ana Paula, e o Secret\u00e1rio de Governo, Tadeu.<\/p>\n\n\n\n<p>Segundo a Secretaria de Obras, caso n\u00e3o haja imprevistos, principalmente em virtude do tempo, as ruas estar\u00e3o com o asfalto novo ainda neste m\u00eas de mar\u00e7o.<\/p>\n\n\n\n<figure class=\"wp-block-gallery has-nested-images columns-default is-cropped wp-block-gallery-1 is-layout-flex wp-block-gallery-is-layout-flex\">\n<figure class=\"wp-block-image size-large\"><img decoding=\"async\" loading=\"lazy\" width=\"1024\" height=\"768\" data-id=\"25222\" src=\"https:\/\/arquivo.pedroleopoldo.mg.gov.br\/wp-content\/uploads\/2024\/03\/GOPR6578-1-1024x768.jpg\" alt=\"\" class=\"wp-image-25222\" srcset=\"https:\/\/arquivo.pedroleopoldo.mg.gov.br\/wp-content\/uploads\/2024\/03\/GOPR6578-1-1024x768.jpg 1024w, https:\/\/arquivo.pedroleopoldo.mg.gov.br\/wp-content\/uploads\/2024\/03\/GOPR6578-1-300x225.jpg 300w, https:\/\/arquivo.pedroleopoldo.mg.gov.br\/wp-content\/uploads\/2024\/03\/GOPR6578-1-768x576.jpg 768w, https:\/\/arquivo.pedroleopoldo.mg.gov.br\/wp-content\/uploads\/2024\/03\/GOPR6578-1-1536x1152.jpg 1536w, https:\/\/arquivo.pedroleopoldo.mg.gov.br\/wp-content\/uploads\/2024\/03\/GOPR6578-1-2048x1536.jpg 2048w\" sizes=\"(max-width: 1024px) 100vw, 1024px\" \/><\/figure>\n\n\n\n<figure class=\"wp-block-image size-large\"><img decoding=\"async\" loading=\"lazy\" width=\"1024\" height=\"768\" data-id=\"25224\" src=\"https:\/\/arquivo.pedroleopoldo.mg.gov.br\/wp-content\/uploads\/2024\/03\/GOPR6581-1-1024x768.jpg\" alt=\"\" class=\"wp-image-25224\" srcset=\"https:\/\/arquivo.pedroleopoldo.mg.gov.br\/wp-content\/uploads\/2024\/03\/GOPR6581-1-1024x768.jpg 1024w, https:\/\/arquivo.pedroleopoldo.mg.gov.br\/wp-content\/uploads\/2024\/03\/GOPR6581-1-300x225.jpg 300w, https:\/\/arquivo.pedroleopoldo.mg.gov.br\/wp-content\/uploads\/2024\/03\/GOPR6581-1-768x576.jpg 768w, https:\/\/arquivo.pedroleopoldo.mg.gov.br\/wp-content\/uploads\/2024\/03\/GOPR6581-1-1536x1152.jpg 1536w, https:\/\/arquivo.pedroleopoldo.mg.gov.br\/wp-content\/uploads\/2024\/03\/GOPR6581-1-2048x1536.jpg 2048w\" sizes=\"(max-width: 1024px) 100vw, 1024px\" \/><\/figure>\n\n\n\n<figure class=\"wp-block-image size-large\"><img decoding=\"async\" loading=\"lazy\" width=\"1024\" height=\"768\" data-id=\"25223\" src=\"https:\/\/arquivo.pedroleopoldo.mg.gov.br\/wp-content\/uploads\/2024\/03\/GOPR6570-1-1024x768.jpg\" alt=\"\" class=\"wp-image-25223\" srcset=\"https:\/\/arquivo.pedroleopoldo.mg.gov.br\/wp-content\/uploads\/2024\/03\/GOPR6570-1-1024x768.jpg 1024w, https:\/\/arquivo.pedroleopoldo.mg.gov.br\/wp-content\/uploads\/2024\/03\/GOPR6570-1-300x225.jpg 300w, https:\/\/arquivo.pedroleopoldo.mg.gov.br\/wp-content\/uploads\/2024\/03\/GOPR6570-1-768x576.jpg 768w, https:\/\/arquivo.pedroleopoldo.mg.gov.br\/wp-content\/uploads\/2024\/03\/GOPR6570-1-1536x1152.jpg 1536w, https:\/\/arquivo.pedroleopoldo.mg.gov.br\/wp-content\/uploads\/2024\/03\/GOPR6570-1-2048x1536.jpg 2048w\" sizes=\"(max-width: 1024px) 100vw, 1024px\" \/><\/figure>\n<\/figure>\n","protected":false},"excerpt":{"rendered":"<p>Entre as ruas que receber\u00e3o mais esta melhoria est\u00e1 a Av. Gil Ant\u00f4nio Pereira, atendendo pedidos da popula\u00e7\u00e3o A Prefeitura de Pedro Leopoldo, por meio da Secretaria Municipal de Obras e Servi\u00e7os P\u00fablicos, deu in\u00edcio esta semana aos trabalhos de recapeamento asf\u00e1ltico de mais ruas do Bairro Teot\u00f4nio Batista de Freitas, conhecido tamb\u00e9m como Bairro &hellip; <a href=\"https:\/\/arquivo.pedroleopoldo.mg.gov.br\/?p=25220\" class=\"more-link\">Continuar lendo <span class=\"screen-reader-text\">Prefeitura d\u00e1 in\u00edcio ao recapeamento de mais vias no Bairro Teot\u00f4nio Batista de Freitas<\/span><\/a><\/p>\n","protected":false},"author":1,"featured_media":25222,"comment_status":"closed","ping_status":"closed","sticky":false,"template":"","format":"standard","meta":{"footnotes":""},"categories":[4],"tags":[],"_links":{"self":[{"href":"https:\/\/arquivo.pedroleopoldo.mg.gov.br\/index.php?rest_route=\/wp\/v2\/posts\/25220"}],"collection":[{"href":"https:\/\/arquivo.pedroleopoldo.mg.gov.br\/index.php?rest_route=\/wp\/v2\/posts"}],"about":[{"href":"https:\/\/arquivo.pedroleopoldo.mg.gov.br\/index.php?rest_route=\/wp\/v2\/types\/post"}],"author":[{"embeddable":true,"href":"https:\/\/arquivo.pedroleopoldo.mg.gov.br\/index.php?rest_route=\/wp\/v2\/users\/1"}],"replies":[{"embeddable":true,"href":"https:\/\/arquivo.pedroleopoldo.mg.gov.br\/index.php?rest_route=%2Fwp%2Fv2%2Fcomments&post=25220"}],"version-history":[{"count":0,"href":"https:\/\/arquivo.pedroleopoldo.mg.gov.br\/index.php?rest_route=\/wp\/v2\/posts\/25220\/revisions"}],"wp:featuredmedia":[{"embeddable":true,"href":"https:\/\/arquivo.pedroleopoldo.mg.gov.br\/index.php?rest_route=\/wp\/v2\/media\/25222"}],"wp:attachment":[{"href":"https:\/\/arquivo.pedroleopoldo.mg.gov.br\/index.php?rest_route=%2Fwp%2Fv2%2Fmedia&parent=25220"}],"wp:term":[{"taxonomy":"category","embeddable":true,"href":"https:\/\/arquivo.pedroleopoldo.mg.gov.br\/index.php?rest_route=%2Fwp%2Fv2%2Fcategories&post=25220"},{"taxonomy":"post_tag","embeddable":true,"href":"https:\/\/arquivo.pedroleopoldo.mg.gov.br\/index.php?rest_route=%2Fwp%2Fv2%2Ftags&post=25220"}],"curies":[{"name":"wp","href":"https:\/\/api.w.org\/{rel}","templated":true}]}}