{"id":25186,"date":"2024-03-05T18:03:32","date_gmt":"2024-03-05T21:03:32","guid":{"rendered":"https:\/\/arquivo.pedroleopoldo.mg.gov.br\/?p=25186"},"modified":"2024-03-05T18:03:35","modified_gmt":"2024-03-05T21:03:35","slug":"guias-do-iptu-2024-comecam-a-ser-distribuidas-pelo-correios","status":"publish","type":"post","link":"https:\/\/arquivo.pedroleopoldo.mg.gov.br\/?p=25186","title":{"rendered":"Guias do IPTU 2024 come\u00e7am a ser distribu\u00eddas pelo Correios"},"content":{"rendered":"\n<p><em>A primeira parcela vence no dia 10 de abril e o contribuinte tamb\u00e9m pode emitir a guia pelo site da Prefeitura<\/em><\/p>\n\n\n\n<p>A Prefeitura de Pedro Leopoldo, por meio da Secretaria Municipal de Fazenda, deu in\u00edcio \u00e0 distribui\u00e7\u00e3o das guias de IPTU atrav\u00e9s do Correios. As guias tamb\u00e9m podem ser emitidas pelo pr\u00f3prio cidad\u00e3o atrav\u00e9s do site <a href=\"http:\/\/www.pedroleopoldo.mg.gov.br\/\" target=\"_blank\" rel=\"noreferrer noopener\">www.pedroleopoldo.mg.gov.br<\/a> na aba Cidad\u00e3o&gt;IPTU.&nbsp;<\/p>\n\n\n\n<p>O Imposto Sobre a Propriedade Territorial e Predial Urbana poder\u00e1 ser pago, no exerc\u00edcio de 2024, em nove parcelas com vencimentos respectivos no dia 10 de cada m\u00eas, come\u00e7ando em abril e terminando em dezembro.&nbsp;<\/p>\n\n\n\n<p>O IPTU desempenha um papel fundamental no financiamento das atividades municipais, contribuindo para a manuten\u00e7\u00e3o e o desenvolvimento das cidades. Al\u00e9m de ser uma importante fonte de receita para os munic\u00edpios, ele tamb\u00e9m \u00e9 uma ferramenta de pol\u00edtica urbana, incentivando o uso racional do solo e a promo\u00e7\u00e3o do desenvolvimento sustent\u00e1vel. \u201cO IPTU n\u00e3o apenas arrecada recursos para investimentos em infraestrutura, sa\u00fade, educa\u00e7\u00e3o e seguran\u00e7a, mas tamb\u00e9m pode ser utilizado como instrumento para a ordena\u00e7\u00e3o do planejamento urbano. Dessa forma, o IPTU n\u00e3o \u00e9 apenas uma obriga\u00e7\u00e3o fiscal, mas uma contribui\u00e7\u00e3o essencial para a constru\u00e7\u00e3o de cidades mais justas, inclusivas e sustent\u00e1veis\u201d, destacou a Secret\u00e1ria de Fazenda, Iara Sousa.<\/p>\n\n\n\n<figure class=\"wp-block-gallery has-nested-images columns-default is-cropped wp-block-gallery-1 is-layout-flex wp-block-gallery-is-layout-flex\">\n<figure class=\"wp-block-image size-large\"><img decoding=\"async\" loading=\"lazy\" width=\"1024\" height=\"1024\" data-id=\"25189\" src=\"https:\/\/arquivo.pedroleopoldo.mg.gov.br\/wp-content\/uploads\/2024\/03\/image-1-1024x1024.png\" alt=\"\" class=\"wp-image-25189\" srcset=\"https:\/\/arquivo.pedroleopoldo.mg.gov.br\/wp-content\/uploads\/2024\/03\/image-1-1024x1024.png 1024w, https:\/\/arquivo.pedroleopoldo.mg.gov.br\/wp-content\/uploads\/2024\/03\/image-1-300x300.png 300w, https:\/\/arquivo.pedroleopoldo.mg.gov.br\/wp-content\/uploads\/2024\/03\/image-1-150x150.png 150w, https:\/\/arquivo.pedroleopoldo.mg.gov.br\/wp-content\/uploads\/2024\/03\/image-1-768x768.png 768w, https:\/\/arquivo.pedroleopoldo.mg.gov.br\/wp-content\/uploads\/2024\/03\/image-1.png 1080w\" sizes=\"(max-width: 1024px) 100vw, 1024px\" \/><\/figure>\n\n\n\n<figure class=\"wp-block-image size-large\"><img decoding=\"async\" loading=\"lazy\" width=\"1024\" height=\"1024\" data-id=\"25188\" src=\"https:\/\/arquivo.pedroleopoldo.mg.gov.br\/wp-content\/uploads\/2024\/03\/image-1024x1024.png\" alt=\"\" class=\"wp-image-25188\" srcset=\"https:\/\/arquivo.pedroleopoldo.mg.gov.br\/wp-content\/uploads\/2024\/03\/image-1024x1024.png 1024w, https:\/\/arquivo.pedroleopoldo.mg.gov.br\/wp-content\/uploads\/2024\/03\/image-300x300.png 300w, https:\/\/arquivo.pedroleopoldo.mg.gov.br\/wp-content\/uploads\/2024\/03\/image-150x150.png 150w, https:\/\/arquivo.pedroleopoldo.mg.gov.br\/wp-content\/uploads\/2024\/03\/image-768x768.png 768w, https:\/\/arquivo.pedroleopoldo.mg.gov.br\/wp-content\/uploads\/2024\/03\/image.png 1080w\" sizes=\"(max-width: 1024px) 100vw, 1024px\" \/><\/figure>\n<\/figure>\n","protected":false},"excerpt":{"rendered":"<p>A primeira parcela vence no dia 10 de abril e o contribuinte tamb\u00e9m pode emitir a guia pelo site da Prefeitura A Prefeitura de Pedro Leopoldo, por meio da Secretaria Municipal de Fazenda, deu in\u00edcio \u00e0 distribui\u00e7\u00e3o das guias de IPTU atrav\u00e9s do Correios. As guias tamb\u00e9m podem ser emitidas pelo pr\u00f3prio cidad\u00e3o atrav\u00e9s do &hellip; <a href=\"https:\/\/arquivo.pedroleopoldo.mg.gov.br\/?p=25186\" class=\"more-link\">Continuar lendo <span class=\"screen-reader-text\">Guias do IPTU 2024 come\u00e7am a ser distribu\u00eddas pelo Correios<\/span><\/a><\/p>\n","protected":false},"author":1,"featured_media":25190,"comment_status":"closed","ping_status":"closed","sticky":false,"template":"","format":"standard","meta":{"footnotes":""},"categories":[4],"tags":[],"_links":{"self":[{"href":"https:\/\/arquivo.pedroleopoldo.mg.gov.br\/index.php?rest_route=\/wp\/v2\/posts\/25186"}],"collection":[{"href":"https:\/\/arquivo.pedroleopoldo.mg.gov.br\/index.php?rest_route=\/wp\/v2\/posts"}],"about":[{"href":"https:\/\/arquivo.pedroleopoldo.mg.gov.br\/index.php?rest_route=\/wp\/v2\/types\/post"}],"author":[{"embeddable":true,"href":"https:\/\/arquivo.pedroleopoldo.mg.gov.br\/index.php?rest_route=\/wp\/v2\/users\/1"}],"replies":[{"embeddable":true,"href":"https:\/\/arquivo.pedroleopoldo.mg.gov.br\/index.php?rest_route=%2Fwp%2Fv2%2Fcomments&post=25186"}],"version-history":[{"count":0,"href":"https:\/\/arquivo.pedroleopoldo.mg.gov.br\/index.php?rest_route=\/wp\/v2\/posts\/25186\/revisions"}],"wp:featuredmedia":[{"embeddable":true,"href":"https:\/\/arquivo.pedroleopoldo.mg.gov.br\/index.php?rest_route=\/wp\/v2\/media\/25190"}],"wp:attachment":[{"href":"https:\/\/arquivo.pedroleopoldo.mg.gov.br\/index.php?rest_route=%2Fwp%2Fv2%2Fmedia&parent=25186"}],"wp:term":[{"taxonomy":"category","embeddable":true,"href":"https:\/\/arquivo.pedroleopoldo.mg.gov.br\/index.php?rest_route=%2Fwp%2Fv2%2Fcategories&post=25186"},{"taxonomy":"post_tag","embeddable":true,"href":"https:\/\/arquivo.pedroleopoldo.mg.gov.br\/index.php?rest_route=%2Fwp%2Fv2%2Ftags&post=25186"}],"curies":[{"name":"wp","href":"https:\/\/api.w.org\/{rel}","templated":true}]}}