{"id":25185,"date":"2024-03-05T18:03:55","date_gmt":"2024-03-05T21:03:55","guid":{"rendered":"https:\/\/arquivo.pedroleopoldo.mg.gov.br\/?p=25185"},"modified":"2024-03-05T18:03:57","modified_gmt":"2024-03-05T21:03:57","slug":"prefeitura-de-pedro-leopoldo-segue-trabalhando-intensamente-no-combate-a-epidemia-de-dengue","status":"publish","type":"post","link":"https:\/\/arquivo.pedroleopoldo.mg.gov.br\/?p=25185","title":{"rendered":"Prefeitura de Pedro Leopoldo segue trabalhando intensamente no combate \u00e0 epidemia de dengue"},"content":{"rendered":"\n<p><em>Multas de R$600 est\u00e3o sendo aplicadas, al\u00e9m de mutir\u00f5es, vistorias de lotes vagos e extens\u00e3o do hor\u00e1rio de funcionamento das UBSs, que s\u00e3o algumas das muitas medidas tomadas pela atual administra\u00e7\u00e3o. Os pr\u00f3ximos mutir\u00f5es de limpeza acontecer\u00e3o neste fim de semana nos bairros Teot\u00f4nio Batista de Freitas, Santa Tereza, Dom Camilo, Novo Campinho e Quinta das Palmeiras<\/em><\/p>\n\n\n\n<p>Diante do atual cen\u00e1rio de altas taxas de dengue em Pedro Leopoldo e em todo o Brasil, a Prefeitura Municipal est\u00e1 realizando diversas a\u00e7\u00f5es a fim de combater a prolifera\u00e7\u00e3o do mosquito Aedes aegypti, al\u00e9m de atuar de forma intensificada no atendimento e tratamento para quem j\u00e1 foi infectado.<\/p>\n\n\n\n<p>A Prefeitura ampliou o hor\u00e1rio de atendimento nas UBSs do Centro e Dom Camilo\/Santa Tereza, funcionando de 7h30 \u00e0s 19h, todos os dias da semana, inclusive aos s\u00e1bados e domingos. At\u00e9 \u00e0s 16h30, de segunda a sexta, os atendimentos da aten\u00e7\u00e3o prim\u00e1ria continuar\u00e3o sendo realizados, e, ap\u00f3s este hor\u00e1rio e aos fins de semana, os atendimentos ser\u00e3o exclusivamente para casos de suspeita de Dengue nestas duas unidades de sa\u00fade. A Secretaria Municipal de Sa\u00fade orienta a popula\u00e7\u00e3o a procurar atendimento, primeiramente, na Unidade B\u00e1sica de Sa\u00fade (UBS) de refer\u00eancia, ao apresentar qualquer sintoma de dengue.<\/p>\n\n\n\n<p>Michele Moreno, Secret\u00e1ria de Sa\u00fade, afirma que com a extens\u00e3o de hor\u00e1rios e a compreens\u00e3o da popula\u00e7\u00e3o, os atendimentos ser\u00e3o mais r\u00e1pidos. \u201cAs pessoas t\u00eam o costume de irem direto ao P.A quando percebem algum sintoma, mas n\u00e3o procuram a UBS. Agora, com a amplia\u00e7\u00e3o do hor\u00e1rio de atendimento nos postos de sa\u00fade, esperamos que a popula\u00e7\u00e3o recorra tamb\u00e9m a estes locais, que t\u00eam estrutura e profissionais qualificados para cuidar da popula\u00e7\u00e3o, e como consequ\u00eancia positiva, dividimos o p\u00fablico e os atendimentos ser\u00e3o mais r\u00e1pidos\u201d, disse.<\/p>\n\n\n\n<p>Como medida de preven\u00e7\u00e3o, a Vigil\u00e2ncia em Sa\u00fade est\u00e1 realizando mutir\u00f5es com o objetivo de recolher na casa dos moradores o maior n\u00famero de objetos inserv\u00edveis que possam acumular \u00e1gua parada, fazendo morada para o mosquito transmissor das arboviroses. As a\u00e7\u00f5es aconteceram por bairros com maior n\u00famero de casos confirmados. Na \u00faltima segunda-feira, 26 de fevereiro, as equipes passaram pela Lagoa de Santo Ant\u00f4nio e Morada dos Angicos e, no fim de semana anterior, em Fidalgo e Quinta do Sumidouro. Os pr\u00f3ximos mutir\u00f5es acontecer\u00e3o neste fim de semana nos bairros Teot\u00f4nio Batista de Freitas, Santa Tereza, Dom Camilo, Novo Campinho e Quinta das Palmeiras. Durante os mutir\u00f5es os moradores tamb\u00e9m s\u00e3o orientados quanto aos cuidados que devem ser tomados.<\/p>\n\n\n\n<p>A atual administra\u00e7\u00e3o considera essencial o trabalho de orienta\u00e7\u00e3o \u00e0 popula\u00e7\u00e3o, pois por meio do ensino e alerta, a conscientiza\u00e7\u00e3o e os resultados s\u00e3o mais eficazes. Sendo assim, palestras nas Escolas Municipais s\u00e3o realizadas, campanhas educativas nas redes sociais da Prefeitura, al\u00e9m da distribui\u00e7\u00e3o de panfletos e instru\u00e7\u00f5es dos profissionais da sa\u00fade nas salas de espera dos ESF\u00b4s periodicamente.<\/p>\n\n\n\n<p>A Secretaria de Planejamento Urbano, com apoio da Defesa Civil, tamb\u00e9m est\u00e1 realizando vistorias das den\u00fancias de locais prop\u00edcios \u00e0 prolifera\u00e7\u00e3o do mosquito. Um dos alvos s\u00e3o os lotes vagos, devido ao ac\u00famulo de mato, lixo e recipientes com \u00e1gua parada. Neste caso, as notifica\u00e7\u00f5es est\u00e3o sendo enviadas via Correios, e, aquelas que o prazo da notifica\u00e7\u00e3o j\u00e1 se cumpriu, est\u00e3o sendo autuadas em multa de R$600, prevista no C\u00f3digo de Posturas.&nbsp;<\/p>\n\n\n\n<p>As den\u00fancias \u00e0 Vigil\u00e2ncia em Sa\u00fade devem ser feitas atrav\u00e9s do canal exclusivo, por meio do n\u00famero 98814-6540 (WhatsApp).<\/p>\n\n\n\n<figure class=\"wp-block-image size-large is-resized\"><img decoding=\"async\" loading=\"lazy\" width=\"461\" height=\"1024\" src=\"https:\/\/arquivo.pedroleopoldo.mg.gov.br\/wp-content\/uploads\/2024\/03\/WhatsApp-Image-2024-02-28-at-11.38.08.jpeg\" alt=\"\" class=\"wp-image-25192\" style=\"aspect-ratio:0.4501953125;width:193px;height:auto\" srcset=\"https:\/\/arquivo.pedroleopoldo.mg.gov.br\/wp-content\/uploads\/2024\/03\/WhatsApp-Image-2024-02-28-at-11.38.08.jpeg 461w, https:\/\/arquivo.pedroleopoldo.mg.gov.br\/wp-content\/uploads\/2024\/03\/WhatsApp-Image-2024-02-28-at-11.38.08-135x300.jpeg 135w\" sizes=\"(max-width: 461px) 100vw, 461px\" \/><\/figure>\n\n\n\n<figure class=\"wp-block-image size-large is-resized\"><img decoding=\"async\" loading=\"lazy\" width=\"461\" height=\"1024\" src=\"https:\/\/arquivo.pedroleopoldo.mg.gov.br\/wp-content\/uploads\/2024\/03\/WhatsApp-Image-2024-02-28-at-11.38.08-1.jpeg\" alt=\"\" class=\"wp-image-25193\" style=\"aspect-ratio:0.4501953125;width:199px;height:auto\" srcset=\"https:\/\/arquivo.pedroleopoldo.mg.gov.br\/wp-content\/uploads\/2024\/03\/WhatsApp-Image-2024-02-28-at-11.38.08-1.jpeg 461w, https:\/\/arquivo.pedroleopoldo.mg.gov.br\/wp-content\/uploads\/2024\/03\/WhatsApp-Image-2024-02-28-at-11.38.08-1-135x300.jpeg 135w\" sizes=\"(max-width: 461px) 100vw, 461px\" \/><\/figure>\n\n\n\n<figure class=\"wp-block-image size-large is-resized\"><img decoding=\"async\" loading=\"lazy\" width=\"576\" height=\"1024\" src=\"https:\/\/arquivo.pedroleopoldo.mg.gov.br\/wp-content\/uploads\/2024\/03\/WhatsApp-Image-2024-02-28-at-11.38.08-2.jpeg\" alt=\"\" class=\"wp-image-25195\" style=\"aspect-ratio:0.5625;width:290px;height:auto\" srcset=\"https:\/\/arquivo.pedroleopoldo.mg.gov.br\/wp-content\/uploads\/2024\/03\/WhatsApp-Image-2024-02-28-at-11.38.08-2.jpeg 576w, https:\/\/arquivo.pedroleopoldo.mg.gov.br\/wp-content\/uploads\/2024\/03\/WhatsApp-Image-2024-02-28-at-11.38.08-2-169x300.jpeg 169w\" sizes=\"(max-width: 576px) 100vw, 576px\" \/><\/figure>\n\n\n\n<figure class=\"wp-block-image size-large is-resized\"><img decoding=\"async\" loading=\"lazy\" width=\"460\" height=\"1024\" src=\"https:\/\/arquivo.pedroleopoldo.mg.gov.br\/wp-content\/uploads\/2024\/03\/WhatsApp-Image-2024-02-28-at-11.38.08-3.jpeg\" alt=\"\" class=\"wp-image-25196\" style=\"aspect-ratio:0.44921875;width:192px;height:auto\" srcset=\"https:\/\/arquivo.pedroleopoldo.mg.gov.br\/wp-content\/uploads\/2024\/03\/WhatsApp-Image-2024-02-28-at-11.38.08-3.jpeg 460w, https:\/\/arquivo.pedroleopoldo.mg.gov.br\/wp-content\/uploads\/2024\/03\/WhatsApp-Image-2024-02-28-at-11.38.08-3-135x300.jpeg 135w\" sizes=\"(max-width: 460px) 100vw, 460px\" \/><\/figure>\n\n\n\n<figure class=\"wp-block-image size-large is-resized\"><img decoding=\"async\" loading=\"lazy\" width=\"828\" height=\"676\" src=\"https:\/\/arquivo.pedroleopoldo.mg.gov.br\/wp-content\/uploads\/2024\/03\/WhatsApp-Image-2024-02-28-at-14.32.57.jpeg\" alt=\"\" class=\"wp-image-25197\" style=\"aspect-ratio:1.2248520710059172;width:375px;height:auto\" srcset=\"https:\/\/arquivo.pedroleopoldo.mg.gov.br\/wp-content\/uploads\/2024\/03\/WhatsApp-Image-2024-02-28-at-14.32.57.jpeg 828w, https:\/\/arquivo.pedroleopoldo.mg.gov.br\/wp-content\/uploads\/2024\/03\/WhatsApp-Image-2024-02-28-at-14.32.57-300x245.jpeg 300w, https:\/\/arquivo.pedroleopoldo.mg.gov.br\/wp-content\/uploads\/2024\/03\/WhatsApp-Image-2024-02-28-at-14.32.57-768x627.jpeg 768w\" sizes=\"(max-width: 828px) 100vw, 828px\" \/><\/figure>\n\n\n\n<figure class=\"wp-block-image size-large is-resized\"><img decoding=\"async\" loading=\"lazy\" width=\"828\" height=\"763\" src=\"https:\/\/arquivo.pedroleopoldo.mg.gov.br\/wp-content\/uploads\/2024\/03\/WhatsApp-Image-2024-02-28-at-14.32.56.jpeg\" alt=\"\" class=\"wp-image-25194\" style=\"aspect-ratio:1.0851900393184797;width:372px;height:auto\" srcset=\"https:\/\/arquivo.pedroleopoldo.mg.gov.br\/wp-content\/uploads\/2024\/03\/WhatsApp-Image-2024-02-28-at-14.32.56.jpeg 828w, https:\/\/arquivo.pedroleopoldo.mg.gov.br\/wp-content\/uploads\/2024\/03\/WhatsApp-Image-2024-02-28-at-14.32.56-300x276.jpeg 300w, https:\/\/arquivo.pedroleopoldo.mg.gov.br\/wp-content\/uploads\/2024\/03\/WhatsApp-Image-2024-02-28-at-14.32.56-768x708.jpeg 768w\" sizes=\"(max-width: 828px) 100vw, 828px\" \/><\/figure>\n","protected":false},"excerpt":{"rendered":"<p>Multas de R$600 est\u00e3o sendo aplicadas, al\u00e9m de mutir\u00f5es, vistorias de lotes vagos e extens\u00e3o do hor\u00e1rio de funcionamento das UBSs, que s\u00e3o algumas das muitas medidas tomadas pela atual administra\u00e7\u00e3o. Os pr\u00f3ximos mutir\u00f5es de limpeza acontecer\u00e3o neste fim de semana nos bairros Teot\u00f4nio Batista de Freitas, Santa Tereza, Dom Camilo, Novo Campinho e Quinta &hellip; <a href=\"https:\/\/arquivo.pedroleopoldo.mg.gov.br\/?p=25185\" class=\"more-link\">Continuar lendo <span class=\"screen-reader-text\">Prefeitura de Pedro Leopoldo segue trabalhando intensamente no combate \u00e0 epidemia de dengue<\/span><\/a><\/p>\n","protected":false},"author":1,"featured_media":25194,"comment_status":"closed","ping_status":"closed","sticky":false,"template":"","format":"standard","meta":{"footnotes":""},"categories":[4],"tags":[],"_links":{"self":[{"href":"https:\/\/arquivo.pedroleopoldo.mg.gov.br\/index.php?rest_route=\/wp\/v2\/posts\/25185"}],"collection":[{"href":"https:\/\/arquivo.pedroleopoldo.mg.gov.br\/index.php?rest_route=\/wp\/v2\/posts"}],"about":[{"href":"https:\/\/arquivo.pedroleopoldo.mg.gov.br\/index.php?rest_route=\/wp\/v2\/types\/post"}],"author":[{"embeddable":true,"href":"https:\/\/arquivo.pedroleopoldo.mg.gov.br\/index.php?rest_route=\/wp\/v2\/users\/1"}],"replies":[{"embeddable":true,"href":"https:\/\/arquivo.pedroleopoldo.mg.gov.br\/index.php?rest_route=%2Fwp%2Fv2%2Fcomments&post=25185"}],"version-history":[{"count":0,"href":"https:\/\/arquivo.pedroleopoldo.mg.gov.br\/index.php?rest_route=\/wp\/v2\/posts\/25185\/revisions"}],"wp:featuredmedia":[{"embeddable":true,"href":"https:\/\/arquivo.pedroleopoldo.mg.gov.br\/index.php?rest_route=\/wp\/v2\/media\/25194"}],"wp:attachment":[{"href":"https:\/\/arquivo.pedroleopoldo.mg.gov.br\/index.php?rest_route=%2Fwp%2Fv2%2Fmedia&parent=25185"}],"wp:term":[{"taxonomy":"category","embeddable":true,"href":"https:\/\/arquivo.pedroleopoldo.mg.gov.br\/index.php?rest_route=%2Fwp%2Fv2%2Fcategories&post=25185"},{"taxonomy":"post_tag","embeddable":true,"href":"https:\/\/arquivo.pedroleopoldo.mg.gov.br\/index.php?rest_route=%2Fwp%2Fv2%2Ftags&post=25185"}],"curies":[{"name":"wp","href":"https:\/\/api.w.org\/{rel}","templated":true}]}}