{"id":25111,"date":"2024-02-22T12:20:53","date_gmt":"2024-02-22T15:20:53","guid":{"rendered":"http:\/\/pedroleopoldo.mg.gov.br\/?p=25111"},"modified":"2024-02-22T12:20:56","modified_gmt":"2024-02-22T15:20:56","slug":"secretaria-de-educacao-promove-2a-edicao-da-jornada-pedagogica","status":"publish","type":"post","link":"https:\/\/arquivo.pedroleopoldo.mg.gov.br\/?p=25111","title":{"rendered":"Secretaria de Educa\u00e7\u00e3o promove 2\u00aa edi\u00e7\u00e3o da Jornada Pedag\u00f3gica"},"content":{"rendered":"\n<p><em>O evento capacitou servidores da rede e trouxe a discuss\u00e3o das melhorias no processo educacional<\/em><\/p>\n\n\n\n<p>Aconteceu no \u00faltimo s\u00e1bado, 17, a 2\u00ba edi\u00e7\u00e3o da Jornada Pedag\u00f3gica, uma realiza\u00e7\u00e3o da Prefeitura de Pedro Leopoldo, por meio da Secretaria Municipal de Educa\u00e7\u00e3o. O evento aconteceu no audit\u00f3rio do Lanagro e foi um verdadeiro marco para a comunidade educacional, reunindo gestores e diversos educadores da rede p\u00fablica municipal.<\/p>\n\n\n\n<p>A Jornada capacitou servidores da rede e trouxe a discuss\u00e3o das melhorias no processo educacional. Na ocasi\u00e3o, o evento proporcionou um espa\u00e7o prop\u00edcio para troca de ideias e experi\u00eancias entre os participantes. Nas atividades programadas, o p\u00fablico presente teve a oportunidade de participar de palestras, oficinas pr\u00e1ticas e mesas redondas, abordando uma variedade de temas pertinentes \u00e0 pr\u00e1tica pedag\u00f3gica.<\/p>\n\n\n\n<p>Quest\u00f5es como inclus\u00e3o, diversidade, tecnologia na educa\u00e7\u00e3o e estrat\u00e9gias de ensino foram debatidas. \u201cCapacitamos nossos servidores com frequ\u00eancia e neste evento, al\u00e9m disto e n\u00e3o menos importante, abrimos espa\u00e7o para discutir e planejar melhorias significativas no processo educacional que est\u00e1 sempre em evolu\u00e7\u00e3o. Foi muito bom ver a turma toda reunida e compartilhando ideias e experi\u00eancias em busca do aprimoramento constante para nossos alunos\u201d, destacou a Prefeita Eloisa Helena.<\/p>\n\n\n\n<p>A Jornada contou com mais de 500 participantes num momento de aprendizado e descontra\u00e7\u00e3o.<\/p>\n\n\n\n<figure class=\"wp-block-image size-large\"><img decoding=\"async\" loading=\"lazy\" width=\"1024\" height=\"768\" src=\"http:\/\/pedroleopoldo.mg.gov.br\/wp-content\/uploads\/2024\/02\/WhatsApp-Image-2024-02-21-at-13.56.02-1024x768.jpeg\" alt=\"\" class=\"wp-image-25113\" srcset=\"https:\/\/arquivo.pedroleopoldo.mg.gov.br\/wp-content\/uploads\/2024\/02\/WhatsApp-Image-2024-02-21-at-13.56.02-1024x768.jpeg 1024w, https:\/\/arquivo.pedroleopoldo.mg.gov.br\/wp-content\/uploads\/2024\/02\/WhatsApp-Image-2024-02-21-at-13.56.02-300x225.jpeg 300w, https:\/\/arquivo.pedroleopoldo.mg.gov.br\/wp-content\/uploads\/2024\/02\/WhatsApp-Image-2024-02-21-at-13.56.02-768x576.jpeg 768w, https:\/\/arquivo.pedroleopoldo.mg.gov.br\/wp-content\/uploads\/2024\/02\/WhatsApp-Image-2024-02-21-at-13.56.02-1536x1152.jpeg 1536w, https:\/\/arquivo.pedroleopoldo.mg.gov.br\/wp-content\/uploads\/2024\/02\/WhatsApp-Image-2024-02-21-at-13.56.02.jpeg 1600w\" sizes=\"(max-width: 1024px) 100vw, 1024px\" \/><\/figure>\n\n\n\n<figure class=\"wp-block-image size-large\"><img decoding=\"async\" loading=\"lazy\" width=\"1024\" height=\"768\" src=\"http:\/\/pedroleopoldo.mg.gov.br\/wp-content\/uploads\/2024\/02\/WhatsApp-Image-2024-02-21-at-13.56.01-1024x768.jpeg\" alt=\"\" class=\"wp-image-25114\" srcset=\"https:\/\/arquivo.pedroleopoldo.mg.gov.br\/wp-content\/uploads\/2024\/02\/WhatsApp-Image-2024-02-21-at-13.56.01-1024x768.jpeg 1024w, https:\/\/arquivo.pedroleopoldo.mg.gov.br\/wp-content\/uploads\/2024\/02\/WhatsApp-Image-2024-02-21-at-13.56.01-300x225.jpeg 300w, https:\/\/arquivo.pedroleopoldo.mg.gov.br\/wp-content\/uploads\/2024\/02\/WhatsApp-Image-2024-02-21-at-13.56.01-768x576.jpeg 768w, https:\/\/arquivo.pedroleopoldo.mg.gov.br\/wp-content\/uploads\/2024\/02\/WhatsApp-Image-2024-02-21-at-13.56.01-1536x1152.jpeg 1536w, https:\/\/arquivo.pedroleopoldo.mg.gov.br\/wp-content\/uploads\/2024\/02\/WhatsApp-Image-2024-02-21-at-13.56.01.jpeg 1600w\" sizes=\"(max-width: 1024px) 100vw, 1024px\" \/><\/figure>\n\n\n\n<figure class=\"wp-block-image size-large\"><img decoding=\"async\" loading=\"lazy\" width=\"1024\" height=\"768\" src=\"http:\/\/pedroleopoldo.mg.gov.br\/wp-content\/uploads\/2024\/02\/WhatsApp-Image-2024-02-21-at-13.55.59-1024x768.jpeg\" alt=\"\" class=\"wp-image-25116\" srcset=\"https:\/\/arquivo.pedroleopoldo.mg.gov.br\/wp-content\/uploads\/2024\/02\/WhatsApp-Image-2024-02-21-at-13.55.59-1024x768.jpeg 1024w, https:\/\/arquivo.pedroleopoldo.mg.gov.br\/wp-content\/uploads\/2024\/02\/WhatsApp-Image-2024-02-21-at-13.55.59-300x225.jpeg 300w, https:\/\/arquivo.pedroleopoldo.mg.gov.br\/wp-content\/uploads\/2024\/02\/WhatsApp-Image-2024-02-21-at-13.55.59-768x576.jpeg 768w, https:\/\/arquivo.pedroleopoldo.mg.gov.br\/wp-content\/uploads\/2024\/02\/WhatsApp-Image-2024-02-21-at-13.55.59-1536x1152.jpeg 1536w, https:\/\/arquivo.pedroleopoldo.mg.gov.br\/wp-content\/uploads\/2024\/02\/WhatsApp-Image-2024-02-21-at-13.55.59.jpeg 1600w\" sizes=\"(max-width: 1024px) 100vw, 1024px\" \/><\/figure>\n","protected":false},"excerpt":{"rendered":"<p>O evento capacitou servidores da rede e trouxe a discuss\u00e3o das melhorias no processo educacional Aconteceu no \u00faltimo s\u00e1bado, 17, a 2\u00ba edi\u00e7\u00e3o da Jornada Pedag\u00f3gica, uma realiza\u00e7\u00e3o da Prefeitura de Pedro Leopoldo, por meio da Secretaria Municipal de Educa\u00e7\u00e3o. O evento aconteceu no audit\u00f3rio do Lanagro e foi um verdadeiro marco para a comunidade &hellip; <a href=\"https:\/\/arquivo.pedroleopoldo.mg.gov.br\/?p=25111\" class=\"more-link\">Continuar lendo <span class=\"screen-reader-text\">Secretaria de Educa\u00e7\u00e3o promove 2\u00aa edi\u00e7\u00e3o da Jornada Pedag\u00f3gica<\/span><\/a><\/p>\n","protected":false},"author":1,"featured_media":25112,"comment_status":"closed","ping_status":"closed","sticky":false,"template":"","format":"standard","meta":{"footnotes":""},"categories":[4],"tags":[],"_links":{"self":[{"href":"https:\/\/arquivo.pedroleopoldo.mg.gov.br\/index.php?rest_route=\/wp\/v2\/posts\/25111"}],"collection":[{"href":"https:\/\/arquivo.pedroleopoldo.mg.gov.br\/index.php?rest_route=\/wp\/v2\/posts"}],"about":[{"href":"https:\/\/arquivo.pedroleopoldo.mg.gov.br\/index.php?rest_route=\/wp\/v2\/types\/post"}],"author":[{"embeddable":true,"href":"https:\/\/arquivo.pedroleopoldo.mg.gov.br\/index.php?rest_route=\/wp\/v2\/users\/1"}],"replies":[{"embeddable":true,"href":"https:\/\/arquivo.pedroleopoldo.mg.gov.br\/index.php?rest_route=%2Fwp%2Fv2%2Fcomments&post=25111"}],"version-history":[{"count":0,"href":"https:\/\/arquivo.pedroleopoldo.mg.gov.br\/index.php?rest_route=\/wp\/v2\/posts\/25111\/revisions"}],"wp:featuredmedia":[{"embeddable":true,"href":"https:\/\/arquivo.pedroleopoldo.mg.gov.br\/index.php?rest_route=\/wp\/v2\/media\/25112"}],"wp:attachment":[{"href":"https:\/\/arquivo.pedroleopoldo.mg.gov.br\/index.php?rest_route=%2Fwp%2Fv2%2Fmedia&parent=25111"}],"wp:term":[{"taxonomy":"category","embeddable":true,"href":"https:\/\/arquivo.pedroleopoldo.mg.gov.br\/index.php?rest_route=%2Fwp%2Fv2%2Fcategories&post=25111"},{"taxonomy":"post_tag","embeddable":true,"href":"https:\/\/arquivo.pedroleopoldo.mg.gov.br\/index.php?rest_route=%2Fwp%2Fv2%2Ftags&post=25111"}],"curies":[{"name":"wp","href":"https:\/\/api.w.org\/{rel}","templated":true}]}}