{"id":25105,"date":"2024-02-22T12:11:50","date_gmt":"2024-02-22T15:11:50","guid":{"rendered":"http:\/\/pedroleopoldo.mg.gov.br\/?p=25105"},"modified":"2024-02-22T12:12:39","modified_gmt":"2024-02-22T15:12:39","slug":"infraestrutura-no-esporte-prefeitura-instala-nova-iluminacao-de-led-nos-campos-de-fidalgo-e-lagoa","status":"publish","type":"post","link":"https:\/\/arquivo.pedroleopoldo.mg.gov.br\/?p=25105","title":{"rendered":"Infraestrutura no esporte: Prefeitura instala nova ilumina\u00e7\u00e3o de LED nos Campos de Fidalgo e Lagoa"},"content":{"rendered":"\n<p>A Prefeitura de Pedro Leopoldo refor\u00e7ou seu compromisso com o desenvolvimento do esporte ao inaugurar a nova ilumina\u00e7\u00e3o no Est\u00e1dio Municipal An\u00e9lio Caldas (Campo do Santa Cruz), em Fidalgo, no \u00faltimo dia 8 de fevereiro. A comunidade se reuniu em celebra\u00e7\u00e3o a essa conquista, enquanto o tradicional Boi da Manta animava o est\u00e1dio. Essa \u00e9 apenas uma das v\u00e1rias melhorias realizadas pela administra\u00e7\u00e3o, que incluem as escolinhas esportivas para a popula\u00e7\u00e3o, al\u00e9m da reforma da pista de skate, melhorias na Pista de Cooper e o in\u00edcio da reforma do CEPPEL.<\/p>\n\n\n\n<p>&#8220;Estamos comprometidos em proporcionar espa\u00e7os esportivos de qualidade para nossa comunidade, incentivando a pr\u00e1tica esportiva e promovendo um estilo de vida saud\u00e1vel. Investir no esporte \u00e9 investir na sa\u00fade e em um futuro promissor para nossa gente&#8221;, comentou a prefeita Eloisa Helena.<\/p>\n\n\n\n<p>Na semana passada foi a vez do Campo do Ideal, na Lagoa de Santo Ant\u00f4nio, receber os refletores de Led. Essa iniciativa visa aumentar a seguran\u00e7a e melhorar a visibilidade para atletas e visitantes, contribuindo para um ambiente mais adequado e acolhedor. &#8220;Estamos muito satisfeitos em ver mais esse projeto de infraestrutura esportiva conclu\u00eddo com sucesso. \u00c9 gratificante ver o impacto positivo que essas melhorias t\u00eam na comunidade&#8221;, destacou \u00c2ngelo Tadeu, Secret\u00e1rio de Governo.<\/p>\n\n\n\n<p>Jo\u00e3o Pereira, morador de Fidalgo, tamb\u00e9m expressou sua satisfa\u00e7\u00e3o com as melhorias. &#8220;\u00c9 incr\u00edvel ver o cuidado que a Prefeitura est\u00e1 tendo com nossos espa\u00e7os esportivos. Isso nos motiva a praticar mais esportes e fortalecer os la\u00e7os com nossa comunidade. O futebol amador \u00e9 uma grande paix\u00e3o aqui no nosso bairro e na cidade inteira, ent\u00e3o ter um local equipado para ser palco dessa paix\u00e3o \u00e9 muito satisfat\u00f3rio. Muito obrigado, Prefeitura&#8221;, disse.<\/p>\n\n\n\n<p>O compromisso da administra\u00e7\u00e3o municipal com o desenvolvimento do esporte e o bem-estar da comunidade \u00e9 evidente atrav\u00e9s dessas iniciativas, que demonstram o cont\u00ednuo investimento na infraestrutura esportiva de Pedro Leopoldo.<\/p>\n","protected":false},"excerpt":{"rendered":"<p>A Prefeitura de Pedro Leopoldo refor\u00e7ou seu compromisso com o desenvolvimento do esporte ao inaugurar a nova ilumina\u00e7\u00e3o no Est\u00e1dio Municipal An\u00e9lio Caldas (Campo do Santa Cruz), em Fidalgo, no \u00faltimo dia 8 de fevereiro. A comunidade se reuniu em celebra\u00e7\u00e3o a essa conquista, enquanto o tradicional Boi da Manta animava o est\u00e1dio. Essa \u00e9 &hellip; <a href=\"https:\/\/arquivo.pedroleopoldo.mg.gov.br\/?p=25105\" class=\"more-link\">Continuar lendo <span class=\"screen-reader-text\">Infraestrutura no esporte: Prefeitura instala nova ilumina\u00e7\u00e3o de LED nos Campos de Fidalgo e Lagoa<\/span><\/a><\/p>\n","protected":false},"author":1,"featured_media":25106,"comment_status":"closed","ping_status":"closed","sticky":false,"template":"","format":"standard","meta":{"footnotes":""},"categories":[4],"tags":[],"_links":{"self":[{"href":"https:\/\/arquivo.pedroleopoldo.mg.gov.br\/index.php?rest_route=\/wp\/v2\/posts\/25105"}],"collection":[{"href":"https:\/\/arquivo.pedroleopoldo.mg.gov.br\/index.php?rest_route=\/wp\/v2\/posts"}],"about":[{"href":"https:\/\/arquivo.pedroleopoldo.mg.gov.br\/index.php?rest_route=\/wp\/v2\/types\/post"}],"author":[{"embeddable":true,"href":"https:\/\/arquivo.pedroleopoldo.mg.gov.br\/index.php?rest_route=\/wp\/v2\/users\/1"}],"replies":[{"embeddable":true,"href":"https:\/\/arquivo.pedroleopoldo.mg.gov.br\/index.php?rest_route=%2Fwp%2Fv2%2Fcomments&post=25105"}],"version-history":[{"count":0,"href":"https:\/\/arquivo.pedroleopoldo.mg.gov.br\/index.php?rest_route=\/wp\/v2\/posts\/25105\/revisions"}],"wp:featuredmedia":[{"embeddable":true,"href":"https:\/\/arquivo.pedroleopoldo.mg.gov.br\/index.php?rest_route=\/wp\/v2\/media\/25106"}],"wp:attachment":[{"href":"https:\/\/arquivo.pedroleopoldo.mg.gov.br\/index.php?rest_route=%2Fwp%2Fv2%2Fmedia&parent=25105"}],"wp:term":[{"taxonomy":"category","embeddable":true,"href":"https:\/\/arquivo.pedroleopoldo.mg.gov.br\/index.php?rest_route=%2Fwp%2Fv2%2Fcategories&post=25105"},{"taxonomy":"post_tag","embeddable":true,"href":"https:\/\/arquivo.pedroleopoldo.mg.gov.br\/index.php?rest_route=%2Fwp%2Fv2%2Ftags&post=25105"}],"curies":[{"name":"wp","href":"https:\/\/api.w.org\/{rel}","templated":true}]}}