{"id":25102,"date":"2024-02-22T12:10:07","date_gmt":"2024-02-22T15:10:07","guid":{"rendered":"http:\/\/pedroleopoldo.mg.gov.br\/?p=25102"},"modified":"2024-02-22T12:10:10","modified_gmt":"2024-02-22T15:10:10","slug":"prefeitura-adquire-novos-carros-para-o-desenvolvimento-social","status":"publish","type":"post","link":"https:\/\/arquivo.pedroleopoldo.mg.gov.br\/?p=25102","title":{"rendered":"Prefeitura adquire novos carros para o Desenvolvimento Social"},"content":{"rendered":"\n<p><em>Os tr\u00eas novos carros s\u00e3o para o Conselho Tutelar e para o Cadastro \u00danico. Os ve\u00edculos foram adquiridos por meio de emenda parlamentar e recursos do Fundo Municipal de Assist\u00eancia<\/em><\/p>\n\n\n\n<p>A Prefeitura de Pedro Leopoldo, atrav\u00e9s da Secretaria Municipal de Desenvolvimento Social, adquiriu, por meio de recurso destinado e recurso espec\u00edfico do munic\u00edpio, 03 novos carros para atender os trabalhos do Conselho Tutelar e do Cadastro \u00danico.<\/p>\n\n\n\n<p>\u201cA expectativa \u00e9 que esses ve\u00edculos atendam as demandas de busca ativa, visitas da equipe do cadastro \u00fanico, acompanhamentos de casos, condicionalidades, oferecendo seguran\u00e7a aos servidores e melhorando o atendimento nos servi\u00e7os prestados \u00e0 popula\u00e7\u00e3o. Foram quase 12 anos de espera para que a Secretaria tivesse sua frota renovada, isso s\u00f3 refor\u00e7a o comprometimento da atual administra\u00e7\u00e3o com nossa cidade, melhorando as condi\u00e7\u00f5es de trabalho e o atendimento dos servi\u00e7os p\u00fablicos\u201d, comentou a Secret\u00e1ria de Desenvolvimento Social, Viviane Sena.<\/p>\n\n\n\n<p>Os ve\u00edculos, adquiridos por meio de emenda parlamentar do Deputado Estadual Z\u00e9 Guilherme e recursos do Fundo Municipal de Assist\u00eancia de Pedro Leopoldo, s\u00e3o uma Spin e dois ve\u00edculos Fiat Argo.<\/p>\n","protected":false},"excerpt":{"rendered":"<p>Os tr\u00eas novos carros s\u00e3o para o Conselho Tutelar e para o Cadastro \u00danico. Os ve\u00edculos foram adquiridos por meio de emenda parlamentar e recursos do Fundo Municipal de Assist\u00eancia A Prefeitura de Pedro Leopoldo, atrav\u00e9s da Secretaria Municipal de Desenvolvimento Social, adquiriu, por meio de recurso destinado e recurso espec\u00edfico do munic\u00edpio, 03 novos &hellip; <a href=\"https:\/\/arquivo.pedroleopoldo.mg.gov.br\/?p=25102\" class=\"more-link\">Continuar lendo <span class=\"screen-reader-text\">Prefeitura adquire novos carros para o Desenvolvimento Social<\/span><\/a><\/p>\n","protected":false},"author":1,"featured_media":25103,"comment_status":"closed","ping_status":"closed","sticky":false,"template":"","format":"standard","meta":{"footnotes":""},"categories":[4],"tags":[],"_links":{"self":[{"href":"https:\/\/arquivo.pedroleopoldo.mg.gov.br\/index.php?rest_route=\/wp\/v2\/posts\/25102"}],"collection":[{"href":"https:\/\/arquivo.pedroleopoldo.mg.gov.br\/index.php?rest_route=\/wp\/v2\/posts"}],"about":[{"href":"https:\/\/arquivo.pedroleopoldo.mg.gov.br\/index.php?rest_route=\/wp\/v2\/types\/post"}],"author":[{"embeddable":true,"href":"https:\/\/arquivo.pedroleopoldo.mg.gov.br\/index.php?rest_route=\/wp\/v2\/users\/1"}],"replies":[{"embeddable":true,"href":"https:\/\/arquivo.pedroleopoldo.mg.gov.br\/index.php?rest_route=%2Fwp%2Fv2%2Fcomments&post=25102"}],"version-history":[{"count":0,"href":"https:\/\/arquivo.pedroleopoldo.mg.gov.br\/index.php?rest_route=\/wp\/v2\/posts\/25102\/revisions"}],"wp:featuredmedia":[{"embeddable":true,"href":"https:\/\/arquivo.pedroleopoldo.mg.gov.br\/index.php?rest_route=\/wp\/v2\/media\/25103"}],"wp:attachment":[{"href":"https:\/\/arquivo.pedroleopoldo.mg.gov.br\/index.php?rest_route=%2Fwp%2Fv2%2Fmedia&parent=25102"}],"wp:term":[{"taxonomy":"category","embeddable":true,"href":"https:\/\/arquivo.pedroleopoldo.mg.gov.br\/index.php?rest_route=%2Fwp%2Fv2%2Fcategories&post=25102"},{"taxonomy":"post_tag","embeddable":true,"href":"https:\/\/arquivo.pedroleopoldo.mg.gov.br\/index.php?rest_route=%2Fwp%2Fv2%2Ftags&post=25102"}],"curies":[{"name":"wp","href":"https:\/\/api.w.org\/{rel}","templated":true}]}}