{"id":25099,"date":"2024-02-22T12:07:32","date_gmt":"2024-02-22T15:07:32","guid":{"rendered":"http:\/\/pedroleopoldo.mg.gov.br\/?p=25099"},"modified":"2024-02-22T12:07:36","modified_gmt":"2024-02-22T15:07:36","slug":"pl-na-guerra-contra-dengue-prefeitura-realiza-novos-mutiroes-abre-sala-de-hidratacao-contrata-mais-medicos-e-decreta-estado-de-emergencia","status":"publish","type":"post","link":"https:\/\/arquivo.pedroleopoldo.mg.gov.br\/?p=25099","title":{"rendered":"PL na Guerra contra Dengue: Prefeitura realiza novos mutir\u00f5es, abre sala de hidrata\u00e7\u00e3o, contrata mais m\u00e9dicos e decreta estado de emerg\u00eancia"},"content":{"rendered":"\n<p>Mais de 12 toneladas de focos do Aedes Aegypti recolhidas, mais de 1300 im\u00f3veis visitados em Fidalgo e Quinta do Sumidouro, 30 notifica\u00e7\u00f5es, cerca de 50 profissionais e volunt\u00e1rios envolvidos. Este foi o resultado de mais um mutir\u00e3o realizado pela Prefeitura de Pedro Leopoldo, por meio da Vigil\u00e2ncia em Sa\u00fade, que segue trabalhando em prol do combate \u00e0 Dengue. A a\u00e7\u00e3o aconteceu no s\u00e1bado, 17, e chocou os agentes pela quantidade de poss\u00edveis focos encontrados. \u201cNos surpreendemos com o n\u00famero de criadouros encontrados. Muitos em vasos com plantas, lonas pl\u00e1sticas, baldes, tambores e at\u00e9 em bebedouros de animais tinham larvas do mosquito. Infelizmente, se a popula\u00e7\u00e3o n\u00e3o colaborar e eliminar os focos, nossas a\u00e7\u00f5es n\u00e3o ser\u00e3o suficientes\u201d, lamentou a Coordenadora da Vigil\u00e2ncia, K\u00eania Castro.<\/p>\n\n\n\n<p>Al\u00e9m de identificar larvas em alguns locais, os profissionais ofereceram orienta\u00e7\u00f5es sobre a doen\u00e7a e cuidados preventivos. Um novo mutir\u00e3o est\u00e1 programado para este s\u00e1bado, dia 24, em Lagoa de Santo Ant\u00f4nio.<\/p>\n\n\n\n<p>Vale salientar que um mutir\u00e3o de vistoria em lotes vagos foi uma das prioridades da atual administra\u00e7\u00e3o nos \u00faltimos dias.&nbsp;O fumac\u00ea para o munic\u00edpio tamb\u00e9m j\u00e1 foi solicitado e o Pedro Leopoldo aguarda libera\u00e7\u00e3o do Governo do Estado para iniciar mais este trabalho de combate ao mosquito transmissor.<\/p>\n\n\n\n<p><strong>Estado de Emerg\u00eancia<\/strong><\/p>\n\n\n\n<p>Em decorr\u00eancia da alta incid\u00eancia de casos de Dengue e Chikungunya, acima do limite esperado, a Prefeitura de Pedro Leopoldo, assim como outros munic\u00edpios do Estado e da regi\u00e3o, decreta situa\u00e7\u00e3o de emerg\u00eancia em sa\u00fade p\u00fablica pelo per\u00edodo de 120 dias. O documento, assinado pela Prefeita Eloisa Helena, confere algumas flexibilidades na aquisi\u00e7\u00e3o de bens e insumos, assim como para contrata\u00e7\u00e3o de servi\u00e7os estritamente necess\u00e1rios ao atendimento da situa\u00e7\u00e3o emergencial a que se refere.<\/p>\n\n\n\n<p>Pedro Leopoldo, at\u00e9 o dia 16 de Fevereiro, tinha 1074 casos suspeitos de Dengue e 272 confirmados, al\u00e9m de 3 casos confirmados de Chikungunya.<\/p>\n\n\n\n<p><strong>Outras a\u00e7\u00f5es de combate<\/strong><\/p>\n\n\n\n<p>A Prefeitura de Pedro Leopoldo tem realizado in\u00fameras a\u00e7\u00f5es de combate \u00e0 Dengue no munic\u00edpio. Al\u00e9m das atividades de rotina da Secretaria Municipal da Sa\u00fade e Vigil\u00e2ncia (SMS), a Prefeitura vem realizando tamb\u00e9m a\u00e7\u00f5es de conscientiza\u00e7\u00e3o, preven\u00e7\u00e3o, mobiliza\u00e7\u00e3o e combate para a sazonalidade das arboviroses desde 2023.<\/p>\n\n\n\n<p>Destaque para as for\u00e7as tarefas de enfrentamento, mutir\u00f5es, salas de espera nas unidades de sa\u00fade, al\u00e9m da sensibiliza\u00e7\u00e3o da sociedade por meio do controle social e comit\u00ea de enfrentamento das arboviroses, entre outras a\u00e7\u00f5es de acordo com as fases e evolu\u00e7\u00e3o da doen\u00e7a. \u201cEm rela\u00e7\u00e3o \u00e0 assist\u00eancia, informamos que estamos atuando conforme preconizado pelo plano de conting\u00eancia de arboviroses do estado de Minas Gerais e do Minist\u00e9rio da Sa\u00fade, de acordo com as fases e progress\u00e3o do agravo em quest\u00e3o. Importante dizer tamb\u00e9m que as estrat\u00e9gias de assist\u00eancia e demais medidas de vigil\u00e2ncia est\u00e3o sendo avaliadas conforme cen\u00e1rio epid\u00eamico\u201d, disse a Secret\u00e1ria de Sa\u00fade, Michelli Moreno.<\/p>\n\n\n\n<p><strong>Organiza\u00e7\u00e3o da rede de aten\u00e7\u00e3o<\/strong><\/p>\n\n\n\n<ul>\n<li>Implanta\u00e7\u00e3o da hidrata\u00e7\u00e3o oral na sala de espera ap\u00f3s acolhimento e classifica\u00e7\u00e3o de risco no hospital\/PA, antes do atendimento m\u00e9dico;<\/li>\n\n\n\n<li>Capacita\u00e7\u00e3o dos profissionais da rede quanto ao manejo cl\u00ednico oportuno;<\/li>\n\n\n\n<li>Extens\u00e3o do hor\u00e1rio de atendimento do PA Lagoa no per\u00edodo do Carnaval;<\/li>\n\n\n\n<li>Incremento de mais um cl\u00ednico para suporte ao aumento de casos no Hospital Municipal.<\/li>\n<\/ul>\n","protected":false},"excerpt":{"rendered":"<p>Mais de 12 toneladas de focos do Aedes Aegypti recolhidas, mais de 1300 im\u00f3veis visitados em Fidalgo e Quinta do Sumidouro, 30 notifica\u00e7\u00f5es, cerca de 50 profissionais e volunt\u00e1rios envolvidos. Este foi o resultado de mais um mutir\u00e3o realizado pela Prefeitura de Pedro Leopoldo, por meio da Vigil\u00e2ncia em Sa\u00fade, que segue trabalhando em prol &hellip; <a href=\"https:\/\/arquivo.pedroleopoldo.mg.gov.br\/?p=25099\" class=\"more-link\">Continuar lendo <span class=\"screen-reader-text\">PL na Guerra contra Dengue: Prefeitura realiza novos mutir\u00f5es, abre sala de hidrata\u00e7\u00e3o, contrata mais m\u00e9dicos e decreta estado de emerg\u00eancia<\/span><\/a><\/p>\n","protected":false},"author":1,"featured_media":25100,"comment_status":"closed","ping_status":"closed","sticky":false,"template":"","format":"standard","meta":{"footnotes":""},"categories":[4],"tags":[],"_links":{"self":[{"href":"https:\/\/arquivo.pedroleopoldo.mg.gov.br\/index.php?rest_route=\/wp\/v2\/posts\/25099"}],"collection":[{"href":"https:\/\/arquivo.pedroleopoldo.mg.gov.br\/index.php?rest_route=\/wp\/v2\/posts"}],"about":[{"href":"https:\/\/arquivo.pedroleopoldo.mg.gov.br\/index.php?rest_route=\/wp\/v2\/types\/post"}],"author":[{"embeddable":true,"href":"https:\/\/arquivo.pedroleopoldo.mg.gov.br\/index.php?rest_route=\/wp\/v2\/users\/1"}],"replies":[{"embeddable":true,"href":"https:\/\/arquivo.pedroleopoldo.mg.gov.br\/index.php?rest_route=%2Fwp%2Fv2%2Fcomments&post=25099"}],"version-history":[{"count":0,"href":"https:\/\/arquivo.pedroleopoldo.mg.gov.br\/index.php?rest_route=\/wp\/v2\/posts\/25099\/revisions"}],"wp:featuredmedia":[{"embeddable":true,"href":"https:\/\/arquivo.pedroleopoldo.mg.gov.br\/index.php?rest_route=\/wp\/v2\/media\/25100"}],"wp:attachment":[{"href":"https:\/\/arquivo.pedroleopoldo.mg.gov.br\/index.php?rest_route=%2Fwp%2Fv2%2Fmedia&parent=25099"}],"wp:term":[{"taxonomy":"category","embeddable":true,"href":"https:\/\/arquivo.pedroleopoldo.mg.gov.br\/index.php?rest_route=%2Fwp%2Fv2%2Fcategories&post=25099"},{"taxonomy":"post_tag","embeddable":true,"href":"https:\/\/arquivo.pedroleopoldo.mg.gov.br\/index.php?rest_route=%2Fwp%2Fv2%2Ftags&post=25099"}],"curies":[{"name":"wp","href":"https:\/\/api.w.org\/{rel}","templated":true}]}}