{"id":25005,"date":"2024-02-08T14:04:03","date_gmt":"2024-02-08T17:04:03","guid":{"rendered":"http:\/\/pedroleopoldo.mg.gov.br\/?p=25005"},"modified":"2024-02-08T14:04:05","modified_gmt":"2024-02-08T17:04:05","slug":"programacao-do-carnaval-de-pedro-leopoldo-entusiasma-moradores","status":"publish","type":"post","link":"https:\/\/arquivo.pedroleopoldo.mg.gov.br\/?p=25005","title":{"rendered":"Programa\u00e7\u00e3o do Carnaval de Pedro Leopoldo entusiasma moradores"},"content":{"rendered":"\n<p><em>Prefeitura cria programa\u00e7\u00e3o que passa pelos quatro cantos do munic\u00edpio<\/em><\/p>\n\n\n\n<p>A Prefeitura de Pedro Leopoldo, al\u00e9m de realizar entregas na sa\u00fade, esportes, obras, seguran\u00e7a, desenvolvimento social e outras \u00e1reas relevantes, tamb\u00e9m est\u00e1 promovendo alegria e cultura para a popula\u00e7\u00e3o com uma programa\u00e7\u00e3o de carnaval preparada pela Secretaria de Cultura. A programa\u00e7\u00e3o de carnaval \u00e9 plural e gratuita, sendo promovida de forma descentralizada pela cidade, garantindo acesso para todos. Ser\u00e3o quatro dias de festa que acontecer\u00e3o no Centro, Vera Cruz e Fidalgo.<\/p>\n\n\n\n<p>A prefeita Eloisa Helena est\u00e1 empolgada com a programa\u00e7\u00e3o e afirma que este \u00e9 um momento para unir a popula\u00e7\u00e3o.&#8221;O Carnaval \u00e9 uma oportunidade para unir nossa comunidade em celebra\u00e7\u00e3o e divers\u00e3o. \u00c9 um momento de renovar la\u00e7os, compartilhar risadas e criar mem\u00f3rias duradouras\u201d, disse.<\/p>\n\n\n\n<p>Os moradores tamb\u00e9m est\u00e3o ansiosos para participar deste evento t\u00e3o esperado. &#8220;O Carnaval de Pedro Leopoldo est\u00e1 cada dia crescendo mais. Ano passado participei e foi incr\u00edvel! Estou ansioso para sair nas ruas novamente. Antes eu tinha o costume de ir festejar em Belo Horizonte, agora n\u00e3o fa\u00e7o isso mais, curto na minha cidade&#8221;, diz Carlos Silva, morador de PL h\u00e1 mais de 20 anos. &#8220;\u00c9 uma oportunidade para nos reconectarmos com amigos, celebrar nossa cultura local e simplesmente nos divertir\u201d, concluiu.<\/p>\n\n\n\n<p>Antes de mergulhar de cabe\u00e7a nas festividades, ainda h\u00e1 tempo para desfrutar de uma tradi\u00e7\u00e3o local e \u00fanica: o Boi da Manta. Na sexta-feira, 9 de fevereiro, das 19h \u00e0s 00h, os moradores se re\u00fanem para participar do tradicional enterro do boi. Esta cerim\u00f4nia simb\u00f3lica, onde o boi folcl\u00f3rico \u00e9 jogado no ribeir\u00e3o, marca o encerramento das festividades. \u00c9 importante ressaltar que, logo ap\u00f3s o evento, o boi \u00e9 retirado da \u00e1gua, sem causar danos ao meio ambiente.<\/p>\n\n\n\n<p>Com uma mistura de tradi\u00e7\u00e3o e inova\u00e7\u00e3o, o Carnaval de Pedro Leopoldo, uma realiza\u00e7\u00e3o da Prefeitura Municipal, promete oferecer uma experi\u00eancia memor\u00e1vel para todos os participantes.<\/p>\n\n\n\n<figure class=\"wp-block-gallery has-nested-images columns-default is-cropped wp-block-gallery-1 is-layout-flex wp-block-gallery-is-layout-flex\">\n<figure class=\"wp-block-image size-large\"><img decoding=\"async\" loading=\"lazy\" width=\"1024\" height=\"1002\" data-id=\"25015\" src=\"http:\/\/pedroleopoldo.mg.gov.br\/wp-content\/uploads\/2024\/02\/WhatsApp-Image-2024-02-07-at-17.48.24-1024x1002.jpeg\" alt=\"\" class=\"wp-image-25015\" srcset=\"https:\/\/arquivo.pedroleopoldo.mg.gov.br\/wp-content\/uploads\/2024\/02\/WhatsApp-Image-2024-02-07-at-17.48.24-1024x1002.jpeg 1024w, https:\/\/arquivo.pedroleopoldo.mg.gov.br\/wp-content\/uploads\/2024\/02\/WhatsApp-Image-2024-02-07-at-17.48.24-300x293.jpeg 300w, https:\/\/arquivo.pedroleopoldo.mg.gov.br\/wp-content\/uploads\/2024\/02\/WhatsApp-Image-2024-02-07-at-17.48.24-768x751.jpeg 768w, https:\/\/arquivo.pedroleopoldo.mg.gov.br\/wp-content\/uploads\/2024\/02\/WhatsApp-Image-2024-02-07-at-17.48.24.jpeg 1290w\" sizes=\"(max-width: 1024px) 100vw, 1024px\" \/><\/figure>\n\n\n\n<figure class=\"wp-block-image size-large\"><img decoding=\"async\" loading=\"lazy\" width=\"1024\" height=\"1003\" data-id=\"25014\" src=\"http:\/\/pedroleopoldo.mg.gov.br\/wp-content\/uploads\/2024\/02\/WhatsApp-Image-2024-02-07-at-17.48.26-1024x1003.jpeg\" alt=\"\" class=\"wp-image-25014\" srcset=\"https:\/\/arquivo.pedroleopoldo.mg.gov.br\/wp-content\/uploads\/2024\/02\/WhatsApp-Image-2024-02-07-at-17.48.26-1024x1003.jpeg 1024w, https:\/\/arquivo.pedroleopoldo.mg.gov.br\/wp-content\/uploads\/2024\/02\/WhatsApp-Image-2024-02-07-at-17.48.26-300x294.jpeg 300w, https:\/\/arquivo.pedroleopoldo.mg.gov.br\/wp-content\/uploads\/2024\/02\/WhatsApp-Image-2024-02-07-at-17.48.26-768x753.jpeg 768w, https:\/\/arquivo.pedroleopoldo.mg.gov.br\/wp-content\/uploads\/2024\/02\/WhatsApp-Image-2024-02-07-at-17.48.26.jpeg 1290w\" sizes=\"(max-width: 1024px) 100vw, 1024px\" \/><\/figure>\n\n\n\n<figure class=\"wp-block-image size-large\"><img decoding=\"async\" loading=\"lazy\" width=\"1024\" height=\"1007\" data-id=\"25013\" src=\"http:\/\/pedroleopoldo.mg.gov.br\/wp-content\/uploads\/2024\/02\/WhatsApp-Image-2024-02-07-at-17.48.26-1-1024x1007.jpeg\" alt=\"\" class=\"wp-image-25013\" srcset=\"https:\/\/arquivo.pedroleopoldo.mg.gov.br\/wp-content\/uploads\/2024\/02\/WhatsApp-Image-2024-02-07-at-17.48.26-1-1024x1007.jpeg 1024w, https:\/\/arquivo.pedroleopoldo.mg.gov.br\/wp-content\/uploads\/2024\/02\/WhatsApp-Image-2024-02-07-at-17.48.26-1-300x295.jpeg 300w, https:\/\/arquivo.pedroleopoldo.mg.gov.br\/wp-content\/uploads\/2024\/02\/WhatsApp-Image-2024-02-07-at-17.48.26-1-768x755.jpeg 768w, https:\/\/arquivo.pedroleopoldo.mg.gov.br\/wp-content\/uploads\/2024\/02\/WhatsApp-Image-2024-02-07-at-17.48.26-1.jpeg 1290w\" sizes=\"(max-width: 1024px) 100vw, 1024px\" \/><\/figure>\n\n\n\n<figure class=\"wp-block-image size-large\"><img decoding=\"async\" loading=\"lazy\" width=\"1024\" height=\"1014\" data-id=\"25016\" src=\"http:\/\/pedroleopoldo.mg.gov.br\/wp-content\/uploads\/2024\/02\/WhatsApp-Image-2024-02-07-at-17.48.27-1024x1014.jpeg\" alt=\"\" class=\"wp-image-25016\" srcset=\"https:\/\/arquivo.pedroleopoldo.mg.gov.br\/wp-content\/uploads\/2024\/02\/WhatsApp-Image-2024-02-07-at-17.48.27-1024x1014.jpeg 1024w, https:\/\/arquivo.pedroleopoldo.mg.gov.br\/wp-content\/uploads\/2024\/02\/WhatsApp-Image-2024-02-07-at-17.48.27-300x297.jpeg 300w, https:\/\/arquivo.pedroleopoldo.mg.gov.br\/wp-content\/uploads\/2024\/02\/WhatsApp-Image-2024-02-07-at-17.48.27-150x150.jpeg 150w, https:\/\/arquivo.pedroleopoldo.mg.gov.br\/wp-content\/uploads\/2024\/02\/WhatsApp-Image-2024-02-07-at-17.48.27-768x761.jpeg 768w, https:\/\/arquivo.pedroleopoldo.mg.gov.br\/wp-content\/uploads\/2024\/02\/WhatsApp-Image-2024-02-07-at-17.48.27.jpeg 1290w\" sizes=\"(max-width: 1024px) 100vw, 1024px\" \/><\/figure>\n\n\n\n<figure class=\"wp-block-image size-large\"><img decoding=\"async\" loading=\"lazy\" width=\"1024\" height=\"1019\" data-id=\"25012\" src=\"http:\/\/pedroleopoldo.mg.gov.br\/wp-content\/uploads\/2024\/02\/WhatsApp-Image-2024-02-07-at-17.48.29-1024x1019.jpeg\" alt=\"\" class=\"wp-image-25012\" srcset=\"https:\/\/arquivo.pedroleopoldo.mg.gov.br\/wp-content\/uploads\/2024\/02\/WhatsApp-Image-2024-02-07-at-17.48.29-1024x1019.jpeg 1024w, https:\/\/arquivo.pedroleopoldo.mg.gov.br\/wp-content\/uploads\/2024\/02\/WhatsApp-Image-2024-02-07-at-17.48.29-300x300.jpeg 300w, https:\/\/arquivo.pedroleopoldo.mg.gov.br\/wp-content\/uploads\/2024\/02\/WhatsApp-Image-2024-02-07-at-17.48.29-150x150.jpeg 150w, https:\/\/arquivo.pedroleopoldo.mg.gov.br\/wp-content\/uploads\/2024\/02\/WhatsApp-Image-2024-02-07-at-17.48.29-768x764.jpeg 768w, https:\/\/arquivo.pedroleopoldo.mg.gov.br\/wp-content\/uploads\/2024\/02\/WhatsApp-Image-2024-02-07-at-17.48.29.jpeg 1290w\" sizes=\"(max-width: 1024px) 100vw, 1024px\" \/><\/figure>\n<\/figure>\n","protected":false},"excerpt":{"rendered":"<p>Prefeitura cria programa\u00e7\u00e3o que passa pelos quatro cantos do munic\u00edpio A Prefeitura de Pedro Leopoldo, al\u00e9m de realizar entregas na sa\u00fade, esportes, obras, seguran\u00e7a, desenvolvimento social e outras \u00e1reas relevantes, tamb\u00e9m est\u00e1 promovendo alegria e cultura para a popula\u00e7\u00e3o com uma programa\u00e7\u00e3o de carnaval preparada pela Secretaria de Cultura. A programa\u00e7\u00e3o de carnaval \u00e9 plural &hellip; <a href=\"https:\/\/arquivo.pedroleopoldo.mg.gov.br\/?p=25005\" class=\"more-link\">Continuar lendo <span class=\"screen-reader-text\">Programa\u00e7\u00e3o do Carnaval de Pedro Leopoldo entusiasma moradores<\/span><\/a><\/p>\n","protected":false},"author":1,"featured_media":25018,"comment_status":"closed","ping_status":"closed","sticky":false,"template":"","format":"standard","meta":{"footnotes":""},"categories":[4],"tags":[],"_links":{"self":[{"href":"https:\/\/arquivo.pedroleopoldo.mg.gov.br\/index.php?rest_route=\/wp\/v2\/posts\/25005"}],"collection":[{"href":"https:\/\/arquivo.pedroleopoldo.mg.gov.br\/index.php?rest_route=\/wp\/v2\/posts"}],"about":[{"href":"https:\/\/arquivo.pedroleopoldo.mg.gov.br\/index.php?rest_route=\/wp\/v2\/types\/post"}],"author":[{"embeddable":true,"href":"https:\/\/arquivo.pedroleopoldo.mg.gov.br\/index.php?rest_route=\/wp\/v2\/users\/1"}],"replies":[{"embeddable":true,"href":"https:\/\/arquivo.pedroleopoldo.mg.gov.br\/index.php?rest_route=%2Fwp%2Fv2%2Fcomments&post=25005"}],"version-history":[{"count":0,"href":"https:\/\/arquivo.pedroleopoldo.mg.gov.br\/index.php?rest_route=\/wp\/v2\/posts\/25005\/revisions"}],"wp:featuredmedia":[{"embeddable":true,"href":"https:\/\/arquivo.pedroleopoldo.mg.gov.br\/index.php?rest_route=\/wp\/v2\/media\/25018"}],"wp:attachment":[{"href":"https:\/\/arquivo.pedroleopoldo.mg.gov.br\/index.php?rest_route=%2Fwp%2Fv2%2Fmedia&parent=25005"}],"wp:term":[{"taxonomy":"category","embeddable":true,"href":"https:\/\/arquivo.pedroleopoldo.mg.gov.br\/index.php?rest_route=%2Fwp%2Fv2%2Fcategories&post=25005"},{"taxonomy":"post_tag","embeddable":true,"href":"https:\/\/arquivo.pedroleopoldo.mg.gov.br\/index.php?rest_route=%2Fwp%2Fv2%2Ftags&post=25005"}],"curies":[{"name":"wp","href":"https:\/\/api.w.org\/{rel}","templated":true}]}}