{"id":25004,"date":"2024-02-08T14:04:16","date_gmt":"2024-02-08T17:04:16","guid":{"rendered":"http:\/\/pedroleopoldo.mg.gov.br\/?p=25004"},"modified":"2024-02-08T14:04:18","modified_gmt":"2024-02-08T17:04:18","slug":"prefeitura-inicia-as-obras-no-esf-santo-antonio-da-barra-e-no-ceppel","status":"publish","type":"post","link":"https:\/\/arquivo.pedroleopoldo.mg.gov.br\/?p=25004","title":{"rendered":"Prefeitura inicia as obras no ESF Santo Ant\u00f4nio da Barra e no CEPPEL"},"content":{"rendered":"\n<p><em>Este investimento trar\u00e1 diversos benef\u00edcios para diferentes camadas da sociedade<\/em><\/p>\n\n\n\n<p>Na \u00faltima semana a Prefeitura de Pedro Leopoldo deu in\u00edcio \u00e0s obras do ESF Santo Ant\u00f4nio da Barra e do CEPPEL, trazendo uma s\u00e9rie de benef\u00edcios para a popula\u00e7\u00e3o local. Ser\u00e3o v\u00e1rias e intensas melhorias no local em uma grande revitaliza\u00e7\u00e3o esperada h\u00e1 anos pelos moradores. Com a implementa\u00e7\u00e3o de um novo centro esportivo e a revitaliza\u00e7\u00e3o completa do espa\u00e7o de sa\u00fade, a administra\u00e7\u00e3o municipal est\u00e1 promovendo o incentivo ao esporte e garantindo um atendimento de qualidade aos moradores que dependem do ESF.<\/p>\n\n\n\n<p>Thelma Nascimento, servidora do ESF e moradora do bairro, expressou sua gratid\u00e3o e felicidade com o in\u00edcio das obras na Unidade de Sa\u00fade de Santo Ant\u00f4nio da Barra. \u201cN\u00f3s est\u00e1vamos sonhando tanto com essa reforma e agora pudemos presenciar esse momento em que saiu do papel. Eu, como funcion\u00e1ria do ESF e moradora do Santo Ant\u00f4nio da Barra, estou muito feliz. Vai ser um ganho muito grande para todos n\u00f3s. Ser\u00e1 bom para n\u00f3s funcion\u00e1rios e para os pacientes, todo mundo vai ficar feliz\u201d, afirmou.<\/p>\n\n\n\n<p>A prefeita Eloisa Helena falou sobre a import\u00e2ncia desses investimentos. \u201cEssas obras representam n\u00e3o apenas uma melhoria f\u00edsica nas instala\u00e7\u00f5es, mas tamb\u00e9m um compromisso com o bem-estar e a sa\u00fade da comunidade. O novo centro esportivo servir\u00e1 como um espa\u00e7o vital para a pr\u00e1tica de atividades f\u00edsicas, promovendo um estilo de vida ativo e saud\u00e1vel entre os moradores. Al\u00e9m disso, a revitaliza\u00e7\u00e3o do espa\u00e7o de sa\u00fade garantir\u00e1 uma infraestrutura moderna e eficiente para a presta\u00e7\u00e3o de servi\u00e7os m\u00e9dicos essenciais\u201d, disse.<\/p>\n\n\n\n<p>Outras unidades de sa\u00fade est\u00e3o recebendo melhorias, assim como escolas e outros pr\u00e9dios p\u00fabicos, al\u00e9m de revitaliza\u00e7\u00e3o nas estradas e vias da cidade. A atual gest\u00e3o demonstra um compromisso firme em melhorar a qualidade de vida dos pedroleopoldenses em todos os aspectos. Desde a promo\u00e7\u00e3o da sa\u00fade e do bem-estar, at\u00e9 o incentivo ao desenvolvimento comunit\u00e1rio, a Prefeitura de Pedro Leopoldo est\u00e1 trabalhando incansavelmente para criar um ambiente prop\u00edcio ao crescimento e ao progresso do munic\u00edpio.<\/p>\n\n\n\n<figure class=\"wp-block-gallery has-nested-images columns-default is-cropped wp-block-gallery-1 is-layout-flex wp-block-gallery-is-layout-flex\">\n<figure class=\"wp-block-image size-large\"><img decoding=\"async\" loading=\"lazy\" width=\"1024\" height=\"768\" data-id=\"25008\" src=\"http:\/\/pedroleopoldo.mg.gov.br\/wp-content\/uploads\/2024\/02\/WhatsApp-Image-2024-02-07-at-17.40.59-1024x768.jpeg\" alt=\"\" class=\"wp-image-25008\" srcset=\"https:\/\/arquivo.pedroleopoldo.mg.gov.br\/wp-content\/uploads\/2024\/02\/WhatsApp-Image-2024-02-07-at-17.40.59-1024x768.jpeg 1024w, https:\/\/arquivo.pedroleopoldo.mg.gov.br\/wp-content\/uploads\/2024\/02\/WhatsApp-Image-2024-02-07-at-17.40.59-300x225.jpeg 300w, https:\/\/arquivo.pedroleopoldo.mg.gov.br\/wp-content\/uploads\/2024\/02\/WhatsApp-Image-2024-02-07-at-17.40.59-768x576.jpeg 768w, https:\/\/arquivo.pedroleopoldo.mg.gov.br\/wp-content\/uploads\/2024\/02\/WhatsApp-Image-2024-02-07-at-17.40.59-1536x1152.jpeg 1536w, https:\/\/arquivo.pedroleopoldo.mg.gov.br\/wp-content\/uploads\/2024\/02\/WhatsApp-Image-2024-02-07-at-17.40.59-2048x1536.jpeg 2048w\" sizes=\"(max-width: 1024px) 100vw, 1024px\" \/><\/figure>\n\n\n\n<figure class=\"wp-block-image size-large\"><img decoding=\"async\" loading=\"lazy\" width=\"1024\" height=\"768\" data-id=\"25006\" src=\"http:\/\/pedroleopoldo.mg.gov.br\/wp-content\/uploads\/2024\/02\/WhatsApp-Image-2024-02-07-at-17.41.00-1024x768.jpeg\" alt=\"\" class=\"wp-image-25006\" srcset=\"https:\/\/arquivo.pedroleopoldo.mg.gov.br\/wp-content\/uploads\/2024\/02\/WhatsApp-Image-2024-02-07-at-17.41.00-1024x768.jpeg 1024w, https:\/\/arquivo.pedroleopoldo.mg.gov.br\/wp-content\/uploads\/2024\/02\/WhatsApp-Image-2024-02-07-at-17.41.00-300x225.jpeg 300w, https:\/\/arquivo.pedroleopoldo.mg.gov.br\/wp-content\/uploads\/2024\/02\/WhatsApp-Image-2024-02-07-at-17.41.00-768x576.jpeg 768w, https:\/\/arquivo.pedroleopoldo.mg.gov.br\/wp-content\/uploads\/2024\/02\/WhatsApp-Image-2024-02-07-at-17.41.00-1536x1152.jpeg 1536w, https:\/\/arquivo.pedroleopoldo.mg.gov.br\/wp-content\/uploads\/2024\/02\/WhatsApp-Image-2024-02-07-at-17.41.00-2048x1536.jpeg 2048w\" sizes=\"(max-width: 1024px) 100vw, 1024px\" \/><\/figure>\n\n\n\n<figure class=\"wp-block-image size-large\"><img decoding=\"async\" loading=\"lazy\" width=\"1024\" height=\"768\" data-id=\"25007\" src=\"http:\/\/pedroleopoldo.mg.gov.br\/wp-content\/uploads\/2024\/02\/WhatsApp-Image-2024-02-07-at-17.41.03-1-1024x768.jpeg\" alt=\"\" class=\"wp-image-25007\" srcset=\"https:\/\/arquivo.pedroleopoldo.mg.gov.br\/wp-content\/uploads\/2024\/02\/WhatsApp-Image-2024-02-07-at-17.41.03-1-1024x768.jpeg 1024w, https:\/\/arquivo.pedroleopoldo.mg.gov.br\/wp-content\/uploads\/2024\/02\/WhatsApp-Image-2024-02-07-at-17.41.03-1-300x225.jpeg 300w, https:\/\/arquivo.pedroleopoldo.mg.gov.br\/wp-content\/uploads\/2024\/02\/WhatsApp-Image-2024-02-07-at-17.41.03-1-768x576.jpeg 768w, https:\/\/arquivo.pedroleopoldo.mg.gov.br\/wp-content\/uploads\/2024\/02\/WhatsApp-Image-2024-02-07-at-17.41.03-1-1536x1152.jpeg 1536w, https:\/\/arquivo.pedroleopoldo.mg.gov.br\/wp-content\/uploads\/2024\/02\/WhatsApp-Image-2024-02-07-at-17.41.03-1-2048x1536.jpeg 2048w\" sizes=\"(max-width: 1024px) 100vw, 1024px\" \/><\/figure>\n\n\n\n<figure class=\"wp-block-image size-large\"><img decoding=\"async\" loading=\"lazy\" width=\"1024\" height=\"768\" data-id=\"25010\" src=\"http:\/\/pedroleopoldo.mg.gov.br\/wp-content\/uploads\/2024\/02\/WhatsApp-Image-2024-02-07-at-17.41.03-2-1024x768.jpeg\" alt=\"\" class=\"wp-image-25010\" srcset=\"https:\/\/arquivo.pedroleopoldo.mg.gov.br\/wp-content\/uploads\/2024\/02\/WhatsApp-Image-2024-02-07-at-17.41.03-2-1024x768.jpeg 1024w, https:\/\/arquivo.pedroleopoldo.mg.gov.br\/wp-content\/uploads\/2024\/02\/WhatsApp-Image-2024-02-07-at-17.41.03-2-300x225.jpeg 300w, https:\/\/arquivo.pedroleopoldo.mg.gov.br\/wp-content\/uploads\/2024\/02\/WhatsApp-Image-2024-02-07-at-17.41.03-2-768x576.jpeg 768w, https:\/\/arquivo.pedroleopoldo.mg.gov.br\/wp-content\/uploads\/2024\/02\/WhatsApp-Image-2024-02-07-at-17.41.03-2-1536x1152.jpeg 1536w, https:\/\/arquivo.pedroleopoldo.mg.gov.br\/wp-content\/uploads\/2024\/02\/WhatsApp-Image-2024-02-07-at-17.41.03-2-2048x1536.jpeg 2048w\" sizes=\"(max-width: 1024px) 100vw, 1024px\" \/><\/figure>\n\n\n\n<figure class=\"wp-block-image size-large\"><img decoding=\"async\" loading=\"lazy\" width=\"1024\" height=\"768\" data-id=\"25011\" src=\"http:\/\/pedroleopoldo.mg.gov.br\/wp-content\/uploads\/2024\/02\/WhatsApp-Image-2024-02-07-at-17.41.02-1024x768.jpeg\" alt=\"\" class=\"wp-image-25011\" srcset=\"https:\/\/arquivo.pedroleopoldo.mg.gov.br\/wp-content\/uploads\/2024\/02\/WhatsApp-Image-2024-02-07-at-17.41.02-1024x768.jpeg 1024w, https:\/\/arquivo.pedroleopoldo.mg.gov.br\/wp-content\/uploads\/2024\/02\/WhatsApp-Image-2024-02-07-at-17.41.02-300x225.jpeg 300w, https:\/\/arquivo.pedroleopoldo.mg.gov.br\/wp-content\/uploads\/2024\/02\/WhatsApp-Image-2024-02-07-at-17.41.02-768x576.jpeg 768w, https:\/\/arquivo.pedroleopoldo.mg.gov.br\/wp-content\/uploads\/2024\/02\/WhatsApp-Image-2024-02-07-at-17.41.02-1536x1152.jpeg 1536w, https:\/\/arquivo.pedroleopoldo.mg.gov.br\/wp-content\/uploads\/2024\/02\/WhatsApp-Image-2024-02-07-at-17.41.02-2048x1536.jpeg 2048w\" sizes=\"(max-width: 1024px) 100vw, 1024px\" \/><\/figure>\n\n\n\n<figure class=\"wp-block-image size-large\"><img decoding=\"async\" loading=\"lazy\" width=\"1024\" height=\"768\" data-id=\"25009\" src=\"http:\/\/pedroleopoldo.mg.gov.br\/wp-content\/uploads\/2024\/02\/WhatsApp-Image-2024-02-07-at-17.41.05-1024x768.jpeg\" alt=\"\" class=\"wp-image-25009\" srcset=\"https:\/\/arquivo.pedroleopoldo.mg.gov.br\/wp-content\/uploads\/2024\/02\/WhatsApp-Image-2024-02-07-at-17.41.05-1024x768.jpeg 1024w, https:\/\/arquivo.pedroleopoldo.mg.gov.br\/wp-content\/uploads\/2024\/02\/WhatsApp-Image-2024-02-07-at-17.41.05-300x225.jpeg 300w, https:\/\/arquivo.pedroleopoldo.mg.gov.br\/wp-content\/uploads\/2024\/02\/WhatsApp-Image-2024-02-07-at-17.41.05-768x576.jpeg 768w, https:\/\/arquivo.pedroleopoldo.mg.gov.br\/wp-content\/uploads\/2024\/02\/WhatsApp-Image-2024-02-07-at-17.41.05-1536x1152.jpeg 1536w, https:\/\/arquivo.pedroleopoldo.mg.gov.br\/wp-content\/uploads\/2024\/02\/WhatsApp-Image-2024-02-07-at-17.41.05-2048x1536.jpeg 2048w\" sizes=\"(max-width: 1024px) 100vw, 1024px\" \/><\/figure>\n<\/figure>\n","protected":false},"excerpt":{"rendered":"<p>Este investimento trar\u00e1 diversos benef\u00edcios para diferentes camadas da sociedade Na \u00faltima semana a Prefeitura de Pedro Leopoldo deu in\u00edcio \u00e0s obras do ESF Santo Ant\u00f4nio da Barra e do CEPPEL, trazendo uma s\u00e9rie de benef\u00edcios para a popula\u00e7\u00e3o local. Ser\u00e3o v\u00e1rias e intensas melhorias no local em uma grande revitaliza\u00e7\u00e3o esperada h\u00e1 anos pelos &hellip; <a href=\"https:\/\/arquivo.pedroleopoldo.mg.gov.br\/?p=25004\" class=\"more-link\">Continuar lendo <span class=\"screen-reader-text\">Prefeitura inicia as obras no ESF Santo Ant\u00f4nio da Barra e no CEPPEL<\/span><\/a><\/p>\n","protected":false},"author":1,"featured_media":25010,"comment_status":"closed","ping_status":"closed","sticky":false,"template":"","format":"standard","meta":{"footnotes":""},"categories":[4],"tags":[],"_links":{"self":[{"href":"https:\/\/arquivo.pedroleopoldo.mg.gov.br\/index.php?rest_route=\/wp\/v2\/posts\/25004"}],"collection":[{"href":"https:\/\/arquivo.pedroleopoldo.mg.gov.br\/index.php?rest_route=\/wp\/v2\/posts"}],"about":[{"href":"https:\/\/arquivo.pedroleopoldo.mg.gov.br\/index.php?rest_route=\/wp\/v2\/types\/post"}],"author":[{"embeddable":true,"href":"https:\/\/arquivo.pedroleopoldo.mg.gov.br\/index.php?rest_route=\/wp\/v2\/users\/1"}],"replies":[{"embeddable":true,"href":"https:\/\/arquivo.pedroleopoldo.mg.gov.br\/index.php?rest_route=%2Fwp%2Fv2%2Fcomments&post=25004"}],"version-history":[{"count":0,"href":"https:\/\/arquivo.pedroleopoldo.mg.gov.br\/index.php?rest_route=\/wp\/v2\/posts\/25004\/revisions"}],"wp:featuredmedia":[{"embeddable":true,"href":"https:\/\/arquivo.pedroleopoldo.mg.gov.br\/index.php?rest_route=\/wp\/v2\/media\/25010"}],"wp:attachment":[{"href":"https:\/\/arquivo.pedroleopoldo.mg.gov.br\/index.php?rest_route=%2Fwp%2Fv2%2Fmedia&parent=25004"}],"wp:term":[{"taxonomy":"category","embeddable":true,"href":"https:\/\/arquivo.pedroleopoldo.mg.gov.br\/index.php?rest_route=%2Fwp%2Fv2%2Fcategories&post=25004"},{"taxonomy":"post_tag","embeddable":true,"href":"https:\/\/arquivo.pedroleopoldo.mg.gov.br\/index.php?rest_route=%2Fwp%2Fv2%2Ftags&post=25004"}],"curies":[{"name":"wp","href":"https:\/\/api.w.org\/{rel}","templated":true}]}}