{"id":24997,"date":"2024-02-08T14:04:40","date_gmt":"2024-02-08T17:04:40","guid":{"rendered":"http:\/\/pedroleopoldo.mg.gov.br\/?p=24997"},"modified":"2024-02-08T14:04:42","modified_gmt":"2024-02-08T17:04:42","slug":"prefeitura-atua-rigorosamente-no-combate-a-dengue-em-pedro-leopoldo","status":"publish","type":"post","link":"https:\/\/arquivo.pedroleopoldo.mg.gov.br\/?p=24997","title":{"rendered":"Prefeitura atua rigorosamente no combate \u00e0 dengue em Pedro Leopoldo"},"content":{"rendered":"\n<p><em>Entre as v\u00e1rias a\u00e7\u00f5es que est\u00e3o sendo realizadas, um mutir\u00e3o de vistoria em lotes vagos foi uma das prioridades da atual administra\u00e7\u00e3o nos \u00faltimos dias. O fumac\u00ea para o munic\u00edpio tamb\u00e9m j\u00e1 foi solicitado e o Munic\u00edpio aguarda libera\u00e7\u00e3o do Governo do Estado para iniciar mais este trabalho de combate ao mosquito transmissor<\/em><\/p>\n\n\n\n<p>A dengue e outras doen\u00e7as causadas pelo mosquito Aedes Aegypti t\u00eam tido uma crescente consider\u00e1vel em todo o Brasil. Isso se d\u00e1 em raz\u00e3o da \u00e9poca do ano que mistura calor e chuva, o que facilita a prolifera\u00e7\u00e3o do mosquito em \u00e1gua parada. Para o combate \u00e0s doen\u00e7as causadoras \u00e9 preciso uma for\u00e7a tarefa entre poder p\u00fablico e popula\u00e7\u00e3o.<\/p>\n\n\n\n<p>A Prefeitura de Pedro Leopoldo, por meio da Secretaria Municipal de Sa\u00fade e Vigil\u00e2ncia em Sa\u00fade, tem atuado em diversas frentes e de forma ampla para evitar o aumento do n\u00famero de casos. Recentemente, com o apoio tamb\u00e9m das secretarias de Meio Ambiente, Planejamento Urbano e da Defesa Civil, foi realizado um mutir\u00e3o de vistorias de den\u00fancias contra a Dengue em lotes e im\u00f3veis particulares, ainda sendo estes, locais privados cuja limpeza \u00e9 de responsabilidade dos propriet\u00e1rios. A a\u00e7\u00e3o contou com trabalhos de orienta\u00e7\u00e3o, notifica\u00e7\u00e3o e remo\u00e7\u00e3o dos criadouros do mosquito Aedes Aegypti, abrangendo todo o per\u00edmetro urbano do munic\u00edpio.<\/p>\n\n\n\n<p>Segundo n\u00fameros do relat\u00f3rio produzido, 40 locais, entre lotes e im\u00f3veis particulares, foram fiscalizados. Dentre estes, 26 foram notificados e encaminhados para o Planejamento Urbano, 05 foram notificados a abrir im\u00f3vel fechado para a vistoria, 01 foi notificado a solucionar o problema de forma imediata, 02 a den\u00fancia n\u00e3o procedia, 01 foi encaminhado para a Secretaria de Obras e 05 n\u00e3o foram localizados. As vistorias, portanto, continuam acontecendo e a partir de agora est\u00e3o sendo acompanhadas de drone, operado por equipes da Defesa Civil, para a checagem em propriedades particulares de dif\u00edcil acesso.<\/p>\n\n\n\n<p>O Fumac\u00ea j\u00e1 foi solicitado h\u00e1 algum tempo pela Secretaria de Sa\u00fade de Pedro Leopoldo ao Estado e, desde ent\u00e3o, o munic\u00edpio aguarda a libera\u00e7\u00e3o do Governo de Minas para proceder imediatamente com mais esta a\u00e7\u00e3o de combate. Bem como outros trabalhos que v\u00eam sendo realizados pela Prefeitura, como a\u00e7\u00f5es de promo\u00e7\u00e3o \u00e0 sa\u00fade em locais p\u00fablicos, pactua\u00e7\u00e3o e destina\u00e7\u00e3o de pneus e outros criadouros do mosquito, a\u00e7\u00f5es educativas e palestras em pra\u00e7as p\u00fablicas, escolas e eventos culturais, participa\u00e7\u00e3o em r\u00e1dios locais, conscientiza\u00e7\u00e3o nas redes sociais do Executivo com publica\u00e7\u00f5es e transmiss\u00f5es ao vivo abordando o tema, mutir\u00f5es de limpeza, blitz educativa, participa\u00e7\u00f5es em semin\u00e1rios, contrata\u00e7\u00e3o de novos ACE\u00b4s, capacita\u00e7\u00f5es e muito mais.<\/p>\n\n\n\n<p><strong>CONTATOS PARA DEN\u00daNCIAS<\/strong><\/p>\n\n\n\n<p>A Prefeitura disp\u00f5e de canais de comunica\u00e7\u00e3o para den\u00fancias em lotes vagos, recolhimento de entulho e um canal destinado para a Dengue. Todas as den\u00fancias s\u00e3o feitas de forma an\u00f4nima preservando a identidade do cidad\u00e3o.<\/p>\n\n\n\n<p>Para realizar den\u00fancias sobre a Dengue, entre em contato pelo WhatsApp: 98814-6540. Para o recolhimento de entulhos entre em contato pelo telefone 3665- 2511. Para o disque den\u00fancia de entulho irregular, ligue no 3660-5106. O contato tamb\u00e9m pode ser feito pelo e-mail:\u00a0<a rel=\"noreferrer noopener\" href=\"mailto:planejamento@pedroleopoldo.mg.gov.br\" target=\"_blank\">planejamento@pedroleopoldo.mg.gov.br<\/a>. Segundo a Secretaria de Planejamento Urbano, o servi\u00e7o de loca\u00e7\u00e3o de ca\u00e7amba \u00e9 particular.<\/p>\n\n\n\n<figure class=\"wp-block-gallery has-nested-images columns-default is-cropped wp-block-gallery-1 is-layout-flex wp-block-gallery-is-layout-flex\">\n<figure class=\"wp-block-image size-large\"><img decoding=\"async\" loading=\"lazy\" width=\"768\" height=\"1024\" data-id=\"24998\" src=\"http:\/\/pedroleopoldo.mg.gov.br\/wp-content\/uploads\/2024\/02\/19-Mutirao-de-Recolhimento-de-inserviveis-01.04.2023-768x1024.jpeg\" alt=\"\" class=\"wp-image-24998\" srcset=\"https:\/\/arquivo.pedroleopoldo.mg.gov.br\/wp-content\/uploads\/2024\/02\/19-Mutirao-de-Recolhimento-de-inserviveis-01.04.2023-768x1024.jpeg 768w, https:\/\/arquivo.pedroleopoldo.mg.gov.br\/wp-content\/uploads\/2024\/02\/19-Mutirao-de-Recolhimento-de-inserviveis-01.04.2023-225x300.jpeg 225w, https:\/\/arquivo.pedroleopoldo.mg.gov.br\/wp-content\/uploads\/2024\/02\/19-Mutirao-de-Recolhimento-de-inserviveis-01.04.2023.jpeg 774w\" sizes=\"(max-width: 768px) 100vw, 768px\" \/><\/figure>\n\n\n\n<figure class=\"wp-block-image size-large\"><img decoding=\"async\" loading=\"lazy\" width=\"1024\" height=\"768\" data-id=\"24999\" src=\"http:\/\/pedroleopoldo.mg.gov.br\/wp-content\/uploads\/2024\/02\/19-Acao-Dengue-Dia-D-01.04.2023-foto-2-1024x768.jpeg\" alt=\"\" class=\"wp-image-24999\" srcset=\"https:\/\/arquivo.pedroleopoldo.mg.gov.br\/wp-content\/uploads\/2024\/02\/19-Acao-Dengue-Dia-D-01.04.2023-foto-2-1024x768.jpeg 1024w, https:\/\/arquivo.pedroleopoldo.mg.gov.br\/wp-content\/uploads\/2024\/02\/19-Acao-Dengue-Dia-D-01.04.2023-foto-2-300x225.jpeg 300w, https:\/\/arquivo.pedroleopoldo.mg.gov.br\/wp-content\/uploads\/2024\/02\/19-Acao-Dengue-Dia-D-01.04.2023-foto-2-768x576.jpeg 768w, https:\/\/arquivo.pedroleopoldo.mg.gov.br\/wp-content\/uploads\/2024\/02\/19-Acao-Dengue-Dia-D-01.04.2023-foto-2-1536x1152.jpeg 1536w, https:\/\/arquivo.pedroleopoldo.mg.gov.br\/wp-content\/uploads\/2024\/02\/19-Acao-Dengue-Dia-D-01.04.2023-foto-2.jpeg 1600w\" sizes=\"(max-width: 1024px) 100vw, 1024px\" \/><\/figure>\n\n\n\n<figure class=\"wp-block-image size-large\"><img decoding=\"async\" loading=\"lazy\" width=\"1024\" height=\"768\" data-id=\"25003\" src=\"http:\/\/pedroleopoldo.mg.gov.br\/wp-content\/uploads\/2024\/02\/WhatsApp-Image-2024-02-07-at-16.49.35-1024x768.jpeg\" alt=\"\" class=\"wp-image-25003\" srcset=\"https:\/\/arquivo.pedroleopoldo.mg.gov.br\/wp-content\/uploads\/2024\/02\/WhatsApp-Image-2024-02-07-at-16.49.35-1024x768.jpeg 1024w, https:\/\/arquivo.pedroleopoldo.mg.gov.br\/wp-content\/uploads\/2024\/02\/WhatsApp-Image-2024-02-07-at-16.49.35-300x225.jpeg 300w, https:\/\/arquivo.pedroleopoldo.mg.gov.br\/wp-content\/uploads\/2024\/02\/WhatsApp-Image-2024-02-07-at-16.49.35-768x576.jpeg 768w, https:\/\/arquivo.pedroleopoldo.mg.gov.br\/wp-content\/uploads\/2024\/02\/WhatsApp-Image-2024-02-07-at-16.49.35-1536x1152.jpeg 1536w, https:\/\/arquivo.pedroleopoldo.mg.gov.br\/wp-content\/uploads\/2024\/02\/WhatsApp-Image-2024-02-07-at-16.49.35-2048x1536.jpeg 2048w\" sizes=\"(max-width: 1024px) 100vw, 1024px\" \/><\/figure>\n\n\n\n<figure class=\"wp-block-image size-large\"><img decoding=\"async\" loading=\"lazy\" width=\"1024\" height=\"768\" data-id=\"25002\" src=\"http:\/\/pedroleopoldo.mg.gov.br\/wp-content\/uploads\/2024\/02\/24-Palestra-Arboviroses-E.M.-Dr.-Avary-de-Campos-20.04.2023-1024x768.jpg\" alt=\"\" class=\"wp-image-25002\" srcset=\"https:\/\/arquivo.pedroleopoldo.mg.gov.br\/wp-content\/uploads\/2024\/02\/24-Palestra-Arboviroses-E.M.-Dr.-Avary-de-Campos-20.04.2023-1024x768.jpg 1024w, https:\/\/arquivo.pedroleopoldo.mg.gov.br\/wp-content\/uploads\/2024\/02\/24-Palestra-Arboviroses-E.M.-Dr.-Avary-de-Campos-20.04.2023-300x225.jpg 300w, https:\/\/arquivo.pedroleopoldo.mg.gov.br\/wp-content\/uploads\/2024\/02\/24-Palestra-Arboviroses-E.M.-Dr.-Avary-de-Campos-20.04.2023-768x576.jpg 768w, https:\/\/arquivo.pedroleopoldo.mg.gov.br\/wp-content\/uploads\/2024\/02\/24-Palestra-Arboviroses-E.M.-Dr.-Avary-de-Campos-20.04.2023.jpg 1032w\" sizes=\"(max-width: 1024px) 100vw, 1024px\" \/><\/figure>\n\n\n\n<figure class=\"wp-block-image size-large\"><img decoding=\"async\" loading=\"lazy\" width=\"1024\" height=\"768\" data-id=\"25000\" src=\"http:\/\/pedroleopoldo.mg.gov.br\/wp-content\/uploads\/2024\/02\/12-Entrevista-a-Radio-Atividade-FM-sobre-Dengue-16.03.2023-1024x768.jpeg\" alt=\"\" class=\"wp-image-25000\" srcset=\"https:\/\/arquivo.pedroleopoldo.mg.gov.br\/wp-content\/uploads\/2024\/02\/12-Entrevista-a-Radio-Atividade-FM-sobre-Dengue-16.03.2023-1024x768.jpeg 1024w, https:\/\/arquivo.pedroleopoldo.mg.gov.br\/wp-content\/uploads\/2024\/02\/12-Entrevista-a-Radio-Atividade-FM-sobre-Dengue-16.03.2023-300x225.jpeg 300w, https:\/\/arquivo.pedroleopoldo.mg.gov.br\/wp-content\/uploads\/2024\/02\/12-Entrevista-a-Radio-Atividade-FM-sobre-Dengue-16.03.2023-768x576.jpeg 768w, https:\/\/arquivo.pedroleopoldo.mg.gov.br\/wp-content\/uploads\/2024\/02\/12-Entrevista-a-Radio-Atividade-FM-sobre-Dengue-16.03.2023.jpeg 1280w\" sizes=\"(max-width: 1024px) 100vw, 1024px\" \/><\/figure>\n<\/figure>\n","protected":false},"excerpt":{"rendered":"<p>Entre as v\u00e1rias a\u00e7\u00f5es que est\u00e3o sendo realizadas, um mutir\u00e3o de vistoria em lotes vagos foi uma das prioridades da atual administra\u00e7\u00e3o nos \u00faltimos dias. O fumac\u00ea para o munic\u00edpio tamb\u00e9m j\u00e1 foi solicitado e o Munic\u00edpio aguarda libera\u00e7\u00e3o do Governo do Estado para iniciar mais este trabalho de combate ao mosquito transmissor A dengue &hellip; <a href=\"https:\/\/arquivo.pedroleopoldo.mg.gov.br\/?p=24997\" class=\"more-link\">Continuar lendo <span class=\"screen-reader-text\">Prefeitura atua rigorosamente no combate \u00e0 dengue em Pedro Leopoldo<\/span><\/a><\/p>\n","protected":false},"author":1,"featured_media":24998,"comment_status":"closed","ping_status":"closed","sticky":false,"template":"","format":"standard","meta":{"footnotes":""},"categories":[4],"tags":[],"_links":{"self":[{"href":"https:\/\/arquivo.pedroleopoldo.mg.gov.br\/index.php?rest_route=\/wp\/v2\/posts\/24997"}],"collection":[{"href":"https:\/\/arquivo.pedroleopoldo.mg.gov.br\/index.php?rest_route=\/wp\/v2\/posts"}],"about":[{"href":"https:\/\/arquivo.pedroleopoldo.mg.gov.br\/index.php?rest_route=\/wp\/v2\/types\/post"}],"author":[{"embeddable":true,"href":"https:\/\/arquivo.pedroleopoldo.mg.gov.br\/index.php?rest_route=\/wp\/v2\/users\/1"}],"replies":[{"embeddable":true,"href":"https:\/\/arquivo.pedroleopoldo.mg.gov.br\/index.php?rest_route=%2Fwp%2Fv2%2Fcomments&post=24997"}],"version-history":[{"count":0,"href":"https:\/\/arquivo.pedroleopoldo.mg.gov.br\/index.php?rest_route=\/wp\/v2\/posts\/24997\/revisions"}],"wp:featuredmedia":[{"embeddable":true,"href":"https:\/\/arquivo.pedroleopoldo.mg.gov.br\/index.php?rest_route=\/wp\/v2\/media\/24998"}],"wp:attachment":[{"href":"https:\/\/arquivo.pedroleopoldo.mg.gov.br\/index.php?rest_route=%2Fwp%2Fv2%2Fmedia&parent=24997"}],"wp:term":[{"taxonomy":"category","embeddable":true,"href":"https:\/\/arquivo.pedroleopoldo.mg.gov.br\/index.php?rest_route=%2Fwp%2Fv2%2Fcategories&post=24997"},{"taxonomy":"post_tag","embeddable":true,"href":"https:\/\/arquivo.pedroleopoldo.mg.gov.br\/index.php?rest_route=%2Fwp%2Fv2%2Ftags&post=24997"}],"curies":[{"name":"wp","href":"https:\/\/api.w.org\/{rel}","templated":true}]}}