{"id":24985,"date":"2024-02-07T11:41:31","date_gmt":"2024-02-07T14:41:31","guid":{"rendered":"http:\/\/pedroleopoldo.mg.gov.br\/?p=24985"},"modified":"2026-03-19T14:17:39","modified_gmt":"2026-03-19T17:17:39","slug":"2-termo-aditivo-ao-termo-de-colaboracao-002-2023-associacao-brasileira-comunitaria-para-a-prevencao-do-abuso-de-drogas-regional-pedro-leopoldo-abraco","status":"publish","type":"post","link":"https:\/\/arquivo.pedroleopoldo.mg.gov.br\/?p=24985","title":{"rendered":"2\u00b0 Termo Aditivo ao Termo de Colabora\u00e7\u00e3o &#8211; 002\/2023 &#8211; ASSOCIA\u00c7\u00c3O BRASILEIRA COMUNIT\u00c1RIA PARA A PREVEN\u00c7\u00c3O DO ABUSO DE DROGAS REGIONAL PEDRO LEOPOLDO &#8211; ABRA\u00c7O"},"content":{"rendered":"\n<p><\/p>\n\n\n<a href=\"https:\/\/arquivo.pedroleopoldo.mg.gov.br\/wp-content\/uploads\/2024\/02\/2\u00b0-Termo-Aditivo-ao-Termo-de-Colaboracao-002-2023-ASSOCIACAO-BRASILEIRA-COMUNITARIA-PARA-A-PREVENCAO-DO-ABUSO-DE-DROGAS-REGIONAL-PEDRO-LEOPOLDO-ABRACO.pdf\" class=\"pdfemb-viewer\" style=\"\" data-width=\"max\" data-height=\"max\" data-toolbar=\"both\" data-toolbar-fixed=\"on\">2\u00b0-Termo-Aditivo-ao-Termo-de-Colaboracao-002-2023-ASSOCIACAO-BRASILEIRA-COMUNITARIA-PARA-A-PREVENCAO-DO-ABUSO-DE-DROGAS-REGIONAL-PEDRO-LEOPOLDO-ABRACO<\/a>\n<p class=\"wp-block-pdfemb-pdf-embedder-viewer\"><\/p>\n","protected":false},"excerpt":{"rendered":"","protected":false},"author":5,"featured_media":0,"comment_status":"closed","ping_status":"closed","sticky":false,"template":"","format":"standard","meta":{"footnotes":""},"categories":[33],"tags":[],"_links":{"self":[{"href":"https:\/\/arquivo.pedroleopoldo.mg.gov.br\/index.php?rest_route=\/wp\/v2\/posts\/24985"}],"collection":[{"href":"https:\/\/arquivo.pedroleopoldo.mg.gov.br\/index.php?rest_route=\/wp\/v2\/posts"}],"about":[{"href":"https:\/\/arquivo.pedroleopoldo.mg.gov.br\/index.php?rest_route=\/wp\/v2\/types\/post"}],"author":[{"embeddable":true,"href":"https:\/\/arquivo.pedroleopoldo.mg.gov.br\/index.php?rest_route=\/wp\/v2\/users\/5"}],"replies":[{"embeddable":true,"href":"https:\/\/arquivo.pedroleopoldo.mg.gov.br\/index.php?rest_route=%2Fwp%2Fv2%2Fcomments&post=24985"}],"version-history":[{"count":1,"href":"https:\/\/arquivo.pedroleopoldo.mg.gov.br\/index.php?rest_route=\/wp\/v2\/posts\/24985\/revisions"}],"predecessor-version":[{"id":30707,"href":"https:\/\/arquivo.pedroleopoldo.mg.gov.br\/index.php?rest_route=\/wp\/v2\/posts\/24985\/revisions\/30707"}],"wp:attachment":[{"href":"https:\/\/arquivo.pedroleopoldo.mg.gov.br\/index.php?rest_route=%2Fwp%2Fv2%2Fmedia&parent=24985"}],"wp:term":[{"taxonomy":"category","embeddable":true,"href":"https:\/\/arquivo.pedroleopoldo.mg.gov.br\/index.php?rest_route=%2Fwp%2Fv2%2Fcategories&post=24985"},{"taxonomy":"post_tag","embeddable":true,"href":"https:\/\/arquivo.pedroleopoldo.mg.gov.br\/index.php?rest_route=%2Fwp%2Fv2%2Ftags&post=24985"}],"curies":[{"name":"wp","href":"https:\/\/api.w.org\/{rel}","templated":true}]}}