{"id":24962,"date":"2024-02-01T18:13:02","date_gmt":"2024-02-01T21:13:02","guid":{"rendered":"https:\/\/arquivo.pedroleopoldo.mg.gov.br\/?p=24962"},"modified":"2024-02-01T18:13:04","modified_gmt":"2024-02-01T21:13:04","slug":"marco-importante-prefeitura-anuncia-assinatura-da-ordem-de-servico-para-obras-no-esf-santo-antonio-da-barra","status":"publish","type":"post","link":"https:\/\/arquivo.pedroleopoldo.mg.gov.br\/?p=24962","title":{"rendered":"Marco Importante: Prefeitura anuncia assinatura da Ordem de Servi\u00e7o para obras no ESF Santo Ant\u00f4nio da Barra"},"content":{"rendered":"\n<p><em>Assim como outros ESF\u2019s, o de Santo Ant\u00f4nio da Barra tamb\u00e9m vai passar por melhorias da atual gest\u00e3o. Para as obras do ESF Matuto, com \u00e9 popularmente conhecido o local, a Prefeitura usar\u00e1 verbas do Senador Carlos Viana, do Deputado Federal Gilberto Abramo e de Emendas Impositivas do vereador Guilherme do Doce<\/em><\/p>\n\n\n\n<p>Em mais um passo crucial para fortalecer a infraestrutura de sa\u00fade em Pedro Leopoldo, a Prefeitura, atrav\u00e9s da Prefeita Eloisa Helena, assina nesta sexta-feira, dia 02, a ordem de servi\u00e7o para as obras no ESF Santo Ant\u00f4nio da Barra. Este marco representa o compromisso da administra\u00e7\u00e3o p\u00fablica em melhorar o acesso e a qualidade dos servi\u00e7os de sa\u00fade para toda a comunidade.<\/p>\n\n\n\n<p>A partir dessa assinatura, as obras se iniciam e ir\u00e3o proporcionar instala\u00e7\u00f5es modernas e eficientes para atender \u00e0s necessidades da popula\u00e7\u00e3o. A atual gest\u00e3o j\u00e1 concluiu a revitaliza\u00e7\u00e3o dos ESF\u2019s Dom Camilo\/Santa Tereza, Vera Cruz, do PA Lagoa, do Centro Especializado de Odontologia, entre outros. As equipes continuam empenhadas, agora concentradas nas obras dos ESF\u2019s da Quinta do Sumidouro e Tapera, al\u00e9m de Santo Ant\u00f4nio da Barra.<\/p>\n\n\n\n<p>Segundo a Assessoria de Comunica\u00e7\u00e3o da Prefeitura de Pedro Leopoldo, estas a\u00e7\u00f5es refletem o empenho da atual gest\u00e3o em construir uma sa\u00fade p\u00fablica de qualidade para todos. \u201cUnidos, estamos transformando compromissos em realidades. Acreditamos que a sa\u00fade \u00e9 a base para o progresso e o desenvolvimento da comunidade. Seguimos firmes nesta jornada, construindo um futuro mais saud\u00e1vel para todos\u201d, concluiu a Prefeita Eloisa Helena.<\/p>\n\n\n\n<figure class=\"wp-block-image size-large is-resized\"><img decoding=\"async\" loading=\"lazy\" width=\"1024\" height=\"1024\" src=\"https:\/\/arquivo.pedroleopoldo.mg.gov.br\/wp-content\/uploads\/2024\/02\/image-1-1-1024x1024.png\" alt=\"\" class=\"wp-image-24963\" style=\"aspect-ratio:1;width:522px;height:auto\" srcset=\"https:\/\/arquivo.pedroleopoldo.mg.gov.br\/wp-content\/uploads\/2024\/02\/image-1-1-1024x1024.png 1024w, https:\/\/arquivo.pedroleopoldo.mg.gov.br\/wp-content\/uploads\/2024\/02\/image-1-1-300x300.png 300w, https:\/\/arquivo.pedroleopoldo.mg.gov.br\/wp-content\/uploads\/2024\/02\/image-1-1-150x150.png 150w, https:\/\/arquivo.pedroleopoldo.mg.gov.br\/wp-content\/uploads\/2024\/02\/image-1-1-768x768.png 768w, https:\/\/arquivo.pedroleopoldo.mg.gov.br\/wp-content\/uploads\/2024\/02\/image-1-1.png 1080w\" sizes=\"(max-width: 1024px) 100vw, 1024px\" \/><\/figure>\n","protected":false},"excerpt":{"rendered":"<p>Assim como outros ESF\u2019s, o de Santo Ant\u00f4nio da Barra tamb\u00e9m vai passar por melhorias da atual gest\u00e3o. Para as obras do ESF Matuto, com \u00e9 popularmente conhecido o local, a Prefeitura usar\u00e1 verbas do Senador Carlos Viana, do Deputado Federal Gilberto Abramo e de Emendas Impositivas do vereador Guilherme do Doce Em mais um &hellip; <a href=\"https:\/\/arquivo.pedroleopoldo.mg.gov.br\/?p=24962\" class=\"more-link\">Continuar lendo <span class=\"screen-reader-text\">Marco Importante: Prefeitura anuncia assinatura da Ordem de Servi\u00e7o para obras no ESF Santo Ant\u00f4nio da Barra<\/span><\/a><\/p>\n","protected":false},"author":1,"featured_media":24964,"comment_status":"closed","ping_status":"closed","sticky":false,"template":"","format":"standard","meta":{"footnotes":""},"categories":[4],"tags":[],"_links":{"self":[{"href":"https:\/\/arquivo.pedroleopoldo.mg.gov.br\/index.php?rest_route=\/wp\/v2\/posts\/24962"}],"collection":[{"href":"https:\/\/arquivo.pedroleopoldo.mg.gov.br\/index.php?rest_route=\/wp\/v2\/posts"}],"about":[{"href":"https:\/\/arquivo.pedroleopoldo.mg.gov.br\/index.php?rest_route=\/wp\/v2\/types\/post"}],"author":[{"embeddable":true,"href":"https:\/\/arquivo.pedroleopoldo.mg.gov.br\/index.php?rest_route=\/wp\/v2\/users\/1"}],"replies":[{"embeddable":true,"href":"https:\/\/arquivo.pedroleopoldo.mg.gov.br\/index.php?rest_route=%2Fwp%2Fv2%2Fcomments&post=24962"}],"version-history":[{"count":0,"href":"https:\/\/arquivo.pedroleopoldo.mg.gov.br\/index.php?rest_route=\/wp\/v2\/posts\/24962\/revisions"}],"wp:featuredmedia":[{"embeddable":true,"href":"https:\/\/arquivo.pedroleopoldo.mg.gov.br\/index.php?rest_route=\/wp\/v2\/media\/24964"}],"wp:attachment":[{"href":"https:\/\/arquivo.pedroleopoldo.mg.gov.br\/index.php?rest_route=%2Fwp%2Fv2%2Fmedia&parent=24962"}],"wp:term":[{"taxonomy":"category","embeddable":true,"href":"https:\/\/arquivo.pedroleopoldo.mg.gov.br\/index.php?rest_route=%2Fwp%2Fv2%2Fcategories&post=24962"},{"taxonomy":"post_tag","embeddable":true,"href":"https:\/\/arquivo.pedroleopoldo.mg.gov.br\/index.php?rest_route=%2Fwp%2Fv2%2Ftags&post=24962"}],"curies":[{"name":"wp","href":"https:\/\/api.w.org\/{rel}","templated":true}]}}