{"id":24944,"date":"2024-02-01T18:00:03","date_gmt":"2024-02-01T21:00:03","guid":{"rendered":"https:\/\/arquivo.pedroleopoldo.mg.gov.br\/?p=24944"},"modified":"2024-02-01T18:00:06","modified_gmt":"2024-02-01T21:00:06","slug":"prefeitura-assina-ordem-de-servico-para-o-inicio-das-obras-de-revitalizacao-do-ceppel","status":"publish","type":"post","link":"https:\/\/arquivo.pedroleopoldo.mg.gov.br\/?p=24944","title":{"rendered":"Prefeitura assina ordem de servi\u00e7o para o in\u00edcio das obras de revitaliza\u00e7\u00e3o do CEPPEL"},"content":{"rendered":"\n<p>Os trabalhos de revitaliza\u00e7\u00e3o v\u00e3o passar por melhorias que v\u00e3o desde o telhado at\u00e9 detalhes importantes, como a acessibilidade<\/p>\n\n\n\n<p>A Prefeitura de Pedro Leopoldo, por meio da Secretaria de Juventude, Esportes e Direitos Humanos, atrav\u00e9s das chefes do executivo, Prefeita Eloisa e vice Ana Paula, realizou, na manh\u00e3 desta quarta-feira, 31, a assinatura da ordem de servi\u00e7o (OS) para o in\u00edcio das obras de revitaliza\u00e7\u00e3o do CEPPEL.&nbsp;<\/p>\n\n\n\n<p>A OS foi assinada tamb\u00e9m pelos engenheiros da empresa Wyx Construtora, vencedora do processo licitat\u00f3rio, que ser\u00e1 a respons\u00e1vel pela execu\u00e7\u00e3o dos trabalhos no local. \u201cEstou muito empolgada com mais um projeto nosso que sai do papel! Este \u00e9 um momento importante para todos n\u00f3s, pois, investir no desenvolvimento de espa\u00e7os dedicados ao esporte e lazer \u00e9 investir no bem-estar e na qualidade de vida da popula\u00e7\u00e3o. \u00c9 mais uma entrega para nossa gente, mais um presente para o centen\u00e1rio do nosso munic\u00edpio\u201d, destacou a Prefeita Eloisa Helena.<\/p>\n\n\n\n<p>A solenidade de assinatura da O.S contou com a presen\u00e7a de pessoas da comunidade. \u201cVim aqui hoje prestigiar a assinatura da ordem de servi\u00e7o das obras do CEPPEL, que eu amo de paix\u00e3o. Estou aqui desde muito tempo, meu filho veio pra c\u00e1 jogar tamb\u00e9m, ent\u00e3o isso \u00e9 muito gratificante, muito lindo ver esse projeto sendo aberto, para nossas crian\u00e7as, para todos n\u00f3s voltarmos a frequentar nosso querido CEPPEL. Muito obrigada!\u201d, disse Cleodete V\u00e2nia de Souza, moradora do bairro Ad\u00e9lia Issa.\u00a0<\/p>\n\n\n\n<div class=\"wp-block-media-text is-stacked-on-mobile\" style=\"grid-template-columns:30% auto\"><figure class=\"wp-block-media-text__media\"><img decoding=\"async\" loading=\"lazy\" width=\"636\" height=\"1024\" src=\"https:\/\/arquivo.pedroleopoldo.mg.gov.br\/wp-content\/uploads\/2024\/02\/image-1-636x1024.png\" alt=\"\" class=\"wp-image-24960 size-full\" srcset=\"https:\/\/arquivo.pedroleopoldo.mg.gov.br\/wp-content\/uploads\/2024\/02\/image-1-636x1024.png 636w, https:\/\/arquivo.pedroleopoldo.mg.gov.br\/wp-content\/uploads\/2024\/02\/image-1-186x300.png 186w, https:\/\/arquivo.pedroleopoldo.mg.gov.br\/wp-content\/uploads\/2024\/02\/image-1.png 707w\" sizes=\"(max-width: 636px) 100vw, 636px\" \/><\/figure><div class=\"wp-block-media-text__content\">\n<p><strong>Cleodete V\u00e2nia de Souza, moradora do bairro Ad\u00e9lia Issa.<\/strong><\/p>\n<\/div><\/div>\n\n\n\n<p>O \u201cPaulinho do CEPPEL\u201d, considerado como o &#8220;guardi\u00e3o\u201d do local, tamb\u00e9m deu seu depoimento durante a solenidade. \u201c\u00c9 um sonho imensur\u00e1vel, s\u00e3o 38 anos aqui, que eu digo que \u00e9 minha segunda casa, eu vivo mais aqui do que na minha resid\u00eancia. Meus familiares brincam: \u201cleva sua cama pra l\u00e1\u201d. Eu amo o CEPPEL, amo o que eu fa\u00e7o, s\u00e3o 38 anos neste lugar, recuperando jovens das ruas, das drogas, por meio do esporte. \u00c9 uma honra saber que a prefeita Eloisa e a vice Ana Paula v\u00e3o revitalizar a minha segunda casa, meu cora\u00e7\u00e3o est\u00e1 feliz\u201d, destacou Paulinho.<\/p>\n\n\n\n<p>De acordo com a Secretaria de Esportes, o processo de revitaliza\u00e7\u00e3o deve passar pela estrutura do telhado, vesti\u00e1rios, arquibancadas, rampa de acesso para pessoas com defici\u00eancia, banheiros com acessibilidade, nova ilumina\u00e7\u00e3o, lanchonete e muito mais.&nbsp;<\/p>\n\n\n\n<p>A Prefeitura ainda informou que atletas, esportistas, projetos sociais e escolas ter\u00e3o espa\u00e7os disponibilizados pela Prefeitura para continua\u00e7\u00e3o das atividades enquanto o CEPPEL estiver em obras. A Secretaria de Esportes disse que, em breve, os novos espa\u00e7os ser\u00e3o divulgados e devidamente informados para todos os interessados.<\/p>\n\n\n\n<figure class=\"wp-block-gallery has-nested-images columns-default is-cropped wp-block-gallery-1 is-layout-flex wp-block-gallery-is-layout-flex\">\n<figure class=\"wp-block-image size-large\"><img decoding=\"async\" loading=\"lazy\" width=\"1024\" height=\"768\" data-id=\"24945\" src=\"https:\/\/arquivo.pedroleopoldo.mg.gov.br\/wp-content\/uploads\/2024\/02\/WhatsApp-Image-2024-01-31-at-14.35.18-14.jpeg\" alt=\"\" class=\"wp-image-24945\" srcset=\"https:\/\/arquivo.pedroleopoldo.mg.gov.br\/wp-content\/uploads\/2024\/02\/WhatsApp-Image-2024-01-31-at-14.35.18-14.jpeg 1024w, https:\/\/arquivo.pedroleopoldo.mg.gov.br\/wp-content\/uploads\/2024\/02\/WhatsApp-Image-2024-01-31-at-14.35.18-14-300x225.jpeg 300w, https:\/\/arquivo.pedroleopoldo.mg.gov.br\/wp-content\/uploads\/2024\/02\/WhatsApp-Image-2024-01-31-at-14.35.18-14-768x576.jpeg 768w\" sizes=\"(max-width: 1024px) 100vw, 1024px\" \/><\/figure>\n\n\n\n<figure class=\"wp-block-image size-large\"><img decoding=\"async\" loading=\"lazy\" width=\"1024\" height=\"768\" data-id=\"24947\" src=\"https:\/\/arquivo.pedroleopoldo.mg.gov.br\/wp-content\/uploads\/2024\/02\/WhatsApp-Image-2024-01-31-at-14.35.18-10.jpeg\" alt=\"\" class=\"wp-image-24947\" srcset=\"https:\/\/arquivo.pedroleopoldo.mg.gov.br\/wp-content\/uploads\/2024\/02\/WhatsApp-Image-2024-01-31-at-14.35.18-10.jpeg 1024w, https:\/\/arquivo.pedroleopoldo.mg.gov.br\/wp-content\/uploads\/2024\/02\/WhatsApp-Image-2024-01-31-at-14.35.18-10-300x225.jpeg 300w, https:\/\/arquivo.pedroleopoldo.mg.gov.br\/wp-content\/uploads\/2024\/02\/WhatsApp-Image-2024-01-31-at-14.35.18-10-768x576.jpeg 768w\" sizes=\"(max-width: 1024px) 100vw, 1024px\" \/><\/figure>\n\n\n\n<figure class=\"wp-block-image size-large\"><img decoding=\"async\" loading=\"lazy\" width=\"1024\" height=\"768\" data-id=\"24958\" src=\"https:\/\/arquivo.pedroleopoldo.mg.gov.br\/wp-content\/uploads\/2024\/02\/WhatsApp-Image-2024-01-31-at-14.35.18-9.jpeg\" alt=\"\" class=\"wp-image-24958\" srcset=\"https:\/\/arquivo.pedroleopoldo.mg.gov.br\/wp-content\/uploads\/2024\/02\/WhatsApp-Image-2024-01-31-at-14.35.18-9.jpeg 1024w, https:\/\/arquivo.pedroleopoldo.mg.gov.br\/wp-content\/uploads\/2024\/02\/WhatsApp-Image-2024-01-31-at-14.35.18-9-300x225.jpeg 300w, https:\/\/arquivo.pedroleopoldo.mg.gov.br\/wp-content\/uploads\/2024\/02\/WhatsApp-Image-2024-01-31-at-14.35.18-9-768x576.jpeg 768w\" sizes=\"(max-width: 1024px) 100vw, 1024px\" \/><\/figure>\n\n\n\n<figure class=\"wp-block-image size-large\"><img decoding=\"async\" loading=\"lazy\" width=\"1024\" height=\"768\" data-id=\"24948\" src=\"https:\/\/arquivo.pedroleopoldo.mg.gov.br\/wp-content\/uploads\/2024\/02\/WhatsApp-Image-2024-01-31-at-14.35.18-7.jpeg\" alt=\"\" class=\"wp-image-24948\" srcset=\"https:\/\/arquivo.pedroleopoldo.mg.gov.br\/wp-content\/uploads\/2024\/02\/WhatsApp-Image-2024-01-31-at-14.35.18-7.jpeg 1024w, https:\/\/arquivo.pedroleopoldo.mg.gov.br\/wp-content\/uploads\/2024\/02\/WhatsApp-Image-2024-01-31-at-14.35.18-7-300x225.jpeg 300w, https:\/\/arquivo.pedroleopoldo.mg.gov.br\/wp-content\/uploads\/2024\/02\/WhatsApp-Image-2024-01-31-at-14.35.18-7-768x576.jpeg 768w\" sizes=\"(max-width: 1024px) 100vw, 1024px\" \/><\/figure>\n\n\n\n<figure class=\"wp-block-image size-large\"><img decoding=\"async\" loading=\"lazy\" width=\"1024\" height=\"768\" data-id=\"24946\" src=\"https:\/\/arquivo.pedroleopoldo.mg.gov.br\/wp-content\/uploads\/2024\/02\/WhatsApp-Image-2024-01-31-at-14.35.18-6.jpeg\" alt=\"\" class=\"wp-image-24946\" srcset=\"https:\/\/arquivo.pedroleopoldo.mg.gov.br\/wp-content\/uploads\/2024\/02\/WhatsApp-Image-2024-01-31-at-14.35.18-6.jpeg 1024w, https:\/\/arquivo.pedroleopoldo.mg.gov.br\/wp-content\/uploads\/2024\/02\/WhatsApp-Image-2024-01-31-at-14.35.18-6-300x225.jpeg 300w, https:\/\/arquivo.pedroleopoldo.mg.gov.br\/wp-content\/uploads\/2024\/02\/WhatsApp-Image-2024-01-31-at-14.35.18-6-768x576.jpeg 768w\" sizes=\"(max-width: 1024px) 100vw, 1024px\" \/><\/figure>\n\n\n\n<figure class=\"wp-block-image size-large\"><img decoding=\"async\" loading=\"lazy\" width=\"1024\" height=\"768\" data-id=\"24949\" src=\"https:\/\/arquivo.pedroleopoldo.mg.gov.br\/wp-content\/uploads\/2024\/02\/WhatsApp-Image-2024-01-31-at-14.35.18-5.jpeg\" alt=\"\" class=\"wp-image-24949\" srcset=\"https:\/\/arquivo.pedroleopoldo.mg.gov.br\/wp-content\/uploads\/2024\/02\/WhatsApp-Image-2024-01-31-at-14.35.18-5.jpeg 1024w, https:\/\/arquivo.pedroleopoldo.mg.gov.br\/wp-content\/uploads\/2024\/02\/WhatsApp-Image-2024-01-31-at-14.35.18-5-300x225.jpeg 300w, https:\/\/arquivo.pedroleopoldo.mg.gov.br\/wp-content\/uploads\/2024\/02\/WhatsApp-Image-2024-01-31-at-14.35.18-5-768x576.jpeg 768w\" sizes=\"(max-width: 1024px) 100vw, 1024px\" \/><\/figure>\n\n\n\n<figure class=\"wp-block-image size-large\"><img decoding=\"async\" loading=\"lazy\" width=\"1024\" height=\"768\" data-id=\"24953\" src=\"https:\/\/arquivo.pedroleopoldo.mg.gov.br\/wp-content\/uploads\/2024\/02\/WhatsApp-Image-2024-01-31-at-14.35.18-3.jpeg\" alt=\"\" class=\"wp-image-24953\" srcset=\"https:\/\/arquivo.pedroleopoldo.mg.gov.br\/wp-content\/uploads\/2024\/02\/WhatsApp-Image-2024-01-31-at-14.35.18-3.jpeg 1024w, https:\/\/arquivo.pedroleopoldo.mg.gov.br\/wp-content\/uploads\/2024\/02\/WhatsApp-Image-2024-01-31-at-14.35.18-3-300x225.jpeg 300w, https:\/\/arquivo.pedroleopoldo.mg.gov.br\/wp-content\/uploads\/2024\/02\/WhatsApp-Image-2024-01-31-at-14.35.18-3-768x576.jpeg 768w\" sizes=\"(max-width: 1024px) 100vw, 1024px\" \/><\/figure>\n\n\n\n<figure class=\"wp-block-image size-large\"><img decoding=\"async\" loading=\"lazy\" width=\"1024\" height=\"768\" data-id=\"24956\" src=\"https:\/\/arquivo.pedroleopoldo.mg.gov.br\/wp-content\/uploads\/2024\/02\/WhatsApp-Image-2024-01-31-at-14.35.18-2.jpeg\" alt=\"\" class=\"wp-image-24956\" srcset=\"https:\/\/arquivo.pedroleopoldo.mg.gov.br\/wp-content\/uploads\/2024\/02\/WhatsApp-Image-2024-01-31-at-14.35.18-2.jpeg 1024w, https:\/\/arquivo.pedroleopoldo.mg.gov.br\/wp-content\/uploads\/2024\/02\/WhatsApp-Image-2024-01-31-at-14.35.18-2-300x225.jpeg 300w, https:\/\/arquivo.pedroleopoldo.mg.gov.br\/wp-content\/uploads\/2024\/02\/WhatsApp-Image-2024-01-31-at-14.35.18-2-768x576.jpeg 768w\" sizes=\"(max-width: 1024px) 100vw, 1024px\" \/><\/figure>\n\n\n\n<figure class=\"wp-block-image size-large\"><img decoding=\"async\" loading=\"lazy\" width=\"1024\" height=\"768\" data-id=\"24954\" src=\"https:\/\/arquivo.pedroleopoldo.mg.gov.br\/wp-content\/uploads\/2024\/02\/WhatsApp-Image-2024-01-31-at-14.35.18-1.jpeg\" alt=\"\" class=\"wp-image-24954\" srcset=\"https:\/\/arquivo.pedroleopoldo.mg.gov.br\/wp-content\/uploads\/2024\/02\/WhatsApp-Image-2024-01-31-at-14.35.18-1.jpeg 1024w, https:\/\/arquivo.pedroleopoldo.mg.gov.br\/wp-content\/uploads\/2024\/02\/WhatsApp-Image-2024-01-31-at-14.35.18-1-300x225.jpeg 300w, https:\/\/arquivo.pedroleopoldo.mg.gov.br\/wp-content\/uploads\/2024\/02\/WhatsApp-Image-2024-01-31-at-14.35.18-1-768x576.jpeg 768w\" sizes=\"(max-width: 1024px) 100vw, 1024px\" \/><\/figure>\n<\/figure>\n","protected":false},"excerpt":{"rendered":"<p>Os trabalhos de revitaliza\u00e7\u00e3o v\u00e3o passar por melhorias que v\u00e3o desde o telhado at\u00e9 detalhes importantes, como a acessibilidade A Prefeitura de Pedro Leopoldo, por meio da Secretaria de Juventude, Esportes e Direitos Humanos, atrav\u00e9s das chefes do executivo, Prefeita Eloisa e vice Ana Paula, realizou, na manh\u00e3 desta quarta-feira, 31, a assinatura da ordem &hellip; <a href=\"https:\/\/arquivo.pedroleopoldo.mg.gov.br\/?p=24944\" class=\"more-link\">Continuar lendo <span class=\"screen-reader-text\">Prefeitura assina ordem de servi\u00e7o para o in\u00edcio das obras de revitaliza\u00e7\u00e3o do CEPPEL<\/span><\/a><\/p>\n","protected":false},"author":1,"featured_media":24947,"comment_status":"closed","ping_status":"closed","sticky":false,"template":"","format":"standard","meta":{"footnotes":""},"categories":[4],"tags":[],"_links":{"self":[{"href":"https:\/\/arquivo.pedroleopoldo.mg.gov.br\/index.php?rest_route=\/wp\/v2\/posts\/24944"}],"collection":[{"href":"https:\/\/arquivo.pedroleopoldo.mg.gov.br\/index.php?rest_route=\/wp\/v2\/posts"}],"about":[{"href":"https:\/\/arquivo.pedroleopoldo.mg.gov.br\/index.php?rest_route=\/wp\/v2\/types\/post"}],"author":[{"embeddable":true,"href":"https:\/\/arquivo.pedroleopoldo.mg.gov.br\/index.php?rest_route=\/wp\/v2\/users\/1"}],"replies":[{"embeddable":true,"href":"https:\/\/arquivo.pedroleopoldo.mg.gov.br\/index.php?rest_route=%2Fwp%2Fv2%2Fcomments&post=24944"}],"version-history":[{"count":0,"href":"https:\/\/arquivo.pedroleopoldo.mg.gov.br\/index.php?rest_route=\/wp\/v2\/posts\/24944\/revisions"}],"wp:featuredmedia":[{"embeddable":true,"href":"https:\/\/arquivo.pedroleopoldo.mg.gov.br\/index.php?rest_route=\/wp\/v2\/media\/24947"}],"wp:attachment":[{"href":"https:\/\/arquivo.pedroleopoldo.mg.gov.br\/index.php?rest_route=%2Fwp%2Fv2%2Fmedia&parent=24944"}],"wp:term":[{"taxonomy":"category","embeddable":true,"href":"https:\/\/arquivo.pedroleopoldo.mg.gov.br\/index.php?rest_route=%2Fwp%2Fv2%2Fcategories&post=24944"},{"taxonomy":"post_tag","embeddable":true,"href":"https:\/\/arquivo.pedroleopoldo.mg.gov.br\/index.php?rest_route=%2Fwp%2Fv2%2Ftags&post=24944"}],"curies":[{"name":"wp","href":"https:\/\/api.w.org\/{rel}","templated":true}]}}