{"id":24931,"date":"2024-02-01T17:54:49","date_gmt":"2024-02-01T20:54:49","guid":{"rendered":"https:\/\/arquivo.pedroleopoldo.mg.gov.br\/?p=24931"},"modified":"2024-02-01T17:54:50","modified_gmt":"2024-02-01T20:54:50","slug":"festa-em-celebracao-dos-100-anos-de-pedro-leopoldo-agitou-o-municipio-e-trouxe-alegria-para-as-pessoas","status":"publish","type":"post","link":"https:\/\/arquivo.pedroleopoldo.mg.gov.br\/?p=24931","title":{"rendered":"Festa em celebra\u00e7\u00e3o dos 100 anos de Pedro Leopoldo agitou o munic\u00edpio e trouxe alegria para as pessoas"},"content":{"rendered":"\n<p><em>Os palcos do Centen\u00e1rio, que recebeu o nome de \u201cCem anos de vidas\u201d, receberam grandes artistas como Cleiton &amp; Camargo, Preto no Branco, C\u00e9sar Menotti e Fabiano e Xande de Pilares. Os artistas locais tamb\u00e9m tiveram espa\u00e7o especial na programa\u00e7\u00e3o que levou muita cultura e entretenimento para todos<\/em><\/p>\n\n\n\n<p>A Prefeitura de Pedro Leopoldo, por meio da Secretaria de Cultura, Lazer e Turismo, encerrou no \u00faltimo domingo, 28, as principais atra\u00e7\u00f5es comemorativas dos 100 anos de Pedro Leopoldo, que contou com grandes nomes da m\u00fasica nacional como Cleiton &amp; Camargo, a banda Preto no Branco, C\u00e9sar Menotti e Fabiano e Xande de Pilares, al\u00e9m \u00e9 claro, dos artistas locais como Laysa Valadares, Z\u00e9 Fl\u00e1vio Sim\u00f5es, a cantora regional Clynthia, a Orquestra Sinf\u00f4nica Cachoeira Grande, Banda Outubro Vermelho, Batalha de Rimas com MC\u00b4s locais e muito mais.<\/p>\n\n\n\n<p>A chefe do executivo, Eloisa Helena, falou da responsabilidade de estar Prefeita nos 100 anos do munic\u00edpio e abordou a import\u00e2ncia dos eventos culturais para a popula\u00e7\u00e3o. \u201cEstou muito feliz, orgulhosa e honrada, pelo fato da nossa administra\u00e7\u00e3o ter tido a oportunidade de promover os eventos do nosso centen\u00e1rio. A popula\u00e7\u00e3o precisa e merece o acesso a este tipo de entretenimento. Grandes shows e apresenta\u00e7\u00f5es n\u00e3o podem se restringir a um \u00fanico p\u00fablico, n\u00e3o podem ser s\u00f3 para quem tem melhores condi\u00e7\u00f5es. Tem que ser para todo mundo. Fizemos com muito carinho e estamos contentes com o resultado, que foi muita gente feliz\u201d, frisou Eloisa.<\/p>\n\n\n\n<p>J\u00e1 a Secret\u00e1ria de Cultura, Patr\u00edcia Rafael, explicou a destina\u00e7\u00e3o das verbas, rebatendo algumas cr\u00edticas pelo investimento feito em todo o evento. \u201cRecebemos poucas, mas algumas mensagens questionando as comemora\u00e7\u00f5es. \u00c9 preciso explicar a estes grupos que cada secretaria tem sua fonte de recurso e que deve ser gasta exatamente com aquilo que lhe compete. No caso da cultura s\u00e3o os shows gratuitos, eventos que valorizam nossos talentos locais, eventos na rua e muito mais. Foi bem investido e o retorno do p\u00fablico \u00e9 o que importa\u201d, destacou.&nbsp;<\/p>\n\n\n\n<p>A popula\u00e7\u00e3o tamb\u00e9m fez quest\u00e3o de elogiar as festividades. \u201cEstou aqui hoje com meus amigos e fam\u00edlia podendo curtir essa festa que foi preparada pela Prefeitura de Pedro Leopoldo e est\u00e1 excelente! A novidade de fazer o evento aqui no campo do CEPPEL foi \u00f3tima tamb\u00e9m, um espa\u00e7o muito bom\u201d, destacou Tiago Fortes, morador de PL, que marcou presen\u00e7a na festa.<\/p>\n\n\n\n<p>Segundo a Prefeitura, os shows principais j\u00e1 aconteceram, mas o tradicional \u201cBoi da Manta&#8221; ainda tem datas no centro, bairros e distritos, assim como o Carnaval. A programa\u00e7\u00e3o completa est\u00e1 nas redes sociais do executivo @prefeituradepedroleopoldo.<\/p>\n\n\n\n<figure class=\"wp-block-gallery has-nested-images columns-default is-cropped wp-block-gallery-1 is-layout-flex wp-block-gallery-is-layout-flex\">\n<figure class=\"wp-block-image size-large\"><img decoding=\"async\" loading=\"lazy\" width=\"1024\" height=\"768\" data-id=\"24934\" src=\"https:\/\/arquivo.pedroleopoldo.mg.gov.br\/wp-content\/uploads\/2024\/02\/WhatsApp-Image-2024-01-31-at-14.15.38-1-1024x768.jpeg\" alt=\"\" class=\"wp-image-24934\" srcset=\"https:\/\/arquivo.pedroleopoldo.mg.gov.br\/wp-content\/uploads\/2024\/02\/WhatsApp-Image-2024-01-31-at-14.15.38-1-1024x768.jpeg 1024w, https:\/\/arquivo.pedroleopoldo.mg.gov.br\/wp-content\/uploads\/2024\/02\/WhatsApp-Image-2024-01-31-at-14.15.38-1-300x225.jpeg 300w, https:\/\/arquivo.pedroleopoldo.mg.gov.br\/wp-content\/uploads\/2024\/02\/WhatsApp-Image-2024-01-31-at-14.15.38-1-768x576.jpeg 768w, https:\/\/arquivo.pedroleopoldo.mg.gov.br\/wp-content\/uploads\/2024\/02\/WhatsApp-Image-2024-01-31-at-14.15.38-1-1536x1152.jpeg 1536w, https:\/\/arquivo.pedroleopoldo.mg.gov.br\/wp-content\/uploads\/2024\/02\/WhatsApp-Image-2024-01-31-at-14.15.38-1.jpeg 1600w\" sizes=\"(max-width: 1024px) 100vw, 1024px\" \/><\/figure>\n\n\n\n<figure class=\"wp-block-image size-large\"><img decoding=\"async\" loading=\"lazy\" width=\"1024\" height=\"768\" data-id=\"24932\" src=\"https:\/\/arquivo.pedroleopoldo.mg.gov.br\/wp-content\/uploads\/2024\/02\/WhatsApp-Image-2024-01-31-at-14.15.37-1024x768.jpeg\" alt=\"\" class=\"wp-image-24932\" srcset=\"https:\/\/arquivo.pedroleopoldo.mg.gov.br\/wp-content\/uploads\/2024\/02\/WhatsApp-Image-2024-01-31-at-14.15.37-1024x768.jpeg 1024w, https:\/\/arquivo.pedroleopoldo.mg.gov.br\/wp-content\/uploads\/2024\/02\/WhatsApp-Image-2024-01-31-at-14.15.37-300x225.jpeg 300w, https:\/\/arquivo.pedroleopoldo.mg.gov.br\/wp-content\/uploads\/2024\/02\/WhatsApp-Image-2024-01-31-at-14.15.37-768x576.jpeg 768w, https:\/\/arquivo.pedroleopoldo.mg.gov.br\/wp-content\/uploads\/2024\/02\/WhatsApp-Image-2024-01-31-at-14.15.37-1536x1152.jpeg 1536w, https:\/\/arquivo.pedroleopoldo.mg.gov.br\/wp-content\/uploads\/2024\/02\/WhatsApp-Image-2024-01-31-at-14.15.37.jpeg 1600w\" sizes=\"(max-width: 1024px) 100vw, 1024px\" \/><\/figure>\n\n\n\n<figure class=\"wp-block-image size-large\"><img decoding=\"async\" loading=\"lazy\" width=\"768\" height=\"1024\" data-id=\"24941\" src=\"https:\/\/arquivo.pedroleopoldo.mg.gov.br\/wp-content\/uploads\/2024\/02\/WhatsApp-Image-2024-01-31-at-14.14.09-768x1024.jpeg\" alt=\"\" class=\"wp-image-24941\" srcset=\"https:\/\/arquivo.pedroleopoldo.mg.gov.br\/wp-content\/uploads\/2024\/02\/WhatsApp-Image-2024-01-31-at-14.14.09-768x1024.jpeg 768w, https:\/\/arquivo.pedroleopoldo.mg.gov.br\/wp-content\/uploads\/2024\/02\/WhatsApp-Image-2024-01-31-at-14.14.09-225x300.jpeg 225w, https:\/\/arquivo.pedroleopoldo.mg.gov.br\/wp-content\/uploads\/2024\/02\/WhatsApp-Image-2024-01-31-at-14.14.09-1152x1536.jpeg 1152w, https:\/\/arquivo.pedroleopoldo.mg.gov.br\/wp-content\/uploads\/2024\/02\/WhatsApp-Image-2024-01-31-at-14.14.09.jpeg 1200w\" sizes=\"(max-width: 768px) 100vw, 768px\" \/><\/figure>\n\n\n\n<figure class=\"wp-block-image size-large\"><img decoding=\"async\" loading=\"lazy\" width=\"1024\" height=\"576\" data-id=\"24933\" src=\"https:\/\/arquivo.pedroleopoldo.mg.gov.br\/wp-content\/uploads\/2024\/02\/WhatsApp-Image-2024-01-31-at-14.14.09-1-1024x576.jpeg\" alt=\"\" class=\"wp-image-24933\" srcset=\"https:\/\/arquivo.pedroleopoldo.mg.gov.br\/wp-content\/uploads\/2024\/02\/WhatsApp-Image-2024-01-31-at-14.14.09-1-1024x576.jpeg 1024w, https:\/\/arquivo.pedroleopoldo.mg.gov.br\/wp-content\/uploads\/2024\/02\/WhatsApp-Image-2024-01-31-at-14.14.09-1-300x169.jpeg 300w, https:\/\/arquivo.pedroleopoldo.mg.gov.br\/wp-content\/uploads\/2024\/02\/WhatsApp-Image-2024-01-31-at-14.14.09-1-768x432.jpeg 768w, https:\/\/arquivo.pedroleopoldo.mg.gov.br\/wp-content\/uploads\/2024\/02\/WhatsApp-Image-2024-01-31-at-14.14.09-1-1536x864.jpeg 1536w, https:\/\/arquivo.pedroleopoldo.mg.gov.br\/wp-content\/uploads\/2024\/02\/WhatsApp-Image-2024-01-31-at-14.14.09-1.jpeg 1600w\" sizes=\"(max-width: 1024px) 100vw, 1024px\" \/><\/figure>\n\n\n\n<figure class=\"wp-block-image size-large\"><img decoding=\"async\" loading=\"lazy\" width=\"1024\" height=\"768\" data-id=\"24940\" src=\"https:\/\/arquivo.pedroleopoldo.mg.gov.br\/wp-content\/uploads\/2024\/02\/WhatsApp-Image-2024-01-31-at-14.14.08-1024x768.jpeg\" alt=\"\" class=\"wp-image-24940\" srcset=\"https:\/\/arquivo.pedroleopoldo.mg.gov.br\/wp-content\/uploads\/2024\/02\/WhatsApp-Image-2024-01-31-at-14.14.08-1024x768.jpeg 1024w, https:\/\/arquivo.pedroleopoldo.mg.gov.br\/wp-content\/uploads\/2024\/02\/WhatsApp-Image-2024-01-31-at-14.14.08-300x225.jpeg 300w, https:\/\/arquivo.pedroleopoldo.mg.gov.br\/wp-content\/uploads\/2024\/02\/WhatsApp-Image-2024-01-31-at-14.14.08-768x576.jpeg 768w, https:\/\/arquivo.pedroleopoldo.mg.gov.br\/wp-content\/uploads\/2024\/02\/WhatsApp-Image-2024-01-31-at-14.14.08-1536x1152.jpeg 1536w, https:\/\/arquivo.pedroleopoldo.mg.gov.br\/wp-content\/uploads\/2024\/02\/WhatsApp-Image-2024-01-31-at-14.14.08.jpeg 1600w\" sizes=\"(max-width: 1024px) 100vw, 1024px\" \/><\/figure>\n\n\n\n<figure class=\"wp-block-image size-large\"><img decoding=\"async\" loading=\"lazy\" width=\"1024\" height=\"768\" data-id=\"24938\" src=\"https:\/\/arquivo.pedroleopoldo.mg.gov.br\/wp-content\/uploads\/2024\/02\/WhatsApp-Image-2024-01-31-at-14.14.08-1-1024x768.jpeg\" alt=\"\" class=\"wp-image-24938\" srcset=\"https:\/\/arquivo.pedroleopoldo.mg.gov.br\/wp-content\/uploads\/2024\/02\/WhatsApp-Image-2024-01-31-at-14.14.08-1-1024x768.jpeg 1024w, https:\/\/arquivo.pedroleopoldo.mg.gov.br\/wp-content\/uploads\/2024\/02\/WhatsApp-Image-2024-01-31-at-14.14.08-1-300x225.jpeg 300w, https:\/\/arquivo.pedroleopoldo.mg.gov.br\/wp-content\/uploads\/2024\/02\/WhatsApp-Image-2024-01-31-at-14.14.08-1-768x576.jpeg 768w, https:\/\/arquivo.pedroleopoldo.mg.gov.br\/wp-content\/uploads\/2024\/02\/WhatsApp-Image-2024-01-31-at-14.14.08-1-1536x1152.jpeg 1536w, https:\/\/arquivo.pedroleopoldo.mg.gov.br\/wp-content\/uploads\/2024\/02\/WhatsApp-Image-2024-01-31-at-14.14.08-1.jpeg 1600w\" sizes=\"(max-width: 1024px) 100vw, 1024px\" \/><\/figure>\n\n\n\n<figure class=\"wp-block-image size-large\"><img decoding=\"async\" loading=\"lazy\" width=\"1024\" height=\"768\" data-id=\"24937\" src=\"https:\/\/arquivo.pedroleopoldo.mg.gov.br\/wp-content\/uploads\/2024\/02\/WhatsApp-Image-2024-01-31-at-14.14.07-1024x768.jpeg\" alt=\"\" class=\"wp-image-24937\" srcset=\"https:\/\/arquivo.pedroleopoldo.mg.gov.br\/wp-content\/uploads\/2024\/02\/WhatsApp-Image-2024-01-31-at-14.14.07-1024x768.jpeg 1024w, https:\/\/arquivo.pedroleopoldo.mg.gov.br\/wp-content\/uploads\/2024\/02\/WhatsApp-Image-2024-01-31-at-14.14.07-300x225.jpeg 300w, https:\/\/arquivo.pedroleopoldo.mg.gov.br\/wp-content\/uploads\/2024\/02\/WhatsApp-Image-2024-01-31-at-14.14.07-768x576.jpeg 768w, https:\/\/arquivo.pedroleopoldo.mg.gov.br\/wp-content\/uploads\/2024\/02\/WhatsApp-Image-2024-01-31-at-14.14.07-1536x1152.jpeg 1536w, https:\/\/arquivo.pedroleopoldo.mg.gov.br\/wp-content\/uploads\/2024\/02\/WhatsApp-Image-2024-01-31-at-14.14.07.jpeg 1600w\" sizes=\"(max-width: 1024px) 100vw, 1024px\" \/><\/figure>\n\n\n\n<figure class=\"wp-block-image size-large\"><img decoding=\"async\" loading=\"lazy\" width=\"768\" height=\"1024\" data-id=\"24936\" src=\"https:\/\/arquivo.pedroleopoldo.mg.gov.br\/wp-content\/uploads\/2024\/02\/WhatsApp-Image-2024-01-31-at-14.14.06-768x1024.jpeg\" alt=\"\" class=\"wp-image-24936\" srcset=\"https:\/\/arquivo.pedroleopoldo.mg.gov.br\/wp-content\/uploads\/2024\/02\/WhatsApp-Image-2024-01-31-at-14.14.06-768x1024.jpeg 768w, https:\/\/arquivo.pedroleopoldo.mg.gov.br\/wp-content\/uploads\/2024\/02\/WhatsApp-Image-2024-01-31-at-14.14.06-225x300.jpeg 225w, https:\/\/arquivo.pedroleopoldo.mg.gov.br\/wp-content\/uploads\/2024\/02\/WhatsApp-Image-2024-01-31-at-14.14.06-1152x1536.jpeg 1152w, https:\/\/arquivo.pedroleopoldo.mg.gov.br\/wp-content\/uploads\/2024\/02\/WhatsApp-Image-2024-01-31-at-14.14.06.jpeg 1200w\" sizes=\"(max-width: 768px) 100vw, 768px\" \/><\/figure>\n\n\n\n<figure class=\"wp-block-image size-large\"><img decoding=\"async\" loading=\"lazy\" width=\"768\" height=\"1024\" data-id=\"24935\" src=\"https:\/\/arquivo.pedroleopoldo.mg.gov.br\/wp-content\/uploads\/2024\/02\/WhatsApp-Image-2024-01-31-at-14.14.06-1-768x1024.jpeg\" alt=\"\" class=\"wp-image-24935\" srcset=\"https:\/\/arquivo.pedroleopoldo.mg.gov.br\/wp-content\/uploads\/2024\/02\/WhatsApp-Image-2024-01-31-at-14.14.06-1-768x1024.jpeg 768w, https:\/\/arquivo.pedroleopoldo.mg.gov.br\/wp-content\/uploads\/2024\/02\/WhatsApp-Image-2024-01-31-at-14.14.06-1-225x300.jpeg 225w, https:\/\/arquivo.pedroleopoldo.mg.gov.br\/wp-content\/uploads\/2024\/02\/WhatsApp-Image-2024-01-31-at-14.14.06-1-1152x1536.jpeg 1152w, https:\/\/arquivo.pedroleopoldo.mg.gov.br\/wp-content\/uploads\/2024\/02\/WhatsApp-Image-2024-01-31-at-14.14.06-1.jpeg 1200w\" sizes=\"(max-width: 768px) 100vw, 768px\" \/><\/figure>\n\n\n\n<figure class=\"wp-block-image size-large\"><img decoding=\"async\" loading=\"lazy\" width=\"1024\" height=\"576\" data-id=\"24939\" src=\"https:\/\/arquivo.pedroleopoldo.mg.gov.br\/wp-content\/uploads\/2024\/02\/WhatsApp-Image-2024-01-31-at-14.14.06-2-1024x576.jpeg\" alt=\"\" class=\"wp-image-24939\" srcset=\"https:\/\/arquivo.pedroleopoldo.mg.gov.br\/wp-content\/uploads\/2024\/02\/WhatsApp-Image-2024-01-31-at-14.14.06-2-1024x576.jpeg 1024w, https:\/\/arquivo.pedroleopoldo.mg.gov.br\/wp-content\/uploads\/2024\/02\/WhatsApp-Image-2024-01-31-at-14.14.06-2-300x169.jpeg 300w, https:\/\/arquivo.pedroleopoldo.mg.gov.br\/wp-content\/uploads\/2024\/02\/WhatsApp-Image-2024-01-31-at-14.14.06-2-768x432.jpeg 768w, https:\/\/arquivo.pedroleopoldo.mg.gov.br\/wp-content\/uploads\/2024\/02\/WhatsApp-Image-2024-01-31-at-14.14.06-2-1536x864.jpeg 1536w, https:\/\/arquivo.pedroleopoldo.mg.gov.br\/wp-content\/uploads\/2024\/02\/WhatsApp-Image-2024-01-31-at-14.14.06-2.jpeg 1600w\" sizes=\"(max-width: 1024px) 100vw, 1024px\" \/><\/figure>\n<\/figure>\n","protected":false},"excerpt":{"rendered":"<p>Os palcos do Centen\u00e1rio, que recebeu o nome de \u201cCem anos de vidas\u201d, receberam grandes artistas como Cleiton &amp; Camargo, Preto no Branco, C\u00e9sar Menotti e Fabiano e Xande de Pilares. Os artistas locais tamb\u00e9m tiveram espa\u00e7o especial na programa\u00e7\u00e3o que levou muita cultura e entretenimento para todos A Prefeitura de Pedro Leopoldo, por meio &hellip; <a href=\"https:\/\/arquivo.pedroleopoldo.mg.gov.br\/?p=24931\" class=\"more-link\">Continuar lendo <span class=\"screen-reader-text\">Festa em celebra\u00e7\u00e3o dos 100 anos de Pedro Leopoldo agitou o munic\u00edpio e trouxe alegria para as pessoas<\/span><\/a><\/p>\n","protected":false},"author":1,"featured_media":24942,"comment_status":"closed","ping_status":"closed","sticky":false,"template":"","format":"standard","meta":{"footnotes":""},"categories":[4],"tags":[],"_links":{"self":[{"href":"https:\/\/arquivo.pedroleopoldo.mg.gov.br\/index.php?rest_route=\/wp\/v2\/posts\/24931"}],"collection":[{"href":"https:\/\/arquivo.pedroleopoldo.mg.gov.br\/index.php?rest_route=\/wp\/v2\/posts"}],"about":[{"href":"https:\/\/arquivo.pedroleopoldo.mg.gov.br\/index.php?rest_route=\/wp\/v2\/types\/post"}],"author":[{"embeddable":true,"href":"https:\/\/arquivo.pedroleopoldo.mg.gov.br\/index.php?rest_route=\/wp\/v2\/users\/1"}],"replies":[{"embeddable":true,"href":"https:\/\/arquivo.pedroleopoldo.mg.gov.br\/index.php?rest_route=%2Fwp%2Fv2%2Fcomments&post=24931"}],"version-history":[{"count":0,"href":"https:\/\/arquivo.pedroleopoldo.mg.gov.br\/index.php?rest_route=\/wp\/v2\/posts\/24931\/revisions"}],"wp:featuredmedia":[{"embeddable":true,"href":"https:\/\/arquivo.pedroleopoldo.mg.gov.br\/index.php?rest_route=\/wp\/v2\/media\/24942"}],"wp:attachment":[{"href":"https:\/\/arquivo.pedroleopoldo.mg.gov.br\/index.php?rest_route=%2Fwp%2Fv2%2Fmedia&parent=24931"}],"wp:term":[{"taxonomy":"category","embeddable":true,"href":"https:\/\/arquivo.pedroleopoldo.mg.gov.br\/index.php?rest_route=%2Fwp%2Fv2%2Fcategories&post=24931"},{"taxonomy":"post_tag","embeddable":true,"href":"https:\/\/arquivo.pedroleopoldo.mg.gov.br\/index.php?rest_route=%2Fwp%2Fv2%2Ftags&post=24931"}],"curies":[{"name":"wp","href":"https:\/\/api.w.org\/{rel}","templated":true}]}}