{"id":24893,"date":"2024-01-19T17:10:22","date_gmt":"2024-01-19T20:10:22","guid":{"rendered":"https:\/\/arquivo.pedroleopoldo.mg.gov.br\/?p=24893"},"modified":"2024-01-19T17:10:23","modified_gmt":"2024-01-19T20:10:23","slug":"prefeitura-da-continuidade-neste-fim-de-semana-as-comemoracoes-dos-100-anos-com-shows-de-cleiton-e-camargo-e-da-banda-gospel-preto-no-branco","status":"publish","type":"post","link":"https:\/\/arquivo.pedroleopoldo.mg.gov.br\/?p=24893","title":{"rendered":"Prefeitura d\u00e1 continuidade neste fim de semana \u00e0s comemora\u00e7\u00f5es dos 100 anos com shows de Cleiton e Camargo e da banda gospel Preto no Branco"},"content":{"rendered":"\n<p><em>Ainda, os artistas locais Gleison T\u00falio, Ludmilla Vit\u00f3ria e Laysa Valadares estar\u00e3o nos palcos animando todo o fim de semana de festa<\/em><\/p>\n\n\n\n<p>Dando sequ\u00eancia \u00e0s comemora\u00e7\u00f5es do marco centen\u00e1rio de Pedro Leopoldo, que \u00e9 comemorado em 27 de janeiro, a Prefeitura de Pedro Leopoldo, por meio da Secretaria Municipal de Cultura, Lazer e Turismo, d\u00e1 continuidade neste fim de semana aos shows com artistas do cen\u00e1rio nacional e local.<\/p>\n\n\n\n<p>Na sexta-feira, 19, a partir das 20h, na Avenida Camilo Alves tem show da dupla Cleiton e Camargo, e para aquecer antes, Laysa Valadares abre a noite com muita m\u00fasica.<\/p>\n\n\n\n<p>J\u00e1 no s\u00e1bado, 20, na Pra\u00e7a da Esta\u00e7\u00e3o tem Gleison T\u00falio &amp; Convidados, a partir das 21h. No domingo a programa\u00e7\u00e3o come\u00e7a logo cedo, a partir das 07h com o Pedal 360\u00b0. \u00c0 noite, a partir das 20h, tem show da Banda Preto no Branco e da Ludmilla Vit\u00f3ria e Banda.<\/p>\n\n\n\n<p>A cultura e a divers\u00e3o tem que ser para todos, por isso a Prefeitura promove este acesso de forma plural e gratuita, possibilitando a alegria de todos. A entrada e participa\u00e7\u00e3o em toda a programa\u00e7\u00e3o s\u00e3o gratuitas, proporcionando ao cidad\u00e3o acesso \u00e0 cultura, ao divertimento e ao pertencimento.<\/p>\n\n\n\n<figure class=\"wp-block-image size-large is-resized\"><img decoding=\"async\" loading=\"lazy\" width=\"1024\" height=\"1024\" src=\"https:\/\/arquivo.pedroleopoldo.mg.gov.br\/wp-content\/uploads\/2024\/01\/image-2-1-1024x1024.png\" alt=\"\" class=\"wp-image-24896\" style=\"aspect-ratio:1;width:509px;height:auto\" srcset=\"https:\/\/arquivo.pedroleopoldo.mg.gov.br\/wp-content\/uploads\/2024\/01\/image-2-1-1024x1024.png 1024w, https:\/\/arquivo.pedroleopoldo.mg.gov.br\/wp-content\/uploads\/2024\/01\/image-2-1-300x300.png 300w, https:\/\/arquivo.pedroleopoldo.mg.gov.br\/wp-content\/uploads\/2024\/01\/image-2-1-150x150.png 150w, https:\/\/arquivo.pedroleopoldo.mg.gov.br\/wp-content\/uploads\/2024\/01\/image-2-1-768x768.png 768w, https:\/\/arquivo.pedroleopoldo.mg.gov.br\/wp-content\/uploads\/2024\/01\/image-2-1.png 1080w\" sizes=\"(max-width: 1024px) 100vw, 1024px\" \/><\/figure>\n\n\n\n<figure class=\"wp-block-image size-large is-resized\"><img decoding=\"async\" loading=\"lazy\" width=\"1024\" height=\"1024\" src=\"https:\/\/arquivo.pedroleopoldo.mg.gov.br\/wp-content\/uploads\/2024\/01\/image-5-1-1024x1024.png\" alt=\"\" class=\"wp-image-24899\" style=\"aspect-ratio:1;width:505px;height:auto\" srcset=\"https:\/\/arquivo.pedroleopoldo.mg.gov.br\/wp-content\/uploads\/2024\/01\/image-5-1-1024x1024.png 1024w, https:\/\/arquivo.pedroleopoldo.mg.gov.br\/wp-content\/uploads\/2024\/01\/image-5-1-300x300.png 300w, https:\/\/arquivo.pedroleopoldo.mg.gov.br\/wp-content\/uploads\/2024\/01\/image-5-1-150x150.png 150w, https:\/\/arquivo.pedroleopoldo.mg.gov.br\/wp-content\/uploads\/2024\/01\/image-5-1-768x768.png 768w, https:\/\/arquivo.pedroleopoldo.mg.gov.br\/wp-content\/uploads\/2024\/01\/image-5-1.png 1080w\" sizes=\"(max-width: 1024px) 100vw, 1024px\" \/><\/figure>\n\n\n\n<figure class=\"wp-block-image size-large is-resized\"><img decoding=\"async\" loading=\"lazy\" width=\"1024\" height=\"1024\" src=\"https:\/\/arquivo.pedroleopoldo.mg.gov.br\/wp-content\/uploads\/2024\/01\/image-4-2-1024x1024.png\" alt=\"\" class=\"wp-image-24898\" style=\"aspect-ratio:1;width:506px;height:auto\" srcset=\"https:\/\/arquivo.pedroleopoldo.mg.gov.br\/wp-content\/uploads\/2024\/01\/image-4-2-1024x1024.png 1024w, https:\/\/arquivo.pedroleopoldo.mg.gov.br\/wp-content\/uploads\/2024\/01\/image-4-2-300x300.png 300w, https:\/\/arquivo.pedroleopoldo.mg.gov.br\/wp-content\/uploads\/2024\/01\/image-4-2-150x150.png 150w, https:\/\/arquivo.pedroleopoldo.mg.gov.br\/wp-content\/uploads\/2024\/01\/image-4-2-768x768.png 768w, https:\/\/arquivo.pedroleopoldo.mg.gov.br\/wp-content\/uploads\/2024\/01\/image-4-2.png 1080w\" sizes=\"(max-width: 1024px) 100vw, 1024px\" \/><\/figure>\n\n\n\n<figure class=\"wp-block-image size-large is-resized\"><img decoding=\"async\" loading=\"lazy\" width=\"1024\" height=\"1024\" src=\"https:\/\/arquivo.pedroleopoldo.mg.gov.br\/wp-content\/uploads\/2024\/01\/image-3-2-1024x1024.png\" alt=\"\" class=\"wp-image-24897\" style=\"aspect-ratio:1;width:503px;height:auto\" srcset=\"https:\/\/arquivo.pedroleopoldo.mg.gov.br\/wp-content\/uploads\/2024\/01\/image-3-2-1024x1024.png 1024w, https:\/\/arquivo.pedroleopoldo.mg.gov.br\/wp-content\/uploads\/2024\/01\/image-3-2-300x300.png 300w, https:\/\/arquivo.pedroleopoldo.mg.gov.br\/wp-content\/uploads\/2024\/01\/image-3-2-150x150.png 150w, https:\/\/arquivo.pedroleopoldo.mg.gov.br\/wp-content\/uploads\/2024\/01\/image-3-2-768x768.png 768w, https:\/\/arquivo.pedroleopoldo.mg.gov.br\/wp-content\/uploads\/2024\/01\/image-3-2.png 1080w\" sizes=\"(max-width: 1024px) 100vw, 1024px\" \/><\/figure>\n","protected":false},"excerpt":{"rendered":"<p>Ainda, os artistas locais Gleison T\u00falio, Ludmilla Vit\u00f3ria e Laysa Valadares estar\u00e3o nos palcos animando todo o fim de semana de festa Dando sequ\u00eancia \u00e0s comemora\u00e7\u00f5es do marco centen\u00e1rio de Pedro Leopoldo, que \u00e9 comemorado em 27 de janeiro, a Prefeitura de Pedro Leopoldo, por meio da Secretaria Municipal de Cultura, Lazer e Turismo, d\u00e1 &hellip; <a href=\"https:\/\/arquivo.pedroleopoldo.mg.gov.br\/?p=24893\" class=\"more-link\">Continuar lendo <span class=\"screen-reader-text\">Prefeitura d\u00e1 continuidade neste fim de semana \u00e0s comemora\u00e7\u00f5es dos 100 anos com shows de Cleiton e Camargo e da banda gospel Preto no Branco<\/span><\/a><\/p>\n","protected":false},"author":1,"featured_media":24813,"comment_status":"closed","ping_status":"closed","sticky":false,"template":"","format":"standard","meta":{"footnotes":""},"categories":[4],"tags":[],"_links":{"self":[{"href":"https:\/\/arquivo.pedroleopoldo.mg.gov.br\/index.php?rest_route=\/wp\/v2\/posts\/24893"}],"collection":[{"href":"https:\/\/arquivo.pedroleopoldo.mg.gov.br\/index.php?rest_route=\/wp\/v2\/posts"}],"about":[{"href":"https:\/\/arquivo.pedroleopoldo.mg.gov.br\/index.php?rest_route=\/wp\/v2\/types\/post"}],"author":[{"embeddable":true,"href":"https:\/\/arquivo.pedroleopoldo.mg.gov.br\/index.php?rest_route=\/wp\/v2\/users\/1"}],"replies":[{"embeddable":true,"href":"https:\/\/arquivo.pedroleopoldo.mg.gov.br\/index.php?rest_route=%2Fwp%2Fv2%2Fcomments&post=24893"}],"version-history":[{"count":0,"href":"https:\/\/arquivo.pedroleopoldo.mg.gov.br\/index.php?rest_route=\/wp\/v2\/posts\/24893\/revisions"}],"wp:featuredmedia":[{"embeddable":true,"href":"https:\/\/arquivo.pedroleopoldo.mg.gov.br\/index.php?rest_route=\/wp\/v2\/media\/24813"}],"wp:attachment":[{"href":"https:\/\/arquivo.pedroleopoldo.mg.gov.br\/index.php?rest_route=%2Fwp%2Fv2%2Fmedia&parent=24893"}],"wp:term":[{"taxonomy":"category","embeddable":true,"href":"https:\/\/arquivo.pedroleopoldo.mg.gov.br\/index.php?rest_route=%2Fwp%2Fv2%2Fcategories&post=24893"},{"taxonomy":"post_tag","embeddable":true,"href":"https:\/\/arquivo.pedroleopoldo.mg.gov.br\/index.php?rest_route=%2Fwp%2Fv2%2Ftags&post=24893"}],"curies":[{"name":"wp","href":"https:\/\/api.w.org\/{rel}","templated":true}]}}