{"id":24892,"date":"2024-01-19T17:09:18","date_gmt":"2024-01-19T20:09:18","guid":{"rendered":"https:\/\/arquivo.pedroleopoldo.mg.gov.br\/?p=24892"},"modified":"2024-01-19T17:09:20","modified_gmt":"2024-01-19T20:09:20","slug":"prefeitura-anuncia-empresa-vencedora-de-licitacao-e-vai-iniciar-as-obras-de-revitalizacao-do-ceppel","status":"publish","type":"post","link":"https:\/\/arquivo.pedroleopoldo.mg.gov.br\/?p=24892","title":{"rendered":"Prefeitura anuncia empresa vencedora de licita\u00e7\u00e3o e vai iniciar as obras de revitaliza\u00e7\u00e3o do CEPPEL"},"content":{"rendered":"\n<p><em>A Wyx Construtora visitou o gin\u00e1sio e vai iniciar os trabalhos em breve. J\u00e1 no dia 22 de janeiro o gin\u00e1sio ser\u00e1 fechado para preparo dos trabalhos<\/em><\/p>\n\n\n\n<p>A Prefeitura de Pedro Leopoldo, por meio da Secretaria Municipal de Esportes, Juventude e Direitos Humanos, anunciou na \u00faltima sexta-feira, 12, a empresa vencedora da licita\u00e7\u00e3o das obras de revitaliza\u00e7\u00e3o do Centro Poliesportivo de Pedro Leopoldo, o CEPPEL, e suas depend\u00eancias.&nbsp;<\/p>\n\n\n\n<p>Em um v\u00eddeo nas redes pessoais, a Prefeita Eloisa Helena e a vice-prefeita, Ana Paula Santos, anunciaram a novidade t\u00e3o aguardada pela popula\u00e7\u00e3o. \u201cEstamos aqui com a empresa respons\u00e1vel para apresentar o espa\u00e7o \u00e0 eles. E logo no in\u00edcio de fevereiro teremos aqui trabalhadores para concretizar os trabalhos de revitaliza\u00e7\u00e3o do CEPPEL. Este trabalho t\u00e3o sonhado\u201d, disseram Eloisa e Ana Paula.&nbsp;<\/p>\n\n\n\n<p>Segundo a Secretaria Municipal de Esportes, o gin\u00e1sio ser\u00e1 fechado a partir do dia 22 de janeiro para o in\u00edcio dos preparativos para o trabalho. Enquanto isso, as atuais atividades realizadas no local, ser\u00e3o transferidas para um novo local que ainda ser\u00e1 definido e formalmente comunicado pelas m\u00eddias da Prefeitura e para os usu\u00e1rios do espa\u00e7o.&nbsp;<\/p>\n\n\n\n<p>O processo de revitaliza\u00e7\u00e3o deve passar pela estrutura do telhado, vesti\u00e1rios, arquibancadas, rampa de acesso para pessoas com defici\u00eancia, banheiros com acessibilidade, nova ilumina\u00e7\u00e3o, lanchonete e muito mais.<\/p>\n\n\n\n<p><strong>SHOWS DOS 100 ANOS NO CAMPO DO CEPPEL<\/strong><\/p>\n\n\n\n<p>Na programa\u00e7\u00e3o das festividades do centen\u00e1rio de Pedro Leopoldo, os shows de C\u00e9sar Menotti &amp; Fabiano e Xande de Pilares que aconteceriam no Parque de Exposi\u00e7\u00f5es, foram transferidos para o campo do CEPPEL. Vale ressaltar que isto n\u00e3o afetar\u00e1 o processo das obras no gin\u00e1sio. A programa\u00e7\u00e3o completa dos 100 anos encontra-se nas redes sociais da Prefeitura Municipal.\u00a0<\/p>\n\n\n\n<figure class=\"wp-block-gallery has-nested-images columns-default is-cropped wp-block-gallery-1 is-layout-flex wp-block-gallery-is-layout-flex\">\n<figure class=\"wp-block-image size-large\"><img decoding=\"async\" loading=\"lazy\" width=\"1024\" height=\"737\" data-id=\"24895\" src=\"https:\/\/arquivo.pedroleopoldo.mg.gov.br\/wp-content\/uploads\/2024\/01\/image-1-1-1024x737.png\" alt=\"\" class=\"wp-image-24895\" srcset=\"https:\/\/arquivo.pedroleopoldo.mg.gov.br\/wp-content\/uploads\/2024\/01\/image-1-1-1024x737.png 1024w, https:\/\/arquivo.pedroleopoldo.mg.gov.br\/wp-content\/uploads\/2024\/01\/image-1-1-300x216.png 300w, https:\/\/arquivo.pedroleopoldo.mg.gov.br\/wp-content\/uploads\/2024\/01\/image-1-1-768x553.png 768w, https:\/\/arquivo.pedroleopoldo.mg.gov.br\/wp-content\/uploads\/2024\/01\/image-1-1.png 1440w\" sizes=\"(max-width: 1024px) 100vw, 1024px\" \/><\/figure>\n\n\n\n<figure class=\"wp-block-image size-large\"><img decoding=\"async\" loading=\"lazy\" width=\"1024\" height=\"736\" data-id=\"24894\" src=\"https:\/\/arquivo.pedroleopoldo.mg.gov.br\/wp-content\/uploads\/2024\/01\/image-9-1024x736.png\" alt=\"\" class=\"wp-image-24894\" srcset=\"https:\/\/arquivo.pedroleopoldo.mg.gov.br\/wp-content\/uploads\/2024\/01\/image-9-1024x736.png 1024w, https:\/\/arquivo.pedroleopoldo.mg.gov.br\/wp-content\/uploads\/2024\/01\/image-9-300x216.png 300w, https:\/\/arquivo.pedroleopoldo.mg.gov.br\/wp-content\/uploads\/2024\/01\/image-9-768x552.png 768w, https:\/\/arquivo.pedroleopoldo.mg.gov.br\/wp-content\/uploads\/2024\/01\/image-9.png 1440w\" sizes=\"(max-width: 1024px) 100vw, 1024px\" \/><\/figure>\n<\/figure>\n","protected":false},"excerpt":{"rendered":"<p>A Wyx Construtora visitou o gin\u00e1sio e vai iniciar os trabalhos em breve. J\u00e1 no dia 22 de janeiro o gin\u00e1sio ser\u00e1 fechado para preparo dos trabalhos A Prefeitura de Pedro Leopoldo, por meio da Secretaria Municipal de Esportes, Juventude e Direitos Humanos, anunciou na \u00faltima sexta-feira, 12, a empresa vencedora da licita\u00e7\u00e3o das obras &hellip; <a href=\"https:\/\/arquivo.pedroleopoldo.mg.gov.br\/?p=24892\" class=\"more-link\">Continuar lendo <span class=\"screen-reader-text\">Prefeitura anuncia empresa vencedora de licita\u00e7\u00e3o e vai iniciar as obras de revitaliza\u00e7\u00e3o do CEPPEL<\/span><\/a><\/p>\n","protected":false},"author":1,"featured_media":24895,"comment_status":"closed","ping_status":"closed","sticky":false,"template":"","format":"standard","meta":{"footnotes":""},"categories":[4],"tags":[],"_links":{"self":[{"href":"https:\/\/arquivo.pedroleopoldo.mg.gov.br\/index.php?rest_route=\/wp\/v2\/posts\/24892"}],"collection":[{"href":"https:\/\/arquivo.pedroleopoldo.mg.gov.br\/index.php?rest_route=\/wp\/v2\/posts"}],"about":[{"href":"https:\/\/arquivo.pedroleopoldo.mg.gov.br\/index.php?rest_route=\/wp\/v2\/types\/post"}],"author":[{"embeddable":true,"href":"https:\/\/arquivo.pedroleopoldo.mg.gov.br\/index.php?rest_route=\/wp\/v2\/users\/1"}],"replies":[{"embeddable":true,"href":"https:\/\/arquivo.pedroleopoldo.mg.gov.br\/index.php?rest_route=%2Fwp%2Fv2%2Fcomments&post=24892"}],"version-history":[{"count":0,"href":"https:\/\/arquivo.pedroleopoldo.mg.gov.br\/index.php?rest_route=\/wp\/v2\/posts\/24892\/revisions"}],"wp:featuredmedia":[{"embeddable":true,"href":"https:\/\/arquivo.pedroleopoldo.mg.gov.br\/index.php?rest_route=\/wp\/v2\/media\/24895"}],"wp:attachment":[{"href":"https:\/\/arquivo.pedroleopoldo.mg.gov.br\/index.php?rest_route=%2Fwp%2Fv2%2Fmedia&parent=24892"}],"wp:term":[{"taxonomy":"category","embeddable":true,"href":"https:\/\/arquivo.pedroleopoldo.mg.gov.br\/index.php?rest_route=%2Fwp%2Fv2%2Fcategories&post=24892"},{"taxonomy":"post_tag","embeddable":true,"href":"https:\/\/arquivo.pedroleopoldo.mg.gov.br\/index.php?rest_route=%2Fwp%2Fv2%2Ftags&post=24892"}],"curies":[{"name":"wp","href":"https:\/\/api.w.org\/{rel}","templated":true}]}}