{"id":24889,"date":"2024-01-19T12:46:44","date_gmt":"2024-01-19T15:46:44","guid":{"rendered":"https:\/\/arquivo.pedroleopoldo.mg.gov.br\/?p=24889"},"modified":"2026-03-19T14:17:49","modified_gmt":"2026-03-19T17:17:49","slug":"termo-de-prorrogacao-ao-termo-de-colaboracao-001-2023-associacao-comunitaria-sao-sebastiao-asser","status":"publish","type":"post","link":"https:\/\/arquivo.pedroleopoldo.mg.gov.br\/?p=24889","title":{"rendered":"Termo de Prorroga\u00e7\u00e3o ao Termo de Colabora\u00e7\u00e3o 001-2023 &#8211; ASSOCIA\u00c7\u00c3O COMUNIT\u00c1RIA S\u00c3O SEBASTI\u00c3O &#8211; ASSER"},"content":{"rendered":"<a href=\"https:\/\/arquivo.pedroleopoldo.mg.gov.br\/wp-content\/uploads\/2024\/01\/Termo-de-Prorrogacao-ao-Termo-de-Colaboracao-001-2023-ASSOCIACAO-COMUNITARIA-SAO-SEBASTIAO-ASSER.pdf\" class=\"pdfemb-viewer\" style=\"\" data-width=\"max\" data-height=\"max\" data-toolbar=\"both\" data-toolbar-fixed=\"on\">Termo-de-Prorrogacao-ao-Termo-de-Colaboracao-001-2023-ASSOCIACAO-COMUNITARIA-SAO-SEBASTIAO-ASSER<\/a>\n<p class=\"wp-block-pdfemb-pdf-embedder-viewer\"><\/p>\n","protected":false},"excerpt":{"rendered":"","protected":false},"author":5,"featured_media":0,"comment_status":"closed","ping_status":"closed","sticky":false,"template":"","format":"standard","meta":{"footnotes":""},"categories":[33],"tags":[],"_links":{"self":[{"href":"https:\/\/arquivo.pedroleopoldo.mg.gov.br\/index.php?rest_route=\/wp\/v2\/posts\/24889"}],"collection":[{"href":"https:\/\/arquivo.pedroleopoldo.mg.gov.br\/index.php?rest_route=\/wp\/v2\/posts"}],"about":[{"href":"https:\/\/arquivo.pedroleopoldo.mg.gov.br\/index.php?rest_route=\/wp\/v2\/types\/post"}],"author":[{"embeddable":true,"href":"https:\/\/arquivo.pedroleopoldo.mg.gov.br\/index.php?rest_route=\/wp\/v2\/users\/5"}],"replies":[{"embeddable":true,"href":"https:\/\/arquivo.pedroleopoldo.mg.gov.br\/index.php?rest_route=%2Fwp%2Fv2%2Fcomments&post=24889"}],"version-history":[{"count":1,"href":"https:\/\/arquivo.pedroleopoldo.mg.gov.br\/index.php?rest_route=\/wp\/v2\/posts\/24889\/revisions"}],"predecessor-version":[{"id":30708,"href":"https:\/\/arquivo.pedroleopoldo.mg.gov.br\/index.php?rest_route=\/wp\/v2\/posts\/24889\/revisions\/30708"}],"wp:attachment":[{"href":"https:\/\/arquivo.pedroleopoldo.mg.gov.br\/index.php?rest_route=%2Fwp%2Fv2%2Fmedia&parent=24889"}],"wp:term":[{"taxonomy":"category","embeddable":true,"href":"https:\/\/arquivo.pedroleopoldo.mg.gov.br\/index.php?rest_route=%2Fwp%2Fv2%2Fcategories&post=24889"},{"taxonomy":"post_tag","embeddable":true,"href":"https:\/\/arquivo.pedroleopoldo.mg.gov.br\/index.php?rest_route=%2Fwp%2Fv2%2Ftags&post=24889"}],"curies":[{"name":"wp","href":"https:\/\/api.w.org\/{rel}","templated":true}]}}