{"id":24859,"date":"2024-01-12T12:46:50","date_gmt":"2024-01-12T15:46:50","guid":{"rendered":"https:\/\/arquivo.pedroleopoldo.mg.gov.br\/?p=24859"},"modified":"2024-01-12T12:51:16","modified_gmt":"2024-01-12T15:51:16","slug":"prefeitura-promove-diversas-acoes-de-combate-a-dengue-em-pedro-leopoldo","status":"publish","type":"post","link":"https:\/\/arquivo.pedroleopoldo.mg.gov.br\/?p=24859","title":{"rendered":"Prefeitura promove diversas a\u00e7\u00f5es de combate \u00e0 Dengue em Pedro Leopoldo"},"content":{"rendered":"\n<p><em>A equipe de Vigil\u00e2ncia e Aten\u00e7\u00e3o \u00e0 Sa\u00fade vem atuando desde o in\u00edcio de 2023 em diversas frentes. As regi\u00f5es de Vera Cruz, Dr. Lund, Ad\u00e9lia Issa, Teot\u00f4nio Batista de Freitas e Magalh\u00e3es s\u00e3o as que mais possuem focos do mosquito<\/em><\/p>\n\n\n\n<p>Em dezembro de 2023 o Minist\u00e9rio da Sa\u00fade emitiu um alerta sobre um surto de Dengue e uma epidemia para o come\u00e7o do ano de 2024. Segundo as informa\u00e7\u00f5es do Governo Federal, essa proje\u00e7\u00e3o se d\u00e1 em fun\u00e7\u00e3o da combina\u00e7\u00e3o entre calor e chuva e pelo ressurgimento recente do sorotipo 3 do v\u00edrus no Brasil.&nbsp;<\/p>\n\n\n\n<p>Em Pedro Leopoldo, a Prefeitura, por meio da Secretaria Municipal de Sa\u00fade, tem atuado em diversas frentes para combater os focos do mosquito e consequentemente evitar o crescimento do n\u00famero de casos. No munic\u00edpio, as equipes de sa\u00fade, com destaque para os Agentes de Combate a Endemias, t\u00eam atuado com visitas \u00e0s resid\u00eancias. \u201cO que temos pedido muito \u00e9 que os moradores abram as casas e recebam nossos agentes. \u00c9 preciso um esfor\u00e7o de m\u00e3o dupla para que o trabalho seja efetivo\u201d, comentou a Refer\u00eancia T\u00e9cnica em Epidemiologia, Rachel Lage.&nbsp;<\/p>\n\n\n\n<p>Al\u00e9m disso, foi criado o Comit\u00ea de Mobiliza\u00e7\u00e3o e Integra\u00e7\u00e3o das A\u00e7\u00f5es de Combate \u00e0s Arboviroses, que realizou a\u00e7\u00f5es de promo\u00e7\u00e3o \u00e0 sa\u00fade em locais p\u00fablicos, pactua\u00e7\u00e3o e destina\u00e7\u00e3o de pneus e outros criadouros do mosquito, a\u00e7\u00f5es educativas e palestras em pra\u00e7as p\u00fablicas, escolas e eventos culturais, participa\u00e7\u00e3o em r\u00e1dios locais, conscientiza\u00e7\u00e3o nas redes sociais do Executivo com publica\u00e7\u00f5es e transmiss\u00f5es ao vivo abordando o tema, mutir\u00f5es de limpeza, blitz educativa, participa\u00e7\u00f5es em semin\u00e1rios, contrata\u00e7\u00e3o de novos ACE\u00b4s, capacita\u00e7\u00f5es e muito mais.&nbsp;<\/p>\n\n\n\n<p>Segundo Boletim Epidemiol\u00f3gico, no munic\u00edpio, as regi\u00f5es com mais focos do criadouro do mosquito no momento s\u00e3o Vera Cruz, Dr. Lund, Ad\u00e9lia Issa, Teot\u00f4nio Batista de Freitas e Magalh\u00e3es. Segundo a Secretaria Municipal de Sa\u00fade, no m\u00eas de dezembro de 2023, o munic\u00edpio notificou 89 casos suspeitos de Dengue. Destes, 25 foram confirmados e 17 foram descartados. Outros 47 casos ainda est\u00e3o em investiga\u00e7\u00e3o.<\/p>\n\n\n\n<p>Os v\u00edrus da dengue e chikungunya s\u00e3o duas infec\u00e7\u00f5es transmitidas por mosquitos diferentes, sendo o Aedes aegypti o vetor comum para ambos. A principal diferen\u00e7a entre essas doen\u00e7as reside nos sintomas e nas complica\u00e7\u00f5es que podem surgir. A dengue caracteriza-se por febre s\u00fabita, dores musculares intensas, dor de cabe\u00e7a e erup\u00e7\u00f5es espec\u00edficas, podendo evoluir para uma forma mais grave, que pode causar hemorragias e comprometimento de \u00f3rg\u00e3os. J\u00e1 a chikungunya \u00e9 caracterizada por febre alta, dores articulares intensas, muitas vezes acompanhadas de edema nas articula\u00e7\u00f5es, que pode persistir por semanas ou meses.&nbsp;<\/p>\n\n\n\n<p><strong>Quando devo procurar um atendimento m\u00e9dico?<\/strong><\/p>\n\n\n\n<p>Quanto mais cedo melhor. Os pontos de sa\u00fade do munic\u00edpio det\u00eam uma rede de profissionais pronta para o atendimento, al\u00e9m de testes r\u00e1pidos que conseguem diagnosticar o paciente.&nbsp;<\/p>\n\n\n\n<p><strong>A vacina da Dengue j\u00e1 est\u00e1 dispon\u00edvel?<\/strong><\/p>\n\n\n\n<p>Ainda n\u00e3o. No momento, o Minist\u00e9rio da Sa\u00fade adquiriu e ir\u00e1 distribuir 5 milh\u00f5es de doses para estados e munic\u00edpios com \u00edndices mais graves da doen\u00e7a.<\/p>\n\n\n\n<figure class=\"wp-block-gallery has-nested-images columns-default is-cropped wp-block-gallery-1 is-layout-flex wp-block-gallery-is-layout-flex\">\n<figure class=\"wp-block-image size-large\"><img decoding=\"async\" loading=\"lazy\" width=\"1024\" height=\"1024\" data-id=\"24863\" src=\"https:\/\/arquivo.pedroleopoldo.mg.gov.br\/wp-content\/uploads\/2024\/01\/image-8-1024x1024.png\" alt=\"\" class=\"wp-image-24863\" srcset=\"https:\/\/arquivo.pedroleopoldo.mg.gov.br\/wp-content\/uploads\/2024\/01\/image-8-1024x1024.png 1024w, https:\/\/arquivo.pedroleopoldo.mg.gov.br\/wp-content\/uploads\/2024\/01\/image-8-300x300.png 300w, https:\/\/arquivo.pedroleopoldo.mg.gov.br\/wp-content\/uploads\/2024\/01\/image-8-150x150.png 150w, https:\/\/arquivo.pedroleopoldo.mg.gov.br\/wp-content\/uploads\/2024\/01\/image-8-768x768.png 768w, https:\/\/arquivo.pedroleopoldo.mg.gov.br\/wp-content\/uploads\/2024\/01\/image-8.png 1200w\" sizes=\"(max-width: 1024px) 100vw, 1024px\" \/><\/figure>\n\n\n\n<figure class=\"wp-block-image size-large\"><img decoding=\"async\" loading=\"lazy\" width=\"1024\" height=\"1024\" data-id=\"24862\" src=\"https:\/\/arquivo.pedroleopoldo.mg.gov.br\/wp-content\/uploads\/2024\/01\/image-7-1024x1024.png\" alt=\"\" class=\"wp-image-24862\" srcset=\"https:\/\/arquivo.pedroleopoldo.mg.gov.br\/wp-content\/uploads\/2024\/01\/image-7-1024x1024.png 1024w, https:\/\/arquivo.pedroleopoldo.mg.gov.br\/wp-content\/uploads\/2024\/01\/image-7-300x300.png 300w, https:\/\/arquivo.pedroleopoldo.mg.gov.br\/wp-content\/uploads\/2024\/01\/image-7-150x150.png 150w, https:\/\/arquivo.pedroleopoldo.mg.gov.br\/wp-content\/uploads\/2024\/01\/image-7-768x768.png 768w, https:\/\/arquivo.pedroleopoldo.mg.gov.br\/wp-content\/uploads\/2024\/01\/image-7.png 1080w\" sizes=\"(max-width: 1024px) 100vw, 1024px\" \/><\/figure>\n\n\n\n<figure class=\"wp-block-image size-large\"><img decoding=\"async\" loading=\"lazy\" width=\"1024\" height=\"1024\" data-id=\"24865\" src=\"https:\/\/arquivo.pedroleopoldo.mg.gov.br\/wp-content\/uploads\/2024\/01\/image-6-2-1024x1024.png\" alt=\"\" class=\"wp-image-24865\" srcset=\"https:\/\/arquivo.pedroleopoldo.mg.gov.br\/wp-content\/uploads\/2024\/01\/image-6-2-1024x1024.png 1024w, https:\/\/arquivo.pedroleopoldo.mg.gov.br\/wp-content\/uploads\/2024\/01\/image-6-2-300x300.png 300w, https:\/\/arquivo.pedroleopoldo.mg.gov.br\/wp-content\/uploads\/2024\/01\/image-6-2-150x150.png 150w, https:\/\/arquivo.pedroleopoldo.mg.gov.br\/wp-content\/uploads\/2024\/01\/image-6-2-768x768.png 768w, https:\/\/arquivo.pedroleopoldo.mg.gov.br\/wp-content\/uploads\/2024\/01\/image-6-2.png 1200w\" sizes=\"(max-width: 1024px) 100vw, 1024px\" \/><\/figure>\n\n\n\n<figure class=\"wp-block-image size-large\"><img decoding=\"async\" loading=\"lazy\" width=\"960\" height=\"960\" data-id=\"24864\" src=\"https:\/\/arquivo.pedroleopoldo.mg.gov.br\/wp-content\/uploads\/2024\/01\/image-5.png\" alt=\"\" class=\"wp-image-24864\" srcset=\"https:\/\/arquivo.pedroleopoldo.mg.gov.br\/wp-content\/uploads\/2024\/01\/image-5.png 960w, https:\/\/arquivo.pedroleopoldo.mg.gov.br\/wp-content\/uploads\/2024\/01\/image-5-300x300.png 300w, https:\/\/arquivo.pedroleopoldo.mg.gov.br\/wp-content\/uploads\/2024\/01\/image-5-150x150.png 150w, https:\/\/arquivo.pedroleopoldo.mg.gov.br\/wp-content\/uploads\/2024\/01\/image-5-768x768.png 768w\" sizes=\"(max-width: 960px) 100vw, 960px\" \/><\/figure>\n<\/figure>\n","protected":false},"excerpt":{"rendered":"<p>A equipe de Vigil\u00e2ncia e Aten\u00e7\u00e3o \u00e0 Sa\u00fade vem atuando desde o in\u00edcio de 2023 em diversas frentes. As regi\u00f5es de Vera Cruz, Dr. Lund, Ad\u00e9lia Issa, Teot\u00f4nio Batista de Freitas e Magalh\u00e3es s\u00e3o as que mais possuem focos do mosquito Em dezembro de 2023 o Minist\u00e9rio da Sa\u00fade emitiu um alerta sobre um surto &hellip; <a href=\"https:\/\/arquivo.pedroleopoldo.mg.gov.br\/?p=24859\" class=\"more-link\">Continuar lendo <span class=\"screen-reader-text\">Prefeitura promove diversas a\u00e7\u00f5es de combate \u00e0 Dengue em Pedro Leopoldo<\/span><\/a><\/p>\n","protected":false},"author":1,"featured_media":24864,"comment_status":"closed","ping_status":"closed","sticky":false,"template":"","format":"standard","meta":{"footnotes":""},"categories":[4],"tags":[],"_links":{"self":[{"href":"https:\/\/arquivo.pedroleopoldo.mg.gov.br\/index.php?rest_route=\/wp\/v2\/posts\/24859"}],"collection":[{"href":"https:\/\/arquivo.pedroleopoldo.mg.gov.br\/index.php?rest_route=\/wp\/v2\/posts"}],"about":[{"href":"https:\/\/arquivo.pedroleopoldo.mg.gov.br\/index.php?rest_route=\/wp\/v2\/types\/post"}],"author":[{"embeddable":true,"href":"https:\/\/arquivo.pedroleopoldo.mg.gov.br\/index.php?rest_route=\/wp\/v2\/users\/1"}],"replies":[{"embeddable":true,"href":"https:\/\/arquivo.pedroleopoldo.mg.gov.br\/index.php?rest_route=%2Fwp%2Fv2%2Fcomments&post=24859"}],"version-history":[{"count":0,"href":"https:\/\/arquivo.pedroleopoldo.mg.gov.br\/index.php?rest_route=\/wp\/v2\/posts\/24859\/revisions"}],"wp:featuredmedia":[{"embeddable":true,"href":"https:\/\/arquivo.pedroleopoldo.mg.gov.br\/index.php?rest_route=\/wp\/v2\/media\/24864"}],"wp:attachment":[{"href":"https:\/\/arquivo.pedroleopoldo.mg.gov.br\/index.php?rest_route=%2Fwp%2Fv2%2Fmedia&parent=24859"}],"wp:term":[{"taxonomy":"category","embeddable":true,"href":"https:\/\/arquivo.pedroleopoldo.mg.gov.br\/index.php?rest_route=%2Fwp%2Fv2%2Fcategories&post=24859"},{"taxonomy":"post_tag","embeddable":true,"href":"https:\/\/arquivo.pedroleopoldo.mg.gov.br\/index.php?rest_route=%2Fwp%2Fv2%2Ftags&post=24859"}],"curies":[{"name":"wp","href":"https:\/\/api.w.org\/{rel}","templated":true}]}}