{"id":24856,"date":"2024-01-12T12:46:17","date_gmt":"2024-01-12T15:46:17","guid":{"rendered":"https:\/\/arquivo.pedroleopoldo.mg.gov.br\/?p=24856"},"modified":"2024-01-12T12:46:20","modified_gmt":"2024-01-12T15:46:20","slug":"prefeitura-desafoga-lista-de-espera-por-vagas-nas-creches-municipais","status":"publish","type":"post","link":"https:\/\/arquivo.pedroleopoldo.mg.gov.br\/?p=24856","title":{"rendered":"Prefeitura desafoga lista de espera por vagas nas creches municipais"},"content":{"rendered":"\n<p><em>213 vagas nos Cemai\u2019s foram abertas para 2024<\/em><\/p>\n\n\n\n<p>Em Pedro Leopoldo, 93,14% das crian\u00e7as na faixa et\u00e1ria para estarem na creche j\u00e1 est\u00e3o matriculadas nos Centros Municipais de Aten\u00e7\u00e3o \u00e0 Inf\u00e2ncia (CEMAIs), evidenciando o compromisso s\u00f3lido da gest\u00e3o com a educa\u00e7\u00e3o. Em 2023 a lista chegou a ser zerada.<\/p>\n\n\n\n<p>A Prefeitura de Pedro Leopoldo, por meio da Secretaria Municipal de Educa\u00e7\u00e3o, tem cumprido diversas metas e compromissos com os alunos e suas fam\u00edlias no munic\u00edpio. O mais recente \u00e9 o desafogamento da lista de espera por vagas nos CEMAIs.&nbsp;<\/p>\n\n\n\n<p>Em 2024, mais 213 vagas foram abertas, da lista de 261 crian\u00e7as na lista de espera, o que fez com que apenas 48 vagas continuem aguardando para serem liberadas. O que, segundo a Secretaria de Educa\u00e7\u00e3o do munic\u00edpio, depende da rotatividade, que inclui desist\u00eancias e cortes et\u00e1rios.&nbsp;<\/p>\n\n\n\n<p>Segundo a Prefeita Eloisa Helena, o trabalho persiste, visando alcan\u00e7ar a marca de 100% de atendimento. \u201cA creche cumpre um papel fundamental na vida da nossa gente, principalmente na rotina dos pais e das fam\u00edlias, que muitas vezes trabalham de segunda a sexta e n\u00e3o t\u00eam com quem deixar as crian\u00e7as. Por isso, sempre procuramos investir na educa\u00e7\u00e3o e, neste caminho, em breve, se Deus quiser, vamos zerar essa lista de espera, mais uma vez\u201d, comentou Eloisa.<\/p>\n\n\n\n<p>As mais de 200 crian\u00e7as chamadas este ano, somadas \u00e0s j\u00e1 atendidas, totalizam mais de 650 crian\u00e7as matriculadas nas creches em Pedro Leopoldo, desfrutando de um ensino de qualidade.<\/p>\n\n\n\n<figure class=\"wp-block-gallery has-nested-images columns-default is-cropped wp-block-gallery-1 is-layout-flex wp-block-gallery-is-layout-flex\">\n<figure class=\"wp-block-image size-large\"><img decoding=\"async\" loading=\"lazy\" width=\"1024\" height=\"1024\" data-id=\"24858\" src=\"https:\/\/arquivo.pedroleopoldo.mg.gov.br\/wp-content\/uploads\/2024\/01\/image-3-1024x1024.png\" alt=\"\" class=\"wp-image-24858\" srcset=\"https:\/\/arquivo.pedroleopoldo.mg.gov.br\/wp-content\/uploads\/2024\/01\/image-3-1024x1024.png 1024w, https:\/\/arquivo.pedroleopoldo.mg.gov.br\/wp-content\/uploads\/2024\/01\/image-3-300x300.png 300w, https:\/\/arquivo.pedroleopoldo.mg.gov.br\/wp-content\/uploads\/2024\/01\/image-3-150x150.png 150w, https:\/\/arquivo.pedroleopoldo.mg.gov.br\/wp-content\/uploads\/2024\/01\/image-3-768x768.png 768w, https:\/\/arquivo.pedroleopoldo.mg.gov.br\/wp-content\/uploads\/2024\/01\/image-3.png 1080w\" sizes=\"(max-width: 1024px) 100vw, 1024px\" \/><\/figure>\n\n\n\n<figure class=\"wp-block-image size-large\"><img decoding=\"async\" loading=\"lazy\" width=\"1024\" height=\"1024\" data-id=\"24857\" src=\"https:\/\/arquivo.pedroleopoldo.mg.gov.br\/wp-content\/uploads\/2024\/01\/image-4-1024x1024.png\" alt=\"\" class=\"wp-image-24857\" srcset=\"https:\/\/arquivo.pedroleopoldo.mg.gov.br\/wp-content\/uploads\/2024\/01\/image-4-1024x1024.png 1024w, https:\/\/arquivo.pedroleopoldo.mg.gov.br\/wp-content\/uploads\/2024\/01\/image-4-300x300.png 300w, https:\/\/arquivo.pedroleopoldo.mg.gov.br\/wp-content\/uploads\/2024\/01\/image-4-150x150.png 150w, https:\/\/arquivo.pedroleopoldo.mg.gov.br\/wp-content\/uploads\/2024\/01\/image-4-768x768.png 768w, https:\/\/arquivo.pedroleopoldo.mg.gov.br\/wp-content\/uploads\/2024\/01\/image-4.png 1080w\" sizes=\"(max-width: 1024px) 100vw, 1024px\" \/><\/figure>\n<\/figure>\n","protected":false},"excerpt":{"rendered":"<p>213 vagas nos Cemai\u2019s foram abertas para 2024 Em Pedro Leopoldo, 93,14% das crian\u00e7as na faixa et\u00e1ria para estarem na creche j\u00e1 est\u00e3o matriculadas nos Centros Municipais de Aten\u00e7\u00e3o \u00e0 Inf\u00e2ncia (CEMAIs), evidenciando o compromisso s\u00f3lido da gest\u00e3o com a educa\u00e7\u00e3o. Em 2023 a lista chegou a ser zerada. A Prefeitura de Pedro Leopoldo, por &hellip; <a href=\"https:\/\/arquivo.pedroleopoldo.mg.gov.br\/?p=24856\" class=\"more-link\">Continuar lendo <span class=\"screen-reader-text\">Prefeitura desafoga lista de espera por vagas nas creches municipais<\/span><\/a><\/p>\n","protected":false},"author":1,"featured_media":24866,"comment_status":"closed","ping_status":"closed","sticky":false,"template":"","format":"standard","meta":{"footnotes":""},"categories":[4],"tags":[],"_links":{"self":[{"href":"https:\/\/arquivo.pedroleopoldo.mg.gov.br\/index.php?rest_route=\/wp\/v2\/posts\/24856"}],"collection":[{"href":"https:\/\/arquivo.pedroleopoldo.mg.gov.br\/index.php?rest_route=\/wp\/v2\/posts"}],"about":[{"href":"https:\/\/arquivo.pedroleopoldo.mg.gov.br\/index.php?rest_route=\/wp\/v2\/types\/post"}],"author":[{"embeddable":true,"href":"https:\/\/arquivo.pedroleopoldo.mg.gov.br\/index.php?rest_route=\/wp\/v2\/users\/1"}],"replies":[{"embeddable":true,"href":"https:\/\/arquivo.pedroleopoldo.mg.gov.br\/index.php?rest_route=%2Fwp%2Fv2%2Fcomments&post=24856"}],"version-history":[{"count":0,"href":"https:\/\/arquivo.pedroleopoldo.mg.gov.br\/index.php?rest_route=\/wp\/v2\/posts\/24856\/revisions"}],"wp:featuredmedia":[{"embeddable":true,"href":"https:\/\/arquivo.pedroleopoldo.mg.gov.br\/index.php?rest_route=\/wp\/v2\/media\/24866"}],"wp:attachment":[{"href":"https:\/\/arquivo.pedroleopoldo.mg.gov.br\/index.php?rest_route=%2Fwp%2Fv2%2Fmedia&parent=24856"}],"wp:term":[{"taxonomy":"category","embeddable":true,"href":"https:\/\/arquivo.pedroleopoldo.mg.gov.br\/index.php?rest_route=%2Fwp%2Fv2%2Fcategories&post=24856"},{"taxonomy":"post_tag","embeddable":true,"href":"https:\/\/arquivo.pedroleopoldo.mg.gov.br\/index.php?rest_route=%2Fwp%2Fv2%2Ftags&post=24856"}],"curies":[{"name":"wp","href":"https:\/\/api.w.org\/{rel}","templated":true}]}}