{"id":24799,"date":"2024-01-03T16:38:14","date_gmt":"2024-01-03T19:38:14","guid":{"rendered":"https:\/\/arquivo.pedroleopoldo.mg.gov.br\/?p=24799"},"modified":"2024-01-03T16:38:16","modified_gmt":"2024-01-03T19:38:16","slug":"festa-do-centenario-de-pl-anunciada-pela-prefeitura-recebe-inumeros-elogios-por-proporcionar-cultura-e-lazer-gratuitos-para-toda-a-populacao","status":"publish","type":"post","link":"https:\/\/arquivo.pedroleopoldo.mg.gov.br\/?p=24799","title":{"rendered":"Festa do Centen\u00e1rio de PL anunciada pela Prefeitura recebe in\u00fameros elogios por proporcionar cultura e lazer gratuitos para toda a popula\u00e7\u00e3o"},"content":{"rendered":"\n<p><em>Uma chuva de elogios veio logo ap\u00f3s a Prefeitura anunciar a comemora\u00e7\u00e3o dos 100\u00a0 anos de Pedro Leopoldo. Com atra\u00e7\u00f5es para todos os gostos, o evento promete ser um grande sucesso. O investimento na festa vai al\u00e9m de comemorar o primeiro s\u00e9culo do munic\u00edpio, mas tem tamb\u00e9m o objetivo de proporcionar entretenimento, lazer e acesso \u00e0 cultura para todos, sem exce\u00e7\u00e3o. Ser\u00e3o cerca de 20 atra\u00e7\u00f5es durante o m\u00eas de janeiro<\/em><\/p>\n\n\n\n<p>\u201cArrasaram na programa\u00e7\u00e3o\u201d, \u201cprograma\u00e7\u00e3o maravilhosa para todos os gostos\u201d, \u201c\u00c9 tudo de gra\u00e7a? Uau\u201d, \u201cExcelente programa\u00e7\u00e3o, merece os parab\u00e9ns a gest\u00e3o\u201d, \u201cEssa playlist vai t\u00e1 boa\u201d, \u201cEspet\u00e1culo, vai ser uma grande festa\u201d, \u201cQue 100 anos, nuuu\u201d!<\/p>\n\n\n\n<p>Estes foram alguns dos coment\u00e1rios sobre a programa\u00e7\u00e3o do centen\u00e1rio de Pedro Leopoldo. Foram milhares de elogios por toda a cidade t\u00e3o logo a Prefeitura de Pedro Leopoldo, por meio da Secretaria Municipal de Cultura, Lazer e Turismo, anunciou a programa\u00e7\u00e3o especial, que vai dos dias 19 a 21 e 26 a 28 de janeiro, com grandes nomes do cen\u00e1rio nacional e local. A vasta programa\u00e7\u00e3o tem o objetivo de celebrar, no pr\u00f3ximo dia 27 de janeiro, os 100 anos de Pedro Leopoldo, al\u00e9m de proporcionar o acesso de toda a popula\u00e7\u00e3o a grandes eventos culturais, dar oportunidade aos artistas locais e ainda movimentar a economia do munic\u00edpio.&nbsp;<\/p>\n\n\n\n<p>Quem tamb\u00e9m est\u00e1 muito feliz com o evento s\u00e3o os comerciantes locais que est\u00e3o ansiosos para a festa. \u201cPra gente \u00e9 t\u00e3o bom quanto acontecem estes eventos. \u00c9 quando a gente realmente lucra com nosso trabalho \u00e1rduo. Ano passado, na festa dos 99 anos que foi \u00f3tima vendemos bem demais, a renda foi muito boa pra gente, gra\u00e7as a Deus. Parab\u00e9ns pra Prefeita Eloisa e obrigada em nome de todos os comerciantes, viu?\u201d, disse J\u00fania Azevedo, vendedora ambulante.<\/p>\n\n\n\n<p>A Prefeita Eloisa Helena, fez quest\u00e3o de ressaltar a import\u00e2ncia da valoriza\u00e7\u00e3o e o acesso \u00e0 cultura. \u201cNossa cidade merece, nossa gente merece! At\u00e9 pensei em me chatear com algumas maldades que t\u00eam rondado por a\u00ed. Para um dia aspirar a ocupar um cargo p\u00fablico, \u00e9 preciso entender onde o dinheiro pode ser gasto e em qu\u00ea. Cultura \u00e9 investimento, \u00e9 proporcionar acesso a quem muitas vezes n\u00e3o possui condi\u00e7\u00f5es de estar em um grande evento com um grande artista. Nossos 100 anos ser\u00e3o em grande estilo, pois o povo merece e est\u00e1 feliz, \u00e9 isso que importa\u201d, comentou.<\/p>\n\n\n\n<p>Al\u00e9m dos grandes nomes nacionais, talentos locais como Laysa Valadares, Z\u00e9 Fl\u00e1vio e Banda, Gleison T\u00falio e convidados, Banda Outubro Vermelho, a cantora Clyntia, Orquestra Sinf\u00f4nica Cachoeira Grande, Ludmila Vit\u00f3ria &amp; Banda, Bruno Coimbra &amp; Os Perpendiculares, Batalha de Rima dos 100 anos com MC\u00b4s locais, Feirinha Especial 2024 e Encontro de Carros Antigos, est\u00e3o dentro da programa\u00e7\u00e3o.<\/p>\n\n\n\n<p>A festa do centen\u00e1rio ainda ter\u00e1 \u201cBatalha WB dos 100 Anos\u201d, \u201cFeirinha Especial 2024\u201d, que vai contar com o \u201cEncontro de Carros Antigos\u201d, shows com Cleiton e Camargo, C\u00e9sar Menotti e Fabiano, Xande de Pilares, Preto no Branco e outros. Para os amantes da pr\u00e1tica de esportes, acontece tamb\u00e9m a \u201cEdi\u00e7\u00e3o de 100 anos do Pedal 360\u00b0\u201d e a corrida \u201cCircuito das Cidades 2023\u201d.<\/p>\n\n\n\n<p>No s\u00e1bado, 27, anivers\u00e1rio de Pedro Leopoldo, o munic\u00edpio receber\u00e1 uma b\u00ean\u00e7\u00e3o atrav\u00e9s de um Culto Ecum\u00eanico que acontece a partir das 10h, sendo abrilhantado pelo Coral Lapa Vermelha e outros corais da cidade. Logo em seguida, \u00e0s 11h30, ser\u00e1 inaugurada a c\u00e1psula do tempo. A C\u00e1psula do Tempo representa um presente significativo para celebrar o centen\u00e1rio, reunindo um valioso acervo hist\u00f3rico e patrimonial do munic\u00edpio de Pedro Leopoldo. Este projeto envolver\u00e1 a participa\u00e7\u00e3o ativa de escolas, crian\u00e7as, entidades e diversos moradores da cidade, unindo esfor\u00e7os para preservar e compartilhar a riqueza cultural e mem\u00f3rias locais, sendo lacrada no dia 27 de janeiro e reaberta daqui a 50 anos.<\/p>\n\n\n\n<p>Ainda no dia 27 de janeiro ser\u00e1 dada a largada no tradicional Boi da Manta que vai percorrer n\u00e3o s\u00f3 o bairro Centro, mas tamb\u00e9m outras regi\u00f5es. A entrada e participa\u00e7\u00e3o em toda a programa\u00e7\u00e3o s\u00e3o gratuitas, proporcionando ao cidad\u00e3o acesso \u00e0 cultura, ao divertimento e ao pertencimento.<\/p>\n\n\n\n<figure class=\"wp-block-image size-large is-resized\"><img decoding=\"async\" loading=\"lazy\" width=\"1024\" height=\"1024\" src=\"https:\/\/arquivo.pedroleopoldo.mg.gov.br\/wp-content\/uploads\/2024\/01\/WhatsApp-Image-2023-12-28-at-11.00.18-1024x1024.jpeg\" alt=\"\" class=\"wp-image-24802\" style=\"aspect-ratio:1;width:549px;height:auto\" srcset=\"https:\/\/arquivo.pedroleopoldo.mg.gov.br\/wp-content\/uploads\/2024\/01\/WhatsApp-Image-2023-12-28-at-11.00.18-1024x1024.jpeg 1024w, https:\/\/arquivo.pedroleopoldo.mg.gov.br\/wp-content\/uploads\/2024\/01\/WhatsApp-Image-2023-12-28-at-11.00.18-300x300.jpeg 300w, https:\/\/arquivo.pedroleopoldo.mg.gov.br\/wp-content\/uploads\/2024\/01\/WhatsApp-Image-2023-12-28-at-11.00.18-150x150.jpeg 150w, https:\/\/arquivo.pedroleopoldo.mg.gov.br\/wp-content\/uploads\/2024\/01\/WhatsApp-Image-2023-12-28-at-11.00.18-768x768.jpeg 768w, https:\/\/arquivo.pedroleopoldo.mg.gov.br\/wp-content\/uploads\/2024\/01\/WhatsApp-Image-2023-12-28-at-11.00.18.jpeg 1080w\" sizes=\"(max-width: 1024px) 100vw, 1024px\" \/><\/figure>\n\n\n\n<figure class=\"wp-block-image size-large is-resized\"><img decoding=\"async\" loading=\"lazy\" width=\"1024\" height=\"1024\" src=\"https:\/\/arquivo.pedroleopoldo.mg.gov.br\/wp-content\/uploads\/2024\/01\/WhatsApp-Image-2023-12-28-at-11.00.19-1024x1024.jpeg\" alt=\"\" class=\"wp-image-24807\" style=\"aspect-ratio:1;width:542px;height:auto\" srcset=\"https:\/\/arquivo.pedroleopoldo.mg.gov.br\/wp-content\/uploads\/2024\/01\/WhatsApp-Image-2023-12-28-at-11.00.19-1024x1024.jpeg 1024w, https:\/\/arquivo.pedroleopoldo.mg.gov.br\/wp-content\/uploads\/2024\/01\/WhatsApp-Image-2023-12-28-at-11.00.19-300x300.jpeg 300w, https:\/\/arquivo.pedroleopoldo.mg.gov.br\/wp-content\/uploads\/2024\/01\/WhatsApp-Image-2023-12-28-at-11.00.19-150x150.jpeg 150w, https:\/\/arquivo.pedroleopoldo.mg.gov.br\/wp-content\/uploads\/2024\/01\/WhatsApp-Image-2023-12-28-at-11.00.19-768x768.jpeg 768w, https:\/\/arquivo.pedroleopoldo.mg.gov.br\/wp-content\/uploads\/2024\/01\/WhatsApp-Image-2023-12-28-at-11.00.19.jpeg 1080w\" sizes=\"(max-width: 1024px) 100vw, 1024px\" \/><\/figure>\n\n\n\n<figure class=\"wp-block-image size-large is-resized\"><img decoding=\"async\" loading=\"lazy\" width=\"1024\" height=\"1024\" src=\"https:\/\/arquivo.pedroleopoldo.mg.gov.br\/wp-content\/uploads\/2024\/01\/WhatsApp-Image-2023-12-28-at-11.00.19-1-1024x1024.jpeg\" alt=\"\" class=\"wp-image-24806\" style=\"aspect-ratio:1;width:542px;height:auto\" srcset=\"https:\/\/arquivo.pedroleopoldo.mg.gov.br\/wp-content\/uploads\/2024\/01\/WhatsApp-Image-2023-12-28-at-11.00.19-1-1024x1024.jpeg 1024w, https:\/\/arquivo.pedroleopoldo.mg.gov.br\/wp-content\/uploads\/2024\/01\/WhatsApp-Image-2023-12-28-at-11.00.19-1-300x300.jpeg 300w, https:\/\/arquivo.pedroleopoldo.mg.gov.br\/wp-content\/uploads\/2024\/01\/WhatsApp-Image-2023-12-28-at-11.00.19-1-150x150.jpeg 150w, https:\/\/arquivo.pedroleopoldo.mg.gov.br\/wp-content\/uploads\/2024\/01\/WhatsApp-Image-2023-12-28-at-11.00.19-1-768x768.jpeg 768w, https:\/\/arquivo.pedroleopoldo.mg.gov.br\/wp-content\/uploads\/2024\/01\/WhatsApp-Image-2023-12-28-at-11.00.19-1.jpeg 1080w\" sizes=\"(max-width: 1024px) 100vw, 1024px\" \/><\/figure>\n\n\n\n<figure class=\"wp-block-image size-large is-resized\"><img decoding=\"async\" loading=\"lazy\" width=\"1024\" height=\"1024\" src=\"https:\/\/arquivo.pedroleopoldo.mg.gov.br\/wp-content\/uploads\/2024\/01\/WhatsApp-Image-2023-12-28-at-11.00.20-1024x1024.jpeg\" alt=\"\" class=\"wp-image-24812\" style=\"aspect-ratio:1;width:544px;height:auto\" srcset=\"https:\/\/arquivo.pedroleopoldo.mg.gov.br\/wp-content\/uploads\/2024\/01\/WhatsApp-Image-2023-12-28-at-11.00.20-1024x1024.jpeg 1024w, https:\/\/arquivo.pedroleopoldo.mg.gov.br\/wp-content\/uploads\/2024\/01\/WhatsApp-Image-2023-12-28-at-11.00.20-300x300.jpeg 300w, https:\/\/arquivo.pedroleopoldo.mg.gov.br\/wp-content\/uploads\/2024\/01\/WhatsApp-Image-2023-12-28-at-11.00.20-150x150.jpeg 150w, https:\/\/arquivo.pedroleopoldo.mg.gov.br\/wp-content\/uploads\/2024\/01\/WhatsApp-Image-2023-12-28-at-11.00.20-768x768.jpeg 768w, https:\/\/arquivo.pedroleopoldo.mg.gov.br\/wp-content\/uploads\/2024\/01\/WhatsApp-Image-2023-12-28-at-11.00.20.jpeg 1080w\" sizes=\"(max-width: 1024px) 100vw, 1024px\" \/><\/figure>\n\n\n\n<figure class=\"wp-block-image size-large is-resized\"><img decoding=\"async\" loading=\"lazy\" width=\"1024\" height=\"1024\" src=\"https:\/\/arquivo.pedroleopoldo.mg.gov.br\/wp-content\/uploads\/2024\/01\/WhatsApp-Image-2023-12-28-at-12.25.54-1024x1024.jpeg\" alt=\"\" class=\"wp-image-24810\" style=\"aspect-ratio:1;width:540px;height:auto\" srcset=\"https:\/\/arquivo.pedroleopoldo.mg.gov.br\/wp-content\/uploads\/2024\/01\/WhatsApp-Image-2023-12-28-at-12.25.54-1024x1024.jpeg 1024w, https:\/\/arquivo.pedroleopoldo.mg.gov.br\/wp-content\/uploads\/2024\/01\/WhatsApp-Image-2023-12-28-at-12.25.54-300x300.jpeg 300w, https:\/\/arquivo.pedroleopoldo.mg.gov.br\/wp-content\/uploads\/2024\/01\/WhatsApp-Image-2023-12-28-at-12.25.54-150x150.jpeg 150w, https:\/\/arquivo.pedroleopoldo.mg.gov.br\/wp-content\/uploads\/2024\/01\/WhatsApp-Image-2023-12-28-at-12.25.54-768x768.jpeg 768w, https:\/\/arquivo.pedroleopoldo.mg.gov.br\/wp-content\/uploads\/2024\/01\/WhatsApp-Image-2023-12-28-at-12.25.54.jpeg 1080w\" sizes=\"(max-width: 1024px) 100vw, 1024px\" \/><\/figure>\n\n\n\n<figure class=\"wp-block-image size-large is-resized\"><img decoding=\"async\" loading=\"lazy\" width=\"1024\" height=\"1024\" src=\"https:\/\/arquivo.pedroleopoldo.mg.gov.br\/wp-content\/uploads\/2024\/01\/WhatsApp-Image-2023-12-28-at-11.00.21-1-1024x1024.jpeg\" alt=\"\" class=\"wp-image-24809\" style=\"aspect-ratio:1;width:541px;height:auto\" srcset=\"https:\/\/arquivo.pedroleopoldo.mg.gov.br\/wp-content\/uploads\/2024\/01\/WhatsApp-Image-2023-12-28-at-11.00.21-1-1024x1024.jpeg 1024w, https:\/\/arquivo.pedroleopoldo.mg.gov.br\/wp-content\/uploads\/2024\/01\/WhatsApp-Image-2023-12-28-at-11.00.21-1-300x300.jpeg 300w, https:\/\/arquivo.pedroleopoldo.mg.gov.br\/wp-content\/uploads\/2024\/01\/WhatsApp-Image-2023-12-28-at-11.00.21-1-150x150.jpeg 150w, https:\/\/arquivo.pedroleopoldo.mg.gov.br\/wp-content\/uploads\/2024\/01\/WhatsApp-Image-2023-12-28-at-11.00.21-1-768x768.jpeg 768w, https:\/\/arquivo.pedroleopoldo.mg.gov.br\/wp-content\/uploads\/2024\/01\/WhatsApp-Image-2023-12-28-at-11.00.21-1.jpeg 1080w\" sizes=\"(max-width: 1024px) 100vw, 1024px\" \/><\/figure>\n\n\n\n<figure class=\"wp-block-image size-large is-resized\"><img decoding=\"async\" loading=\"lazy\" width=\"1024\" height=\"1024\" src=\"https:\/\/arquivo.pedroleopoldo.mg.gov.br\/wp-content\/uploads\/2024\/01\/WhatsApp-Image-2023-12-28-at-11.00.21-1024x1024.jpeg\" alt=\"\" class=\"wp-image-24811\" style=\"aspect-ratio:1;width:540px;height:auto\" srcset=\"https:\/\/arquivo.pedroleopoldo.mg.gov.br\/wp-content\/uploads\/2024\/01\/WhatsApp-Image-2023-12-28-at-11.00.21-1024x1024.jpeg 1024w, https:\/\/arquivo.pedroleopoldo.mg.gov.br\/wp-content\/uploads\/2024\/01\/WhatsApp-Image-2023-12-28-at-11.00.21-300x300.jpeg 300w, https:\/\/arquivo.pedroleopoldo.mg.gov.br\/wp-content\/uploads\/2024\/01\/WhatsApp-Image-2023-12-28-at-11.00.21-150x150.jpeg 150w, https:\/\/arquivo.pedroleopoldo.mg.gov.br\/wp-content\/uploads\/2024\/01\/WhatsApp-Image-2023-12-28-at-11.00.21-768x768.jpeg 768w, https:\/\/arquivo.pedroleopoldo.mg.gov.br\/wp-content\/uploads\/2024\/01\/WhatsApp-Image-2023-12-28-at-11.00.21.jpeg 1080w\" sizes=\"(max-width: 1024px) 100vw, 1024px\" \/><\/figure>\n\n\n\n<figure class=\"wp-block-image size-large is-resized\"><img decoding=\"async\" loading=\"lazy\" width=\"1024\" height=\"1024\" src=\"https:\/\/arquivo.pedroleopoldo.mg.gov.br\/wp-content\/uploads\/2024\/01\/WhatsApp-Image-2023-12-28-at-11.00.22-1024x1024.jpeg\" alt=\"\" class=\"wp-image-24804\" style=\"aspect-ratio:1;width:539px;height:auto\" srcset=\"https:\/\/arquivo.pedroleopoldo.mg.gov.br\/wp-content\/uploads\/2024\/01\/WhatsApp-Image-2023-12-28-at-11.00.22-1024x1024.jpeg 1024w, https:\/\/arquivo.pedroleopoldo.mg.gov.br\/wp-content\/uploads\/2024\/01\/WhatsApp-Image-2023-12-28-at-11.00.22-300x300.jpeg 300w, https:\/\/arquivo.pedroleopoldo.mg.gov.br\/wp-content\/uploads\/2024\/01\/WhatsApp-Image-2023-12-28-at-11.00.22-150x150.jpeg 150w, https:\/\/arquivo.pedroleopoldo.mg.gov.br\/wp-content\/uploads\/2024\/01\/WhatsApp-Image-2023-12-28-at-11.00.22-768x768.jpeg 768w, https:\/\/arquivo.pedroleopoldo.mg.gov.br\/wp-content\/uploads\/2024\/01\/WhatsApp-Image-2023-12-28-at-11.00.22.jpeg 1080w\" sizes=\"(max-width: 1024px) 100vw, 1024px\" \/><\/figure>\n\n\n\n<figure class=\"wp-block-image size-large is-resized\"><img decoding=\"async\" loading=\"lazy\" width=\"1024\" height=\"1024\" src=\"https:\/\/arquivo.pedroleopoldo.mg.gov.br\/wp-content\/uploads\/2024\/01\/WhatsApp-Image-2023-12-28-at-11.00.22-1-1024x1024.jpeg\" alt=\"\" class=\"wp-image-24808\" style=\"aspect-ratio:1;width:534px;height:auto\" srcset=\"https:\/\/arquivo.pedroleopoldo.mg.gov.br\/wp-content\/uploads\/2024\/01\/WhatsApp-Image-2023-12-28-at-11.00.22-1-1024x1024.jpeg 1024w, https:\/\/arquivo.pedroleopoldo.mg.gov.br\/wp-content\/uploads\/2024\/01\/WhatsApp-Image-2023-12-28-at-11.00.22-1-300x300.jpeg 300w, https:\/\/arquivo.pedroleopoldo.mg.gov.br\/wp-content\/uploads\/2024\/01\/WhatsApp-Image-2023-12-28-at-11.00.22-1-150x150.jpeg 150w, https:\/\/arquivo.pedroleopoldo.mg.gov.br\/wp-content\/uploads\/2024\/01\/WhatsApp-Image-2023-12-28-at-11.00.22-1-768x768.jpeg 768w, https:\/\/arquivo.pedroleopoldo.mg.gov.br\/wp-content\/uploads\/2024\/01\/WhatsApp-Image-2023-12-28-at-11.00.22-1.jpeg 1080w\" sizes=\"(max-width: 1024px) 100vw, 1024px\" \/><\/figure>\n\n\n\n<figure class=\"wp-block-image size-large is-resized\"><img decoding=\"async\" loading=\"lazy\" width=\"1024\" height=\"1024\" src=\"https:\/\/arquivo.pedroleopoldo.mg.gov.br\/wp-content\/uploads\/2024\/01\/WhatsApp-Image-2023-12-28-at-11.00.23-1024x1024.jpeg\" alt=\"\" class=\"wp-image-24805\" style=\"aspect-ratio:1;width:532px;height:auto\" srcset=\"https:\/\/arquivo.pedroleopoldo.mg.gov.br\/wp-content\/uploads\/2024\/01\/WhatsApp-Image-2023-12-28-at-11.00.23-1024x1024.jpeg 1024w, https:\/\/arquivo.pedroleopoldo.mg.gov.br\/wp-content\/uploads\/2024\/01\/WhatsApp-Image-2023-12-28-at-11.00.23-300x300.jpeg 300w, https:\/\/arquivo.pedroleopoldo.mg.gov.br\/wp-content\/uploads\/2024\/01\/WhatsApp-Image-2023-12-28-at-11.00.23-150x150.jpeg 150w, https:\/\/arquivo.pedroleopoldo.mg.gov.br\/wp-content\/uploads\/2024\/01\/WhatsApp-Image-2023-12-28-at-11.00.23-768x768.jpeg 768w, https:\/\/arquivo.pedroleopoldo.mg.gov.br\/wp-content\/uploads\/2024\/01\/WhatsApp-Image-2023-12-28-at-11.00.23.jpeg 1080w\" sizes=\"(max-width: 1024px) 100vw, 1024px\" \/><\/figure>\n","protected":false},"excerpt":{"rendered":"<p>Uma chuva de elogios veio logo ap\u00f3s a Prefeitura anunciar a comemora\u00e7\u00e3o dos 100\u00a0 anos de Pedro Leopoldo. Com atra\u00e7\u00f5es para todos os gostos, o evento promete ser um grande sucesso. O investimento na festa vai al\u00e9m de comemorar o primeiro s\u00e9culo do munic\u00edpio, mas tem tamb\u00e9m o objetivo de proporcionar entretenimento, lazer e acesso &hellip; <a href=\"https:\/\/arquivo.pedroleopoldo.mg.gov.br\/?p=24799\" class=\"more-link\">Continuar lendo <span class=\"screen-reader-text\">Festa do Centen\u00e1rio de PL anunciada pela Prefeitura recebe in\u00fameros elogios por proporcionar cultura e lazer gratuitos para toda a popula\u00e7\u00e3o<\/span><\/a><\/p>\n","protected":false},"author":1,"featured_media":24813,"comment_status":"closed","ping_status":"closed","sticky":false,"template":"","format":"standard","meta":{"footnotes":""},"categories":[4],"tags":[],"_links":{"self":[{"href":"https:\/\/arquivo.pedroleopoldo.mg.gov.br\/index.php?rest_route=\/wp\/v2\/posts\/24799"}],"collection":[{"href":"https:\/\/arquivo.pedroleopoldo.mg.gov.br\/index.php?rest_route=\/wp\/v2\/posts"}],"about":[{"href":"https:\/\/arquivo.pedroleopoldo.mg.gov.br\/index.php?rest_route=\/wp\/v2\/types\/post"}],"author":[{"embeddable":true,"href":"https:\/\/arquivo.pedroleopoldo.mg.gov.br\/index.php?rest_route=\/wp\/v2\/users\/1"}],"replies":[{"embeddable":true,"href":"https:\/\/arquivo.pedroleopoldo.mg.gov.br\/index.php?rest_route=%2Fwp%2Fv2%2Fcomments&post=24799"}],"version-history":[{"count":0,"href":"https:\/\/arquivo.pedroleopoldo.mg.gov.br\/index.php?rest_route=\/wp\/v2\/posts\/24799\/revisions"}],"wp:featuredmedia":[{"embeddable":true,"href":"https:\/\/arquivo.pedroleopoldo.mg.gov.br\/index.php?rest_route=\/wp\/v2\/media\/24813"}],"wp:attachment":[{"href":"https:\/\/arquivo.pedroleopoldo.mg.gov.br\/index.php?rest_route=%2Fwp%2Fv2%2Fmedia&parent=24799"}],"wp:term":[{"taxonomy":"category","embeddable":true,"href":"https:\/\/arquivo.pedroleopoldo.mg.gov.br\/index.php?rest_route=%2Fwp%2Fv2%2Fcategories&post=24799"},{"taxonomy":"post_tag","embeddable":true,"href":"https:\/\/arquivo.pedroleopoldo.mg.gov.br\/index.php?rest_route=%2Fwp%2Fv2%2Ftags&post=24799"}],"curies":[{"name":"wp","href":"https:\/\/api.w.org\/{rel}","templated":true}]}}