{"id":24798,"date":"2024-01-03T16:34:07","date_gmt":"2024-01-03T19:34:07","guid":{"rendered":"https:\/\/arquivo.pedroleopoldo.mg.gov.br\/?p=24798"},"modified":"2024-01-03T16:34:09","modified_gmt":"2024-01-03T19:34:09","slug":"termina-no-dia-12-de-janeiro-o-periodo-para-a-matricula-escolar-na-rede-publica-municipal-de-pedro-leopoldo","status":"publish","type":"post","link":"https:\/\/arquivo.pedroleopoldo.mg.gov.br\/?p=24798","title":{"rendered":"Termina no dia 12 de janeiro o per\u00edodo para a matr\u00edcula escolar na rede p\u00fablica municipal de Pedro Leopoldo"},"content":{"rendered":"\n<p><em>A matr\u00edcula \u00e9 destinada aos alunos da pr\u00e9-escola, ensino fundamental e EJA e \u00e9 v\u00e1lida para quem realizou o pr\u00e9-cadastro escolar em 2023<\/em><\/p>\n\n\n\n<p>Termina na sexta-feira, 12 de janeiro, o per\u00edodo para que pais, respons\u00e1veis ou alunos maiores de idade possam realizar a matr\u00edcula na rede p\u00fablica municipal de ensino. A matr\u00edcula \u00e9 destinada para o ingresso na pr\u00e9-escola, ensino fundamental e EJA, a Educa\u00e7\u00e3o de Jovens e Adultos.&nbsp;<\/p>\n\n\n\n<p>Para realizar a matr\u00edcula \u00e9 preciso comparecer na escola em que o cadastro foi realizado em 2023, al\u00e9m de ser obrigat\u00f3ria a apresenta\u00e7\u00e3o do comprovante de inscri\u00e7\u00e3o feito no ano passado. \u00c9 preciso ainda da carteira de identidade e CPF, e, caso n\u00e3o possua, deve apresentar a certid\u00e3o de nascimento, al\u00e9m de 1 foto 3&#215;4, cart\u00e3o do SUS, comprovante de endere\u00e7o atualizado dos \u00faltimos 90 dias e cart\u00e3o de vacina\u00e7\u00e3o atualizado.&nbsp;<\/p>\n\n\n\n<p>Para aqueles que pretendem ingressar no ensino fundamental \u00e9 necess\u00e1rio apresentar ainda declara\u00e7\u00e3o de conclus\u00e3o de curso, v\u00e1lida apenas se tiver at\u00e9 30 dias ap\u00f3s a data de emiss\u00e3o. Para aqueles que pretendem ingressar no ensino fundamental, deve apresentar hist\u00f3rico escolar original, al\u00e9m de relat\u00f3rios m\u00e9dicos ou outros documentos importantes sobre o aluno.&nbsp;<\/p>\n\n\n\n<p>J\u00e1 para os alunos da Educa\u00e7\u00e3o de Jovens e Adultos, o EJA, a documenta\u00e7\u00e3o \u00e9 a mesma, incluindo a mais o t\u00edtulo de eleitor e documento militar para os alunos do sexo masculino. Os pais ou respons\u00e1veis que forem realizar a matr\u00edcula dos seus filhos devem apresentar tamb\u00e9m seus documentos pessoais.&nbsp;<\/p>\n\n\n\n<p><strong>E quem n\u00e3o fez o cadastramento escolar no per\u00edodo de inscri\u00e7\u00e3o?&nbsp;<\/strong><\/p>\n\n\n\n<p>De acordo com a Secretaria Municipal de Educa\u00e7\u00e3o, a m\u00e3e, pai ou respons\u00e1vel legal devem comparecer na escola mais pr\u00f3xima da resid\u00eancia e solicitar que seja inserido o nome do aluno na lista de espera. Na oportunidade, receber\u00e1 a rela\u00e7\u00e3o de documentos que dever\u00e1 ser providenciada para matr\u00edcula.<\/p>\n\n\n\n<p>A partir do dia 15\/01\/2024, as fam\u00edlias inseridas na lista de espera receber\u00e3o o contato da escola para que sejam orientadas sobre a matr\u00edcula. Os contatos acontecer\u00e3o na ordem da lista de espera.<\/p>\n\n\n\n<p>Em caso de d\u00favidas, entre em contato com a escola municipal mais pr\u00f3xima \u00e0 sua resid\u00eancia ou na Secretaria Municipal de Educa\u00e7\u00e3o, de segunda \u00e0 sexta-feira, das 8h \u00e0s 18h, na Rua An\u00e9lio Caldas, 33 &#8211; Dona J\u00falia. Os telefones de contato s\u00e3o: (31) 9 8814-3931, (31) 3662-3798, (31) 3662-5879.<\/p>\n\n\n","protected":false},"excerpt":{"rendered":"<p>A matr\u00edcula \u00e9 destinada aos alunos da pr\u00e9-escola, ensino fundamental e EJA e \u00e9 v\u00e1lida para quem realizou o pr\u00e9-cadastro escolar em 2023 Termina na sexta-feira, 12 de janeiro, o per\u00edodo para que pais, respons\u00e1veis ou alunos maiores de idade possam realizar a matr\u00edcula na rede p\u00fablica municipal de ensino. A matr\u00edcula \u00e9 destinada para &hellip; <a href=\"https:\/\/arquivo.pedroleopoldo.mg.gov.br\/?p=24798\" class=\"more-link\">Continuar lendo <span class=\"screen-reader-text\">Termina no dia 12 de janeiro o per\u00edodo para a matr\u00edcula escolar na rede p\u00fablica municipal de Pedro Leopoldo<\/span><\/a><\/p>\n","protected":false},"author":1,"featured_media":24800,"comment_status":"closed","ping_status":"closed","sticky":false,"template":"","format":"standard","meta":{"footnotes":""},"categories":[4],"tags":[],"_links":{"self":[{"href":"https:\/\/arquivo.pedroleopoldo.mg.gov.br\/index.php?rest_route=\/wp\/v2\/posts\/24798"}],"collection":[{"href":"https:\/\/arquivo.pedroleopoldo.mg.gov.br\/index.php?rest_route=\/wp\/v2\/posts"}],"about":[{"href":"https:\/\/arquivo.pedroleopoldo.mg.gov.br\/index.php?rest_route=\/wp\/v2\/types\/post"}],"author":[{"embeddable":true,"href":"https:\/\/arquivo.pedroleopoldo.mg.gov.br\/index.php?rest_route=\/wp\/v2\/users\/1"}],"replies":[{"embeddable":true,"href":"https:\/\/arquivo.pedroleopoldo.mg.gov.br\/index.php?rest_route=%2Fwp%2Fv2%2Fcomments&post=24798"}],"version-history":[{"count":0,"href":"https:\/\/arquivo.pedroleopoldo.mg.gov.br\/index.php?rest_route=\/wp\/v2\/posts\/24798\/revisions"}],"wp:featuredmedia":[{"embeddable":true,"href":"https:\/\/arquivo.pedroleopoldo.mg.gov.br\/index.php?rest_route=\/wp\/v2\/media\/24800"}],"wp:attachment":[{"href":"https:\/\/arquivo.pedroleopoldo.mg.gov.br\/index.php?rest_route=%2Fwp%2Fv2%2Fmedia&parent=24798"}],"wp:term":[{"taxonomy":"category","embeddable":true,"href":"https:\/\/arquivo.pedroleopoldo.mg.gov.br\/index.php?rest_route=%2Fwp%2Fv2%2Fcategories&post=24798"},{"taxonomy":"post_tag","embeddable":true,"href":"https:\/\/arquivo.pedroleopoldo.mg.gov.br\/index.php?rest_route=%2Fwp%2Fv2%2Ftags&post=24798"}],"curies":[{"name":"wp","href":"https:\/\/api.w.org\/{rel}","templated":true}]}}