{"id":24773,"date":"2023-12-22T18:25:46","date_gmt":"2023-12-22T21:25:46","guid":{"rendered":"https:\/\/arquivo.pedroleopoldo.mg.gov.br\/?p=24773"},"modified":"2023-12-22T18:25:48","modified_gmt":"2023-12-22T21:25:48","slug":"prefeitura-inaugura-base-do-samu-em-pedro-leopoldo-um-marco-na-saude-do-municipio","status":"publish","type":"post","link":"https:\/\/arquivo.pedroleopoldo.mg.gov.br\/?p=24773","title":{"rendered":"Prefeitura inaugura Base do SAMU em Pedro Leopoldo: Um marco na sa\u00fade do munic\u00edpio"},"content":{"rendered":"\n<p><em>Uma conquista gigante para Pedro Leopoldo ser\u00e1 concretizada esta semana. O Samu, desejo antigo da comunidade, vai sair do papel nesta gest\u00e3o. Depois de muitas tratativas, encontros, solicita\u00e7\u00f5es e muito trabalho, a Prefeita Eloisa Helena e sua equipe conseguiram trazer a Base do Servi\u00e7o de Atendimento M\u00f3vel de Urg\u00eancia para Pedro Leopoldo<\/em><\/p>\n\n\n\n<p>A Prefeitura de Pedro Leopoldo, atrav\u00e9s da Prefeita Eloisa Helena e da vice Ana Paula Santos, tem o prazer de convidar toda a comunidade para celebrar a inaugura\u00e7\u00e3o da base do Servi\u00e7o de Atendimento M\u00f3vel de Urg\u00eancia (SAMU). O evento acontecer\u00e1 nesta sexta-feira, 22 de dezembro, \u00e0s 10h, no Centro Integrado de Aten\u00e7\u00e3o \u00e0 Sa\u00fade (CIAS), localizado na Rua Ant\u00f4nio Rodrigues Cardoso, 63, Centro.<\/p>\n\n\n\n<p>Com dedica\u00e7\u00e3o incans\u00e1vel da atual gest\u00e3o, a comunidade poder\u00e1 contar com mais esta significativa conquista, refor\u00e7ando ainda mais a assist\u00eancia de emerg\u00eancia em nosso munic\u00edpio.&nbsp;<\/p>\n\n\n\n<p>A presen\u00e7a do SAMU em Pedro Leopoldo representa um avan\u00e7o de grande relev\u00e2ncia na capacidade de resposta a situa\u00e7\u00f5es de emerg\u00eancia. Com equipes treinadas e equipamentos especializados, o SAMU desempenha um papel crucial na presta\u00e7\u00e3o de cuidados m\u00e9dicos imediatos, podendo fazer a diferen\u00e7a entre a vida e a morte. Essa presen\u00e7a refor\u00e7a o compromisso da cidade com a seguran\u00e7a e bem-estar dos cidad\u00e3os, proporcionando uma rede de atendimento \u00e1gil e eficiente em momentos cr\u00edticos.<\/p>\n\n\n\n<p>A base \u00e9 composta por uma ambul\u00e2ncia tripulada, com t\u00e9cnico de enfermagem e um motorista socorrista. A central de regula\u00e7\u00e3o do SAMU repassar\u00e1 a ocorr\u00eancia para a base em Pedro Leopoldo que far\u00e1 o socorro dentro do munic\u00edpio, assim como as transfer\u00eancias extra-hospitalar (de hospital para hospital), que hoje s\u00e3o realizadas pelas ambul\u00e2ncias do Hospital Municipal, facilitando e otimizando o recebimento do paciente nas unidades hospitalares.&nbsp;<\/p>\n\n\n\n<p>A base descentralizada de Pedro Leopoldo conter\u00e1 um ambiente adequado para suporte administrativo dos profissionais, sala para manuten\u00e7\u00e3o de equipamentos,&nbsp; abastecimento de insumos m\u00e9dicos necess\u00e1rios para realiza\u00e7\u00e3o da assit\u00eancia, \u00e1rea para estacionamento da ambul\u00e2ncia, dentre outras reparti\u00e7\u00f5es. \u201cO servi\u00e7o do SAMU para nossa cidade veio a partir da constru\u00e7\u00e3o da rede de urg\u00eancia e emerg\u00eancia da macrorregi\u00e3o e pela sua necessidade. Este \u00e9 um grande feito da nossa administra\u00e7\u00e3o, em prol da nossa comunidade. J\u00e1 realizamos os atendimentos de urg\u00eancia e emerg\u00eancia atrav\u00e9s do PA Central e temos a certeza que ser\u00e1 um facilitador no trabalho da sa\u00fade. Um grande ganho para todos.\u201d, disse a vice-prefeita, Ana Paula Santos.<\/p>\n\n\n\n<p>A prefeita Eloisa Helena expressa seu orgulho e alegria com essa conquista para a comunidade. &#8220;Estamos orgulhosos de trazer o SAMU para Pedro Leopoldo, mais um grande passo do nosso compromisso com a sa\u00fade e seguran\u00e7a da nossa gente. A inaugura\u00e7\u00e3o desta base reflete o empenho incans\u00e1vel da nossa gest\u00e3o em fortalecer os servi\u00e7os de emerg\u00eancia. Contamos com a presen\u00e7a de cada cidad\u00e3o para celebrarmos este avan\u00e7o importante juntos. Unidos, constru\u00edmos um futuro mais saud\u00e1vel para nossa comunidade&#8221;, destacou.<\/p>\n\n\n\n<figure class=\"wp-block-gallery has-nested-images columns-default is-cropped wp-block-gallery-1 is-layout-flex wp-block-gallery-is-layout-flex\">\n<figure class=\"wp-block-image size-large\"><img decoding=\"async\" loading=\"lazy\" width=\"1024\" height=\"768\" data-id=\"24778\" src=\"https:\/\/arquivo.pedroleopoldo.mg.gov.br\/wp-content\/uploads\/2023\/12\/WhatsApp-Image-2023-12-22-at-16.47.08-1-1024x768.jpeg\" alt=\"\" class=\"wp-image-24778\" srcset=\"https:\/\/arquivo.pedroleopoldo.mg.gov.br\/wp-content\/uploads\/2023\/12\/WhatsApp-Image-2023-12-22-at-16.47.08-1-1024x768.jpeg 1024w, https:\/\/arquivo.pedroleopoldo.mg.gov.br\/wp-content\/uploads\/2023\/12\/WhatsApp-Image-2023-12-22-at-16.47.08-1-300x225.jpeg 300w, https:\/\/arquivo.pedroleopoldo.mg.gov.br\/wp-content\/uploads\/2023\/12\/WhatsApp-Image-2023-12-22-at-16.47.08-1-768x576.jpeg 768w, https:\/\/arquivo.pedroleopoldo.mg.gov.br\/wp-content\/uploads\/2023\/12\/WhatsApp-Image-2023-12-22-at-16.47.08-1-1536x1152.jpeg 1536w, https:\/\/arquivo.pedroleopoldo.mg.gov.br\/wp-content\/uploads\/2023\/12\/WhatsApp-Image-2023-12-22-at-16.47.08-1.jpeg 1600w\" sizes=\"(max-width: 1024px) 100vw, 1024px\" \/><\/figure>\n\n\n\n<figure class=\"wp-block-image size-large\"><img decoding=\"async\" loading=\"lazy\" width=\"768\" height=\"1024\" data-id=\"24774\" src=\"https:\/\/arquivo.pedroleopoldo.mg.gov.br\/wp-content\/uploads\/2023\/12\/WhatsApp-Image-2023-12-22-at-16.47.08-768x1024.jpeg\" alt=\"\" class=\"wp-image-24774\" srcset=\"https:\/\/arquivo.pedroleopoldo.mg.gov.br\/wp-content\/uploads\/2023\/12\/WhatsApp-Image-2023-12-22-at-16.47.08-768x1024.jpeg 768w, https:\/\/arquivo.pedroleopoldo.mg.gov.br\/wp-content\/uploads\/2023\/12\/WhatsApp-Image-2023-12-22-at-16.47.08-225x300.jpeg 225w, https:\/\/arquivo.pedroleopoldo.mg.gov.br\/wp-content\/uploads\/2023\/12\/WhatsApp-Image-2023-12-22-at-16.47.08-1152x1536.jpeg 1152w, https:\/\/arquivo.pedroleopoldo.mg.gov.br\/wp-content\/uploads\/2023\/12\/WhatsApp-Image-2023-12-22-at-16.47.08.jpeg 1200w\" sizes=\"(max-width: 768px) 100vw, 768px\" \/><\/figure>\n\n\n\n<figure class=\"wp-block-image size-large\"><img decoding=\"async\" loading=\"lazy\" width=\"768\" height=\"1024\" data-id=\"24775\" src=\"https:\/\/arquivo.pedroleopoldo.mg.gov.br\/wp-content\/uploads\/2023\/12\/WhatsApp-Image-2023-12-22-at-16.47.07-1-768x1024.jpeg\" alt=\"\" class=\"wp-image-24775\" srcset=\"https:\/\/arquivo.pedroleopoldo.mg.gov.br\/wp-content\/uploads\/2023\/12\/WhatsApp-Image-2023-12-22-at-16.47.07-1-768x1024.jpeg 768w, https:\/\/arquivo.pedroleopoldo.mg.gov.br\/wp-content\/uploads\/2023\/12\/WhatsApp-Image-2023-12-22-at-16.47.07-1-225x300.jpeg 225w, https:\/\/arquivo.pedroleopoldo.mg.gov.br\/wp-content\/uploads\/2023\/12\/WhatsApp-Image-2023-12-22-at-16.47.07-1-1152x1536.jpeg 1152w, https:\/\/arquivo.pedroleopoldo.mg.gov.br\/wp-content\/uploads\/2023\/12\/WhatsApp-Image-2023-12-22-at-16.47.07-1.jpeg 1200w\" sizes=\"(max-width: 768px) 100vw, 768px\" \/><\/figure>\n\n\n\n<figure class=\"wp-block-image size-large\"><img decoding=\"async\" loading=\"lazy\" width=\"1024\" height=\"768\" data-id=\"24777\" src=\"https:\/\/arquivo.pedroleopoldo.mg.gov.br\/wp-content\/uploads\/2023\/12\/WhatsApp-Image-2023-12-22-at-16.47.07-3-1024x768.jpeg\" alt=\"\" class=\"wp-image-24777\" srcset=\"https:\/\/arquivo.pedroleopoldo.mg.gov.br\/wp-content\/uploads\/2023\/12\/WhatsApp-Image-2023-12-22-at-16.47.07-3-1024x768.jpeg 1024w, https:\/\/arquivo.pedroleopoldo.mg.gov.br\/wp-content\/uploads\/2023\/12\/WhatsApp-Image-2023-12-22-at-16.47.07-3-300x225.jpeg 300w, https:\/\/arquivo.pedroleopoldo.mg.gov.br\/wp-content\/uploads\/2023\/12\/WhatsApp-Image-2023-12-22-at-16.47.07-3-768x576.jpeg 768w, https:\/\/arquivo.pedroleopoldo.mg.gov.br\/wp-content\/uploads\/2023\/12\/WhatsApp-Image-2023-12-22-at-16.47.07-3-1536x1152.jpeg 1536w, https:\/\/arquivo.pedroleopoldo.mg.gov.br\/wp-content\/uploads\/2023\/12\/WhatsApp-Image-2023-12-22-at-16.47.07-3.jpeg 1600w\" sizes=\"(max-width: 1024px) 100vw, 1024px\" \/><\/figure>\n<\/figure>\n","protected":false},"excerpt":{"rendered":"<p>Uma conquista gigante para Pedro Leopoldo ser\u00e1 concretizada esta semana. O Samu, desejo antigo da comunidade, vai sair do papel nesta gest\u00e3o. Depois de muitas tratativas, encontros, solicita\u00e7\u00f5es e muito trabalho, a Prefeita Eloisa Helena e sua equipe conseguiram trazer a Base do Servi\u00e7o de Atendimento M\u00f3vel de Urg\u00eancia para Pedro Leopoldo A Prefeitura de &hellip; <a href=\"https:\/\/arquivo.pedroleopoldo.mg.gov.br\/?p=24773\" class=\"more-link\">Continuar lendo <span class=\"screen-reader-text\">Prefeitura inaugura Base do SAMU em Pedro Leopoldo: Um marco na sa\u00fade do munic\u00edpio<\/span><\/a><\/p>\n","protected":false},"author":1,"featured_media":24775,"comment_status":"closed","ping_status":"closed","sticky":false,"template":"","format":"standard","meta":{"footnotes":""},"categories":[4],"tags":[],"_links":{"self":[{"href":"https:\/\/arquivo.pedroleopoldo.mg.gov.br\/index.php?rest_route=\/wp\/v2\/posts\/24773"}],"collection":[{"href":"https:\/\/arquivo.pedroleopoldo.mg.gov.br\/index.php?rest_route=\/wp\/v2\/posts"}],"about":[{"href":"https:\/\/arquivo.pedroleopoldo.mg.gov.br\/index.php?rest_route=\/wp\/v2\/types\/post"}],"author":[{"embeddable":true,"href":"https:\/\/arquivo.pedroleopoldo.mg.gov.br\/index.php?rest_route=\/wp\/v2\/users\/1"}],"replies":[{"embeddable":true,"href":"https:\/\/arquivo.pedroleopoldo.mg.gov.br\/index.php?rest_route=%2Fwp%2Fv2%2Fcomments&post=24773"}],"version-history":[{"count":0,"href":"https:\/\/arquivo.pedroleopoldo.mg.gov.br\/index.php?rest_route=\/wp\/v2\/posts\/24773\/revisions"}],"wp:featuredmedia":[{"embeddable":true,"href":"https:\/\/arquivo.pedroleopoldo.mg.gov.br\/index.php?rest_route=\/wp\/v2\/media\/24775"}],"wp:attachment":[{"href":"https:\/\/arquivo.pedroleopoldo.mg.gov.br\/index.php?rest_route=%2Fwp%2Fv2%2Fmedia&parent=24773"}],"wp:term":[{"taxonomy":"category","embeddable":true,"href":"https:\/\/arquivo.pedroleopoldo.mg.gov.br\/index.php?rest_route=%2Fwp%2Fv2%2Fcategories&post=24773"},{"taxonomy":"post_tag","embeddable":true,"href":"https:\/\/arquivo.pedroleopoldo.mg.gov.br\/index.php?rest_route=%2Fwp%2Fv2%2Ftags&post=24773"}],"curies":[{"name":"wp","href":"https:\/\/api.w.org\/{rel}","templated":true}]}}