{"id":24759,"date":"2023-12-22T18:13:00","date_gmt":"2023-12-22T21:13:00","guid":{"rendered":"https:\/\/arquivo.pedroleopoldo.mg.gov.br\/?p=24759"},"modified":"2023-12-22T18:13:03","modified_gmt":"2023-12-22T21:13:03","slug":"prefeitura-inicia-revitalizacao-da-pista-de-cooper","status":"publish","type":"post","link":"https:\/\/arquivo.pedroleopoldo.mg.gov.br\/?p=24759","title":{"rendered":"Prefeitura inicia revitaliza\u00e7\u00e3o da Pista de Cooper"},"content":{"rendered":"\n<p><em>A promo\u00e7\u00e3o de melhorias em espa\u00e7os p\u00fablicos \u00e9 um marco da atual administra\u00e7\u00e3o<\/em><\/p>\n\n\n\n<p>A Prefeitura de Pedro Leopoldo est\u00e1 investindo na melhoria da qualidade de vida da popula\u00e7\u00e3o em v\u00e1rios setores. Agora foi a vez de dar in\u00edcio \u00e0 revitaliza\u00e7\u00e3o da Pista de Cooper. A Secretaria de Obras, que j\u00e1 capinou, limpou e tapou buracos no trajeto, est\u00e1 atualmente implementando um novo asfalto, e em breve, essas melhorias estar\u00e3o conclu\u00eddas, tamb\u00e9m com pintura de meio-fio, oferecendo aos esportistas e entusiastas da caminhada um ambiente renovado para a pr\u00e1tica de exerc\u00edcios com maior qualidade e seguran\u00e7a.<\/p>\n\n\n\n<p>Carlos Silva, morador de PL e praticante de atividades f\u00edsicas, expressou sua satisfa\u00e7\u00e3o com a revitaliza\u00e7\u00e3o da pista: &#8220;A pista de cooper \u00e9 um espa\u00e7o especial para mim, onde encontro tranquilidade e sa\u00fade. Estou animado com as melhorias em andamento, pois sei que proporcionar\u00e3o um ambiente ainda mais atraente para nossas atividades di\u00e1rias&#8221;, disse.&nbsp;<\/p>\n\n\n\n<p>Essa iniciativa reflete o compromisso da administra\u00e7\u00e3o municipal em proporcionar espa\u00e7os p\u00fablicos que incentivem a atividade f\u00edsica e promovam o bem-estar para as fam\u00edlias. Com o recapeamento a pista de cooper se tornar\u00e1 um local prop\u00edcio n\u00e3o apenas para o exerc\u00edcio, mas tamb\u00e9m para o conv\u00edvio social, promovendo um estilo de vida saud\u00e1vel.<\/p>\n\n\n\n<figure class=\"wp-block-gallery has-nested-images columns-default is-cropped wp-block-gallery-1 is-layout-flex wp-block-gallery-is-layout-flex\">\n<figure class=\"wp-block-image size-large\"><img decoding=\"async\" loading=\"lazy\" width=\"1024\" height=\"768\" data-id=\"24760\" src=\"https:\/\/arquivo.pedroleopoldo.mg.gov.br\/wp-content\/uploads\/2023\/12\/IMG_4894-1024x768.jpg\" alt=\"\" class=\"wp-image-24760\" srcset=\"https:\/\/arquivo.pedroleopoldo.mg.gov.br\/wp-content\/uploads\/2023\/12\/IMG_4894-1024x768.jpg 1024w, https:\/\/arquivo.pedroleopoldo.mg.gov.br\/wp-content\/uploads\/2023\/12\/IMG_4894-300x225.jpg 300w, https:\/\/arquivo.pedroleopoldo.mg.gov.br\/wp-content\/uploads\/2023\/12\/IMG_4894-768x576.jpg 768w, https:\/\/arquivo.pedroleopoldo.mg.gov.br\/wp-content\/uploads\/2023\/12\/IMG_4894-1536x1152.jpg 1536w, https:\/\/arquivo.pedroleopoldo.mg.gov.br\/wp-content\/uploads\/2023\/12\/IMG_4894-2048x1536.jpg 2048w\" sizes=\"(max-width: 1024px) 100vw, 1024px\" \/><\/figure>\n\n\n\n<figure class=\"wp-block-image size-large\"><img decoding=\"async\" loading=\"lazy\" width=\"1024\" height=\"768\" data-id=\"24762\" src=\"https:\/\/arquivo.pedroleopoldo.mg.gov.br\/wp-content\/uploads\/2023\/12\/IMG_4896-1024x768.jpg\" alt=\"\" class=\"wp-image-24762\" srcset=\"https:\/\/arquivo.pedroleopoldo.mg.gov.br\/wp-content\/uploads\/2023\/12\/IMG_4896-1024x768.jpg 1024w, https:\/\/arquivo.pedroleopoldo.mg.gov.br\/wp-content\/uploads\/2023\/12\/IMG_4896-300x225.jpg 300w, https:\/\/arquivo.pedroleopoldo.mg.gov.br\/wp-content\/uploads\/2023\/12\/IMG_4896-768x576.jpg 768w, https:\/\/arquivo.pedroleopoldo.mg.gov.br\/wp-content\/uploads\/2023\/12\/IMG_4896-1536x1152.jpg 1536w, https:\/\/arquivo.pedroleopoldo.mg.gov.br\/wp-content\/uploads\/2023\/12\/IMG_4896-2048x1536.jpg 2048w\" sizes=\"(max-width: 1024px) 100vw, 1024px\" \/><\/figure>\n\n\n\n<figure class=\"wp-block-image size-large\"><img decoding=\"async\" loading=\"lazy\" width=\"1024\" height=\"768\" data-id=\"24761\" src=\"https:\/\/arquivo.pedroleopoldo.mg.gov.br\/wp-content\/uploads\/2023\/12\/IMG_4894-1024x768.jpeg\" alt=\"\" class=\"wp-image-24761\" srcset=\"https:\/\/arquivo.pedroleopoldo.mg.gov.br\/wp-content\/uploads\/2023\/12\/IMG_4894-1024x768.jpeg 1024w, https:\/\/arquivo.pedroleopoldo.mg.gov.br\/wp-content\/uploads\/2023\/12\/IMG_4894-300x225.jpeg 300w, https:\/\/arquivo.pedroleopoldo.mg.gov.br\/wp-content\/uploads\/2023\/12\/IMG_4894-768x576.jpeg 768w, https:\/\/arquivo.pedroleopoldo.mg.gov.br\/wp-content\/uploads\/2023\/12\/IMG_4894-1536x1152.jpeg 1536w, https:\/\/arquivo.pedroleopoldo.mg.gov.br\/wp-content\/uploads\/2023\/12\/IMG_4894-2048x1536.jpeg 2048w\" sizes=\"(max-width: 1024px) 100vw, 1024px\" \/><\/figure>\n<\/figure>\n","protected":false},"excerpt":{"rendered":"<p>A promo\u00e7\u00e3o de melhorias em espa\u00e7os p\u00fablicos \u00e9 um marco da atual administra\u00e7\u00e3o A Prefeitura de Pedro Leopoldo est\u00e1 investindo na melhoria da qualidade de vida da popula\u00e7\u00e3o em v\u00e1rios setores. Agora foi a vez de dar in\u00edcio \u00e0 revitaliza\u00e7\u00e3o da Pista de Cooper. A Secretaria de Obras, que j\u00e1 capinou, limpou e tapou buracos &hellip; <a href=\"https:\/\/arquivo.pedroleopoldo.mg.gov.br\/?p=24759\" class=\"more-link\">Continuar lendo <span class=\"screen-reader-text\">Prefeitura inicia revitaliza\u00e7\u00e3o da Pista de Cooper<\/span><\/a><\/p>\n","protected":false},"author":1,"featured_media":24762,"comment_status":"closed","ping_status":"closed","sticky":false,"template":"","format":"standard","meta":{"footnotes":""},"categories":[4],"tags":[],"_links":{"self":[{"href":"https:\/\/arquivo.pedroleopoldo.mg.gov.br\/index.php?rest_route=\/wp\/v2\/posts\/24759"}],"collection":[{"href":"https:\/\/arquivo.pedroleopoldo.mg.gov.br\/index.php?rest_route=\/wp\/v2\/posts"}],"about":[{"href":"https:\/\/arquivo.pedroleopoldo.mg.gov.br\/index.php?rest_route=\/wp\/v2\/types\/post"}],"author":[{"embeddable":true,"href":"https:\/\/arquivo.pedroleopoldo.mg.gov.br\/index.php?rest_route=\/wp\/v2\/users\/1"}],"replies":[{"embeddable":true,"href":"https:\/\/arquivo.pedroleopoldo.mg.gov.br\/index.php?rest_route=%2Fwp%2Fv2%2Fcomments&post=24759"}],"version-history":[{"count":0,"href":"https:\/\/arquivo.pedroleopoldo.mg.gov.br\/index.php?rest_route=\/wp\/v2\/posts\/24759\/revisions"}],"wp:featuredmedia":[{"embeddable":true,"href":"https:\/\/arquivo.pedroleopoldo.mg.gov.br\/index.php?rest_route=\/wp\/v2\/media\/24762"}],"wp:attachment":[{"href":"https:\/\/arquivo.pedroleopoldo.mg.gov.br\/index.php?rest_route=%2Fwp%2Fv2%2Fmedia&parent=24759"}],"wp:term":[{"taxonomy":"category","embeddable":true,"href":"https:\/\/arquivo.pedroleopoldo.mg.gov.br\/index.php?rest_route=%2Fwp%2Fv2%2Fcategories&post=24759"},{"taxonomy":"post_tag","embeddable":true,"href":"https:\/\/arquivo.pedroleopoldo.mg.gov.br\/index.php?rest_route=%2Fwp%2Fv2%2Ftags&post=24759"}],"curies":[{"name":"wp","href":"https:\/\/api.w.org\/{rel}","templated":true}]}}