{"id":24755,"date":"2023-12-22T18:10:55","date_gmt":"2023-12-22T21:10:55","guid":{"rendered":"https:\/\/arquivo.pedroleopoldo.mg.gov.br\/?p=24755"},"modified":"2023-12-22T18:10:58","modified_gmt":"2023-12-22T21:10:58","slug":"mais-uma-empresa-e-inaugurada-em-pedro-leopoldo-e-amplia-geracao-de-emprego-e-renda-na-cidade","status":"publish","type":"post","link":"https:\/\/arquivo.pedroleopoldo.mg.gov.br\/?p=24755","title":{"rendered":"Mais uma empresa \u00e9 inaugurada em Pedro Leopoldo e amplia gera\u00e7\u00e3o de emprego e renda na cidade"},"content":{"rendered":"\n<p><em>Empresa VISION foi inaugurada com presen\u00e7a da Prefeita Eloisa e vai gerar mais 200 empregos em Pedro Leopoldo, que \u00e9 o segundo munic\u00edpio de Minas Gerais que mais oferta vagas, segundo dados do SINE<\/em><\/p>\n\n\n\n<p>No \u00faltimo dia 15, sexta-feira, foi inaugurada em Pedro Leopoldo a empresa VISION, considerada uma das maiores no ramo da engenharia no Brasil. Diretores da f\u00e1brica preveem a gera\u00e7\u00e3o inicial de 200 empregos diretos. Suas atividades abrangem servi\u00e7os de consultoria, estudos de viabilidade, gerenciamento e desenvolvimento de projetos. Al\u00e9m disso, a VISION destaca-se na fabrica\u00e7\u00e3o de pain\u00e9is el\u00e9tricos.<\/p>\n\n\n\n<p>A constru\u00e7\u00e3o da f\u00e1brica em Pedro Leopoldo foi gra\u00e7as \u00e0 sua localiza\u00e7\u00e3o privilegiada e potencial de expans\u00e3o, al\u00e9m da agilidade no processo de instala\u00e7\u00e3o. A Vision tem sua sede administrativa em Nova Lima, e, segundo seus gestores, escolheu o munic\u00edpio para instalar sua terceira f\u00e1brica. Com uma \u00e1rea de mais de 7.000 m 2, a unidade promete dobrar sua capacidade fabril.<\/p>\n\n\n\n<p>A prefeita Eloisa esteve presente na inaugura\u00e7\u00e3o, dando as boas-vindas ao Grupo VISION. Sua participa\u00e7\u00e3o destaca o apoio e o acolhimento da administra\u00e7\u00e3o municipal \u00e0s iniciativas que contribuem para o crescimento econ\u00f4mico e a gera\u00e7\u00e3o de empregos em Pedro Leopoldo. Este \u00e9 um marco importante para a cidade, consolidando-a como um polo atrativo para investimentos de empresas inovadoras e comprometidas com o desenvolvimento sustent\u00e1vel.<\/p>\n\n\n\n<figure class=\"wp-block-gallery has-nested-images columns-default is-cropped wp-block-gallery-1 is-layout-flex wp-block-gallery-is-layout-flex\">\n<figure class=\"wp-block-image size-large is-style-default\"><img decoding=\"async\" loading=\"lazy\" width=\"1024\" height=\"768\" data-id=\"24756\" src=\"https:\/\/arquivo.pedroleopoldo.mg.gov.br\/wp-content\/uploads\/2023\/12\/77c4dbfa-51d9-4abc-9c74-2158a0a5b35c-1024x768.jpg\" alt=\"\" class=\"wp-image-24756\" srcset=\"https:\/\/arquivo.pedroleopoldo.mg.gov.br\/wp-content\/uploads\/2023\/12\/77c4dbfa-51d9-4abc-9c74-2158a0a5b35c-1024x768.jpg 1024w, https:\/\/arquivo.pedroleopoldo.mg.gov.br\/wp-content\/uploads\/2023\/12\/77c4dbfa-51d9-4abc-9c74-2158a0a5b35c-300x225.jpg 300w, https:\/\/arquivo.pedroleopoldo.mg.gov.br\/wp-content\/uploads\/2023\/12\/77c4dbfa-51d9-4abc-9c74-2158a0a5b35c-768x576.jpg 768w, https:\/\/arquivo.pedroleopoldo.mg.gov.br\/wp-content\/uploads\/2023\/12\/77c4dbfa-51d9-4abc-9c74-2158a0a5b35c-1536x1152.jpg 1536w, https:\/\/arquivo.pedroleopoldo.mg.gov.br\/wp-content\/uploads\/2023\/12\/77c4dbfa-51d9-4abc-9c74-2158a0a5b35c-2048x1536.jpg 2048w\" sizes=\"(max-width: 1024px) 100vw, 1024px\" \/><figcaption class=\"wp-element-caption\">Prefeita Eloisa Helena ao lado dos propriet\u00e1rios da empresa VISION<br><br><br><\/figcaption><\/figure>\n\n\n\n<figure class=\"wp-block-image size-large\"><img decoding=\"async\" loading=\"lazy\" width=\"1024\" height=\"768\" data-id=\"24757\" src=\"https:\/\/arquivo.pedroleopoldo.mg.gov.br\/wp-content\/uploads\/2023\/12\/047ae76e-016a-4edb-a0f9-7d92cd98f049-1024x768.jpg\" alt=\"\" class=\"wp-image-24757\" srcset=\"https:\/\/arquivo.pedroleopoldo.mg.gov.br\/wp-content\/uploads\/2023\/12\/047ae76e-016a-4edb-a0f9-7d92cd98f049-1024x768.jpg 1024w, https:\/\/arquivo.pedroleopoldo.mg.gov.br\/wp-content\/uploads\/2023\/12\/047ae76e-016a-4edb-a0f9-7d92cd98f049-300x225.jpg 300w, https:\/\/arquivo.pedroleopoldo.mg.gov.br\/wp-content\/uploads\/2023\/12\/047ae76e-016a-4edb-a0f9-7d92cd98f049-768x576.jpg 768w, https:\/\/arquivo.pedroleopoldo.mg.gov.br\/wp-content\/uploads\/2023\/12\/047ae76e-016a-4edb-a0f9-7d92cd98f049-1536x1152.jpg 1536w, https:\/\/arquivo.pedroleopoldo.mg.gov.br\/wp-content\/uploads\/2023\/12\/047ae76e-016a-4edb-a0f9-7d92cd98f049-2048x1536.jpg 2048w\" sizes=\"(max-width: 1024px) 100vw, 1024px\" \/><\/figure>\n<\/figure>\n","protected":false},"excerpt":{"rendered":"<p>Empresa VISION foi inaugurada com presen\u00e7a da Prefeita Eloisa e vai gerar mais 200 empregos em Pedro Leopoldo, que \u00e9 o segundo munic\u00edpio de Minas Gerais que mais oferta vagas, segundo dados do SINE No \u00faltimo dia 15, sexta-feira, foi inaugurada em Pedro Leopoldo a empresa VISION, considerada uma das maiores no ramo da engenharia &hellip; <a href=\"https:\/\/arquivo.pedroleopoldo.mg.gov.br\/?p=24755\" class=\"more-link\">Continuar lendo <span class=\"screen-reader-text\">Mais uma empresa \u00e9 inaugurada em Pedro Leopoldo e amplia gera\u00e7\u00e3o de emprego e renda na cidade<\/span><\/a><\/p>\n","protected":false},"author":1,"featured_media":24757,"comment_status":"closed","ping_status":"closed","sticky":false,"template":"","format":"standard","meta":{"footnotes":""},"categories":[4],"tags":[],"_links":{"self":[{"href":"https:\/\/arquivo.pedroleopoldo.mg.gov.br\/index.php?rest_route=\/wp\/v2\/posts\/24755"}],"collection":[{"href":"https:\/\/arquivo.pedroleopoldo.mg.gov.br\/index.php?rest_route=\/wp\/v2\/posts"}],"about":[{"href":"https:\/\/arquivo.pedroleopoldo.mg.gov.br\/index.php?rest_route=\/wp\/v2\/types\/post"}],"author":[{"embeddable":true,"href":"https:\/\/arquivo.pedroleopoldo.mg.gov.br\/index.php?rest_route=\/wp\/v2\/users\/1"}],"replies":[{"embeddable":true,"href":"https:\/\/arquivo.pedroleopoldo.mg.gov.br\/index.php?rest_route=%2Fwp%2Fv2%2Fcomments&post=24755"}],"version-history":[{"count":0,"href":"https:\/\/arquivo.pedroleopoldo.mg.gov.br\/index.php?rest_route=\/wp\/v2\/posts\/24755\/revisions"}],"wp:featuredmedia":[{"embeddable":true,"href":"https:\/\/arquivo.pedroleopoldo.mg.gov.br\/index.php?rest_route=\/wp\/v2\/media\/24757"}],"wp:attachment":[{"href":"https:\/\/arquivo.pedroleopoldo.mg.gov.br\/index.php?rest_route=%2Fwp%2Fv2%2Fmedia&parent=24755"}],"wp:term":[{"taxonomy":"category","embeddable":true,"href":"https:\/\/arquivo.pedroleopoldo.mg.gov.br\/index.php?rest_route=%2Fwp%2Fv2%2Fcategories&post=24755"},{"taxonomy":"post_tag","embeddable":true,"href":"https:\/\/arquivo.pedroleopoldo.mg.gov.br\/index.php?rest_route=%2Fwp%2Fv2%2Ftags&post=24755"}],"curies":[{"name":"wp","href":"https:\/\/api.w.org\/{rel}","templated":true}]}}