{"id":24675,"date":"2023-12-14T11:45:42","date_gmt":"2023-12-14T14:45:42","guid":{"rendered":"http:\/\/pedroleopoldo.mg.gov.br\/?p=24675"},"modified":"2023-12-14T11:45:43","modified_gmt":"2023-12-14T14:45:43","slug":"prefeitura-promove-natal-iluminado-em-pedro-leopoldo-e-encanta-a-cidade","status":"publish","type":"post","link":"https:\/\/arquivo.pedroleopoldo.mg.gov.br\/?p=24675","title":{"rendered":"Prefeitura promove Natal Iluminado em Pedro Leopoldo e encanta a cidade"},"content":{"rendered":"\n<p><em>Papai Noel marca presen\u00e7a na Pra\u00e7a da Prefeitura nos dias 15, 17, 22 e 23. Milhares de luzes foram espalhadas pelo munic\u00edpio e outras ainda ser\u00e3o instaladas. Dia 15 tem feirinha especial de Natal na Pra\u00e7a da Prefeitura, com shows e presen\u00e7a do Papai Noel<\/em><\/p>\n\n\n\n<p>A Prefeitura de Pedro Leopoldo, por meio da Secretaria Municipal de Cultura, Lazer e Turismo, est\u00e1 promovendo o &#8220;Natal Iluminado&#8221;, que transformou o munic\u00edpio em um verdadeiro cen\u00e1rio cheio de luzes, atraindo as fam\u00edlias para os espa\u00e7os p\u00fablicos.<\/p>\n\n\n\n<p>A Pra\u00e7a Francisco C\u00e2ndido Xavier, a da Prefeitura, tornou-se o ponto de encontro da celebra\u00e7\u00e3o natalina nos dias 09 e 10, e tamb\u00e9m nos pr\u00f3ximos dias 15, 17, 22 e 23 de dezembro. Na programa\u00e7\u00e3o, destaca-se a presen\u00e7a especial do Papai Noel, que est\u00e1 dispon\u00edvel para receber as crian\u00e7as, distribuir carinho e ouvir os pedidos para a noite m\u00e1gica, assim como de outros personagens infantis.&nbsp;<\/p>\n\n\n\n<p>A ilumina\u00e7\u00e3o de Natal \u00e9 um espet\u00e1culo \u00e0 parte, com destaque para a Pra\u00e7a da Prefeitura, Pra\u00e7a Tancredo Neves e Pra\u00e7a da Esta\u00e7\u00e3o, que se tornaram cart\u00f5es-postais iluminados, encantando moradores e visitantes.&nbsp;<\/p>\n\n\n\n<p>&#8220;O Natal \u00e9 uma \u00e9poca especial, onde a magia e a esperan\u00e7a se renovam em nossos cora\u00e7\u00f5es. Estou muito feliz em ver nossa cidade se transformando em um lugar cheio de luz e com esse calor humano. Que possamos compartilhar o esp\u00edrito de amor e compaix\u00e3o, lembrando dos valores que realmente importam&#8221;, comentou a Prefeita Eloisa Helena.<\/p>\n\n\n\n<p>As luzes tamb\u00e9m foram motivo de elogio entre a popula\u00e7\u00e3o, principalmente para Maria do Carmo, que trouxe o bisneto C\u00e9sar para visitar a estrutura natalina. &#8220;Est\u00e1 sendo verdadeiramente m\u00e1gico! A cidade se transformou em um cen\u00e1rio de sonhos, repleto de luzes e cores que encantam a todos, principalmente as crian\u00e7as. Fiz quest\u00e3o de trazer meu bisneto, o C\u00e9sar, que ficou encantado com toda a estrutura. Gostaria de parabenizar a Prefeitura e toda a equipe envolvida na organiza\u00e7\u00e3o. O Natal Iluminado n\u00e3o apenas elevou o esp\u00edrito natalino em Pedro Leopoldo, mas tamb\u00e9m fortaleceu o senso de comunidade e pertencimento&#8221;, destacou Maria do Carmo.<\/p>\n\n\n<div class=\"wp-block-image\">\n<figure class=\"aligncenter size-large is-resized\"><img decoding=\"async\" loading=\"lazy\" width=\"771\" height=\"1024\" src=\"http:\/\/pedroleopoldo.mg.gov.br\/wp-content\/uploads\/2023\/12\/image-5-2-771x1024.png\" alt=\"\" class=\"wp-image-24685\" style=\"aspect-ratio:0.7529296875;width:333px;height:auto\" srcset=\"https:\/\/arquivo.pedroleopoldo.mg.gov.br\/wp-content\/uploads\/2023\/12\/image-5-2-771x1024.png 771w, https:\/\/arquivo.pedroleopoldo.mg.gov.br\/wp-content\/uploads\/2023\/12\/image-5-2-226x300.png 226w, https:\/\/arquivo.pedroleopoldo.mg.gov.br\/wp-content\/uploads\/2023\/12\/image-5-2-768x1021.png 768w, https:\/\/arquivo.pedroleopoldo.mg.gov.br\/wp-content\/uploads\/2023\/12\/image-5-2-1156x1536.png 1156w, https:\/\/arquivo.pedroleopoldo.mg.gov.br\/wp-content\/uploads\/2023\/12\/image-5-2.png 1204w\" sizes=\"(max-width: 771px) 100vw, 771px\" \/><figcaption class=\"wp-element-caption\"><strong><em>Maria do Carmo e seu bisneto, C\u00e9sar, prestigiando a ilumina\u00e7\u00e3o de Natal.<\/em><\/strong><\/figcaption><\/figure><\/div>\n\n\n<p>Outros pontos de Natal ainda receber\u00e3o a ilumina\u00e7\u00e3o natalina, deixando o munic\u00edpio ainda mais bonito e atraente, para moradores e turistas. Vale lembrar que nesta sexta-feira, dia 15, acontece a Feirinha Especial de Natal, a partir das 19 horas, na Pra\u00e7a da Prefeitura, com presen\u00e7a do Papai Noel.<\/p>\n\n\n\n<figure class=\"wp-block-gallery has-nested-images columns-default is-cropped wp-block-gallery-1 is-layout-flex wp-block-gallery-is-layout-flex\">\n<figure class=\"wp-block-image size-large\"><img decoding=\"async\" loading=\"lazy\" width=\"763\" height=\"1024\" data-id=\"24679\" src=\"http:\/\/pedroleopoldo.mg.gov.br\/wp-content\/uploads\/2023\/12\/image-12-763x1024.png\" alt=\"\" class=\"wp-image-24679\" srcset=\"https:\/\/arquivo.pedroleopoldo.mg.gov.br\/wp-content\/uploads\/2023\/12\/image-12-763x1024.png 763w, https:\/\/arquivo.pedroleopoldo.mg.gov.br\/wp-content\/uploads\/2023\/12\/image-12-223x300.png 223w, https:\/\/arquivo.pedroleopoldo.mg.gov.br\/wp-content\/uploads\/2023\/12\/image-12-768x1031.png 768w, https:\/\/arquivo.pedroleopoldo.mg.gov.br\/wp-content\/uploads\/2023\/12\/image-12-1144x1536.png 1144w, https:\/\/arquivo.pedroleopoldo.mg.gov.br\/wp-content\/uploads\/2023\/12\/image-12.png 1170w\" sizes=\"(max-width: 763px) 100vw, 763px\" \/><\/figure>\n\n\n\n<figure class=\"wp-block-image size-large\"><img decoding=\"async\" loading=\"lazy\" width=\"1024\" height=\"768\" data-id=\"24677\" src=\"http:\/\/pedroleopoldo.mg.gov.br\/wp-content\/uploads\/2023\/12\/image-11.png\" alt=\"\" class=\"wp-image-24677\" srcset=\"https:\/\/arquivo.pedroleopoldo.mg.gov.br\/wp-content\/uploads\/2023\/12\/image-11.png 1024w, https:\/\/arquivo.pedroleopoldo.mg.gov.br\/wp-content\/uploads\/2023\/12\/image-11-300x225.png 300w, https:\/\/arquivo.pedroleopoldo.mg.gov.br\/wp-content\/uploads\/2023\/12\/image-11-768x576.png 768w\" sizes=\"(max-width: 1024px) 100vw, 1024px\" \/><\/figure>\n\n\n\n<figure class=\"wp-block-image size-large\"><img decoding=\"async\" loading=\"lazy\" width=\"1024\" height=\"768\" data-id=\"24678\" src=\"http:\/\/pedroleopoldo.mg.gov.br\/wp-content\/uploads\/2023\/12\/image-9-1.png\" alt=\"\" class=\"wp-image-24678\" srcset=\"https:\/\/arquivo.pedroleopoldo.mg.gov.br\/wp-content\/uploads\/2023\/12\/image-9-1.png 1024w, https:\/\/arquivo.pedroleopoldo.mg.gov.br\/wp-content\/uploads\/2023\/12\/image-9-1-300x225.png 300w, https:\/\/arquivo.pedroleopoldo.mg.gov.br\/wp-content\/uploads\/2023\/12\/image-9-1-768x576.png 768w\" sizes=\"(max-width: 1024px) 100vw, 1024px\" \/><\/figure>\n\n\n\n<figure class=\"wp-block-image size-large\"><img decoding=\"async\" loading=\"lazy\" width=\"1024\" height=\"768\" data-id=\"24676\" src=\"http:\/\/pedroleopoldo.mg.gov.br\/wp-content\/uploads\/2023\/12\/image-10.png\" alt=\"\" class=\"wp-image-24676\" srcset=\"https:\/\/arquivo.pedroleopoldo.mg.gov.br\/wp-content\/uploads\/2023\/12\/image-10.png 1024w, https:\/\/arquivo.pedroleopoldo.mg.gov.br\/wp-content\/uploads\/2023\/12\/image-10-300x225.png 300w, https:\/\/arquivo.pedroleopoldo.mg.gov.br\/wp-content\/uploads\/2023\/12\/image-10-768x576.png 768w\" sizes=\"(max-width: 1024px) 100vw, 1024px\" \/><\/figure>\n\n\n\n<figure class=\"wp-block-image size-large\"><img decoding=\"async\" loading=\"lazy\" width=\"1024\" height=\"768\" data-id=\"24681\" src=\"http:\/\/pedroleopoldo.mg.gov.br\/wp-content\/uploads\/2023\/12\/image-8-2.png\" alt=\"\" class=\"wp-image-24681\" srcset=\"https:\/\/arquivo.pedroleopoldo.mg.gov.br\/wp-content\/uploads\/2023\/12\/image-8-2.png 1024w, https:\/\/arquivo.pedroleopoldo.mg.gov.br\/wp-content\/uploads\/2023\/12\/image-8-2-300x225.png 300w, https:\/\/arquivo.pedroleopoldo.mg.gov.br\/wp-content\/uploads\/2023\/12\/image-8-2-768x576.png 768w\" sizes=\"(max-width: 1024px) 100vw, 1024px\" \/><\/figure>\n\n\n\n<figure class=\"wp-block-image size-large\"><img decoding=\"async\" loading=\"lazy\" width=\"1024\" height=\"768\" data-id=\"24680\" src=\"http:\/\/pedroleopoldo.mg.gov.br\/wp-content\/uploads\/2023\/12\/image-7-1.png\" alt=\"\" class=\"wp-image-24680\" srcset=\"https:\/\/arquivo.pedroleopoldo.mg.gov.br\/wp-content\/uploads\/2023\/12\/image-7-1.png 1024w, https:\/\/arquivo.pedroleopoldo.mg.gov.br\/wp-content\/uploads\/2023\/12\/image-7-1-300x225.png 300w, https:\/\/arquivo.pedroleopoldo.mg.gov.br\/wp-content\/uploads\/2023\/12\/image-7-1-768x576.png 768w\" sizes=\"(max-width: 1024px) 100vw, 1024px\" \/><\/figure>\n\n\n\n<figure class=\"wp-block-image size-large\"><img decoding=\"async\" loading=\"lazy\" width=\"1024\" height=\"768\" data-id=\"24683\" src=\"http:\/\/pedroleopoldo.mg.gov.br\/wp-content\/uploads\/2023\/12\/image-6-1.png\" alt=\"\" class=\"wp-image-24683\" srcset=\"https:\/\/arquivo.pedroleopoldo.mg.gov.br\/wp-content\/uploads\/2023\/12\/image-6-1.png 1024w, https:\/\/arquivo.pedroleopoldo.mg.gov.br\/wp-content\/uploads\/2023\/12\/image-6-1-300x225.png 300w, https:\/\/arquivo.pedroleopoldo.mg.gov.br\/wp-content\/uploads\/2023\/12\/image-6-1-768x576.png 768w\" sizes=\"(max-width: 1024px) 100vw, 1024px\" \/><\/figure>\n<\/figure>\n","protected":false},"excerpt":{"rendered":"<p>Papai Noel marca presen\u00e7a na Pra\u00e7a da Prefeitura nos dias 15, 17, 22 e 23. Milhares de luzes foram espalhadas pelo munic\u00edpio e outras ainda ser\u00e3o instaladas. Dia 15 tem feirinha especial de Natal na Pra\u00e7a da Prefeitura, com shows e presen\u00e7a do Papai Noel A Prefeitura de Pedro Leopoldo, por meio da Secretaria Municipal &hellip; <a href=\"https:\/\/arquivo.pedroleopoldo.mg.gov.br\/?p=24675\" class=\"more-link\">Continuar lendo <span class=\"screen-reader-text\">Prefeitura promove Natal Iluminado em Pedro Leopoldo e encanta a cidade<\/span><\/a><\/p>\n","protected":false},"author":1,"featured_media":24683,"comment_status":"closed","ping_status":"closed","sticky":false,"template":"","format":"standard","meta":{"footnotes":""},"categories":[4],"tags":[],"_links":{"self":[{"href":"https:\/\/arquivo.pedroleopoldo.mg.gov.br\/index.php?rest_route=\/wp\/v2\/posts\/24675"}],"collection":[{"href":"https:\/\/arquivo.pedroleopoldo.mg.gov.br\/index.php?rest_route=\/wp\/v2\/posts"}],"about":[{"href":"https:\/\/arquivo.pedroleopoldo.mg.gov.br\/index.php?rest_route=\/wp\/v2\/types\/post"}],"author":[{"embeddable":true,"href":"https:\/\/arquivo.pedroleopoldo.mg.gov.br\/index.php?rest_route=\/wp\/v2\/users\/1"}],"replies":[{"embeddable":true,"href":"https:\/\/arquivo.pedroleopoldo.mg.gov.br\/index.php?rest_route=%2Fwp%2Fv2%2Fcomments&post=24675"}],"version-history":[{"count":0,"href":"https:\/\/arquivo.pedroleopoldo.mg.gov.br\/index.php?rest_route=\/wp\/v2\/posts\/24675\/revisions"}],"wp:featuredmedia":[{"embeddable":true,"href":"https:\/\/arquivo.pedroleopoldo.mg.gov.br\/index.php?rest_route=\/wp\/v2\/media\/24683"}],"wp:attachment":[{"href":"https:\/\/arquivo.pedroleopoldo.mg.gov.br\/index.php?rest_route=%2Fwp%2Fv2%2Fmedia&parent=24675"}],"wp:term":[{"taxonomy":"category","embeddable":true,"href":"https:\/\/arquivo.pedroleopoldo.mg.gov.br\/index.php?rest_route=%2Fwp%2Fv2%2Fcategories&post=24675"},{"taxonomy":"post_tag","embeddable":true,"href":"https:\/\/arquivo.pedroleopoldo.mg.gov.br\/index.php?rest_route=%2Fwp%2Fv2%2Ftags&post=24675"}],"curies":[{"name":"wp","href":"https:\/\/api.w.org\/{rel}","templated":true}]}}