{"id":24667,"date":"2023-12-14T11:41:12","date_gmt":"2023-12-14T14:41:12","guid":{"rendered":"http:\/\/pedroleopoldo.mg.gov.br\/?p=24667"},"modified":"2023-12-14T11:41:13","modified_gmt":"2023-12-14T14:41:13","slug":"prefeitura-amplia-investimento-em-programas-sociais-e-centenas-de-familias-sao-beneficiadas-em-pedro-leopoldo","status":"publish","type":"post","link":"https:\/\/arquivo.pedroleopoldo.mg.gov.br\/?p=24667","title":{"rendered":"Prefeitura amplia investimento em programas sociais e centenas de fam\u00edlias s\u00e3o beneficiadas em Pedro Leopoldo"},"content":{"rendered":"\n<p><em>CRAS At\u00e9 Voc\u00ea e Aux\u00edlio-funeral s\u00e3o alguns benef\u00edcios sociais cedidos pela Prefeitura \u00e0 popula\u00e7\u00e3o. Este ano, somente at\u00e9 novembro, j\u00e1 foram entregues pela administra\u00e7\u00e3o mais de 4200 cestas b\u00e1sicas, sendo mais de meio milh\u00e3o de reais investidos em aux\u00edlio-alimenta\u00e7\u00e3o pelo Cad\u00danico<\/em><\/p>\n\n\n\n<p>A Secretaria de Desenvolvimento Social, pe\u00e7a fundamental na administra\u00e7\u00e3o de Pedro Leopoldo, neste fim de ano, reafirma o compromisso com a popula\u00e7\u00e3o, priorizando a entrega de servi\u00e7os de qualidade. O Programa &#8220;CRAS At\u00e9 Voc\u00ea&#8221;, criado nesta gest\u00e3o, \u00e9 um exemplo disto. Na a\u00e7\u00e3o, s\u00e3o expandidos os servi\u00e7os socioassistenciais para \u00e1reas mais distantes dos equipamentos da Prefeitura, incluindo a cria\u00e7\u00e3o e atualiza\u00e7\u00e3o de cadastros e o fornecimento de aux\u00edlio-alimenta\u00e7\u00e3o por meio de cestas b\u00e1sicas.<\/p>\n\n\n\n<p>Durante o ano de 2023, o programa alcan\u00e7ou diversas localidades como Quinta do Sumidouro, Lagoa de Santo Ant\u00f4nio, Quinta das Palmeiras e Vera Cruz. Al\u00e9m disso, a Secretaria oferece tamb\u00e9m o aux\u00edlio-funeral, um suporte importante para as fam\u00edlias em momentos delicados, totalizando investimento de aproximadamente 150 mil reais somente de Janeiro a Novembro de 2023.&nbsp;<\/p>\n\n\n\n<p>Destaque tamb\u00e9m para a entrega de cerca de cestas b\u00e1sicas ao longo deste ano. Para se ter uma ideia do salto de investimento nesta \u00e1rea, em 2019 foram entregues 500 cestas, um total de apenas 29.770 reais gastos pela Prefeitura. Este ano, somente at\u00e9 novembro, j\u00e1 foram entregues pela administra\u00e7\u00e3o mais de 4200 cestas, sendo mais de meio milh\u00e3o de reais investidos.<\/p>\n\n\n\n<p>A Secret\u00e1ria de Desenvolvimento Social, Viviane Sena, reafirma a dedica\u00e7\u00e3o da equipe para fornecer mais qualidade nos servi\u00e7os realizados para a popula\u00e7\u00e3o, a pedido da Prefeita Eloisa Helena. &#8220;Estamos empenhados em atender \u00e0s demandas da nossa comunidade, promovendo a inclus\u00e3o social e o bem-estar. O \u201cCRAS At\u00e9 Voc\u00ea\u201d \u00e9 um exemplo concreto deste compromisso, levando assist\u00eancia onde ela \u00e9 mais necess\u00e1ria\u201d, disse.<\/p>\n\n\n\n<p>O Sr. Augusto Silva, morador de Quinta das Palmeiras e beneficiado pelo programa, compartilhou sua gratid\u00e3o.&#8221;Esta iniciativa trouxe al\u00edvio para muitas fam\u00edlias, incluindo a minha. As cestas b\u00e1sicas foram essenciais. Conforta saber que a Prefeitura est\u00e1 presente quando precisamos\u201d, comentou.<\/p>\n\n\n\n<p>Segundo os dados socioecon\u00f4micos, em janeiro de 2021, 1.978 fam\u00edlias foram atendidas pelo Bolsa Fam\u00edlia, um investimento de R$351.287,00, benef\u00edcio m\u00e9dio de R$177,80. J\u00e1 em novembro de 2023, 3.489 fam\u00edlias foram contempladas pelo Bolsa Fam\u00edlia, investimento de R$2.283.972,00, benef\u00edcio m\u00e9dio de R$655,18. E entre janeiro de 2021 e novembro de 2023, houve a inclus\u00e3o de 1.511 fam\u00edlias nos cadastros do munic\u00edpio.<\/p>\n\n\n\n<p>Este \u00e9 um retrato do compromisso cont\u00ednuo da administra\u00e7\u00e3o de Pedro Leopoldo em construir uma comunidade mais forte e inclusiva, onde nenhum cidad\u00e3o seja deixado para tr\u00e1s.<\/p>\n\n\n\n<figure class=\"wp-block-gallery has-nested-images columns-default is-cropped wp-block-gallery-1 is-layout-flex wp-block-gallery-is-layout-flex\">\n<figure class=\"wp-block-image size-large\"><img decoding=\"async\" loading=\"lazy\" width=\"1024\" height=\"768\" data-id=\"24669\" src=\"http:\/\/pedroleopoldo.mg.gov.br\/wp-content\/uploads\/2023\/12\/WhatsApp-Image-2023-12-13-at-13.50.45-2-2.jpeg\" alt=\"\" class=\"wp-image-24669\" srcset=\"https:\/\/arquivo.pedroleopoldo.mg.gov.br\/wp-content\/uploads\/2023\/12\/WhatsApp-Image-2023-12-13-at-13.50.45-2-2.jpeg 1024w, https:\/\/arquivo.pedroleopoldo.mg.gov.br\/wp-content\/uploads\/2023\/12\/WhatsApp-Image-2023-12-13-at-13.50.45-2-2-300x225.jpeg 300w, https:\/\/arquivo.pedroleopoldo.mg.gov.br\/wp-content\/uploads\/2023\/12\/WhatsApp-Image-2023-12-13-at-13.50.45-2-2-768x576.jpeg 768w\" sizes=\"(max-width: 1024px) 100vw, 1024px\" \/><\/figure>\n\n\n\n<figure class=\"wp-block-image size-large\"><img decoding=\"async\" loading=\"lazy\" width=\"1024\" height=\"768\" data-id=\"24668\" src=\"http:\/\/pedroleopoldo.mg.gov.br\/wp-content\/uploads\/2023\/12\/WhatsApp-Image-2023-12-13-at-13.50.45-1-1.jpeg\" alt=\"\" class=\"wp-image-24668\" srcset=\"https:\/\/arquivo.pedroleopoldo.mg.gov.br\/wp-content\/uploads\/2023\/12\/WhatsApp-Image-2023-12-13-at-13.50.45-1-1.jpeg 1024w, https:\/\/arquivo.pedroleopoldo.mg.gov.br\/wp-content\/uploads\/2023\/12\/WhatsApp-Image-2023-12-13-at-13.50.45-1-1-300x225.jpeg 300w, https:\/\/arquivo.pedroleopoldo.mg.gov.br\/wp-content\/uploads\/2023\/12\/WhatsApp-Image-2023-12-13-at-13.50.45-1-1-768x576.jpeg 768w\" sizes=\"(max-width: 1024px) 100vw, 1024px\" \/><\/figure>\n\n\n\n<figure class=\"wp-block-image size-large\"><img decoding=\"async\" loading=\"lazy\" width=\"1024\" height=\"768\" data-id=\"24670\" src=\"http:\/\/pedroleopoldo.mg.gov.br\/wp-content\/uploads\/2023\/12\/WhatsApp-Image-2023-12-13-at-13.50.45-3.jpeg\" alt=\"\" class=\"wp-image-24670\" srcset=\"https:\/\/arquivo.pedroleopoldo.mg.gov.br\/wp-content\/uploads\/2023\/12\/WhatsApp-Image-2023-12-13-at-13.50.45-3.jpeg 1024w, https:\/\/arquivo.pedroleopoldo.mg.gov.br\/wp-content\/uploads\/2023\/12\/WhatsApp-Image-2023-12-13-at-13.50.45-3-300x225.jpeg 300w, https:\/\/arquivo.pedroleopoldo.mg.gov.br\/wp-content\/uploads\/2023\/12\/WhatsApp-Image-2023-12-13-at-13.50.45-3-768x576.jpeg 768w\" sizes=\"(max-width: 1024px) 100vw, 1024px\" \/><\/figure>\n<\/figure>\n","protected":false},"excerpt":{"rendered":"<p>CRAS At\u00e9 Voc\u00ea e Aux\u00edlio-funeral s\u00e3o alguns benef\u00edcios sociais cedidos pela Prefeitura \u00e0 popula\u00e7\u00e3o. Este ano, somente at\u00e9 novembro, j\u00e1 foram entregues pela administra\u00e7\u00e3o mais de 4200 cestas b\u00e1sicas, sendo mais de meio milh\u00e3o de reais investidos em aux\u00edlio-alimenta\u00e7\u00e3o pelo Cad\u00danico A Secretaria de Desenvolvimento Social, pe\u00e7a fundamental na administra\u00e7\u00e3o de Pedro Leopoldo, neste fim &hellip; <a href=\"https:\/\/arquivo.pedroleopoldo.mg.gov.br\/?p=24667\" class=\"more-link\">Continuar lendo <span class=\"screen-reader-text\">Prefeitura amplia investimento em programas sociais e centenas de fam\u00edlias s\u00e3o beneficiadas em Pedro Leopoldo<\/span><\/a><\/p>\n","protected":false},"author":1,"featured_media":24668,"comment_status":"closed","ping_status":"closed","sticky":false,"template":"","format":"standard","meta":{"footnotes":""},"categories":[1],"tags":[],"_links":{"self":[{"href":"https:\/\/arquivo.pedroleopoldo.mg.gov.br\/index.php?rest_route=\/wp\/v2\/posts\/24667"}],"collection":[{"href":"https:\/\/arquivo.pedroleopoldo.mg.gov.br\/index.php?rest_route=\/wp\/v2\/posts"}],"about":[{"href":"https:\/\/arquivo.pedroleopoldo.mg.gov.br\/index.php?rest_route=\/wp\/v2\/types\/post"}],"author":[{"embeddable":true,"href":"https:\/\/arquivo.pedroleopoldo.mg.gov.br\/index.php?rest_route=\/wp\/v2\/users\/1"}],"replies":[{"embeddable":true,"href":"https:\/\/arquivo.pedroleopoldo.mg.gov.br\/index.php?rest_route=%2Fwp%2Fv2%2Fcomments&post=24667"}],"version-history":[{"count":0,"href":"https:\/\/arquivo.pedroleopoldo.mg.gov.br\/index.php?rest_route=\/wp\/v2\/posts\/24667\/revisions"}],"wp:featuredmedia":[{"embeddable":true,"href":"https:\/\/arquivo.pedroleopoldo.mg.gov.br\/index.php?rest_route=\/wp\/v2\/media\/24668"}],"wp:attachment":[{"href":"https:\/\/arquivo.pedroleopoldo.mg.gov.br\/index.php?rest_route=%2Fwp%2Fv2%2Fmedia&parent=24667"}],"wp:term":[{"taxonomy":"category","embeddable":true,"href":"https:\/\/arquivo.pedroleopoldo.mg.gov.br\/index.php?rest_route=%2Fwp%2Fv2%2Fcategories&post=24667"},{"taxonomy":"post_tag","embeddable":true,"href":"https:\/\/arquivo.pedroleopoldo.mg.gov.br\/index.php?rest_route=%2Fwp%2Fv2%2Ftags&post=24667"}],"curies":[{"name":"wp","href":"https:\/\/api.w.org\/{rel}","templated":true}]}}