{"id":24662,"date":"2023-12-14T11:38:41","date_gmt":"2023-12-14T14:38:41","guid":{"rendered":"http:\/\/pedroleopoldo.mg.gov.br\/?p=24662"},"modified":"2023-12-14T11:38:43","modified_gmt":"2023-12-14T14:38:43","slug":"pa-lagoa-supera-as-expectativas-nos-atendimentos-nos-meses-de-agosto-setembro-e-outubro","status":"publish","type":"post","link":"https:\/\/arquivo.pedroleopoldo.mg.gov.br\/?p=24662","title":{"rendered":"PA Lagoa supera as expectativas nos atendimentos nos meses de agosto, setembro e outubro"},"content":{"rendered":"\n<p><em>No total, mais de 14 mil pacientes receberam os cuidados das equipes. Prefeitura transformou a unidade de sa\u00fade em um complexo dos mais variados atendimentos&nbsp;&nbsp;<\/em><\/p>\n\n\n\n<p>A Prefeitura de Pedro Leopoldo, por meio da Secretaria Municipal de Sa\u00fade, registrou no Centro de Especialidades M\u00e9dicas e Pronto Atendimento da Lagoa de Santo Ant\u00f4nio, nos meses de agosto, setembro e outubro, mais de 14 mil atendimentos, demonstrando o compromisso da atual administra\u00e7\u00e3o e da equipe de sa\u00fade em oferecer servi\u00e7os de qualidade \u00e0 comunidade.<\/p>\n\n\n\n<p>Dentre as especialidades atendidas est\u00e3o: Anestesiologia, Angiologia, Cardiologia, Cirurgia, Cirurgia Geral, Dermatologia, Endocrinologia, Geriatria, Neurologia, Ortopedia, Pediatria, Pneumologia, Proctologia\/Gastro e Urologia.<\/p>\n\n\n\n<p>Dentro deste n\u00famero est\u00e3o ainda o registro de mais de 9 mil atendimentos nas \u00e1reas de Cl\u00ednica, Pediatria, Enfermagem e Testes Virais. Essa variedade de servi\u00e7os evidencia a abrang\u00eancia e a qualidade do atendimento prestado \u00e0 popula\u00e7\u00e3o. No total, passando por todas as especialidades, 14.216 pacientes receberam os devidos cuidados da equipe, segundo o relat\u00f3rio do PA Lagoa. &#8220;Estamos empenhados em proporcionar um atendimento humanizado e eficiente. A quantidade expressiva de atendimentos reflete nosso comprometimento em garantir o bem-estar e a sa\u00fade de cada paciente que busca o servi\u00e7o p\u00fablico. Agrade\u00e7o \u00e0 comunidade pela confian\u00e7a depositada em nossa equipe\u201d, destacou a Prefeita Eloisa Helena.<\/p>\n\n\n\n<p>A Prefeitura ressalta que esses n\u00fameros s\u00e3o resultados de investimentos cont\u00ednuos na \u00e1rea da sa\u00fade, capacitando profissionais e proporcionando estrutura adequada para o atendimento \u00e0 popula\u00e7\u00e3o. A atual administra\u00e7\u00e3o tem mantido e aprimorado os servi\u00e7os de sa\u00fade, buscando sempre a excel\u00eancia no atendimento aos cidad\u00e3os.<\/p>\n\n\n\n<figure class=\"wp-block-gallery has-nested-images columns-default is-cropped wp-block-gallery-1 is-layout-flex wp-block-gallery-is-layout-flex\">\n<figure class=\"wp-block-image size-large\"><img decoding=\"async\" loading=\"lazy\" width=\"1024\" height=\"768\" data-id=\"24663\" src=\"http:\/\/pedroleopoldo.mg.gov.br\/wp-content\/uploads\/2023\/12\/image-4-1-1024x768.png\" alt=\"\" class=\"wp-image-24663\" srcset=\"https:\/\/arquivo.pedroleopoldo.mg.gov.br\/wp-content\/uploads\/2023\/12\/image-4-1-1024x768.png 1024w, https:\/\/arquivo.pedroleopoldo.mg.gov.br\/wp-content\/uploads\/2023\/12\/image-4-1-300x225.png 300w, https:\/\/arquivo.pedroleopoldo.mg.gov.br\/wp-content\/uploads\/2023\/12\/image-4-1-768x576.png 768w, https:\/\/arquivo.pedroleopoldo.mg.gov.br\/wp-content\/uploads\/2023\/12\/image-4-1-1536x1152.png 1536w, https:\/\/arquivo.pedroleopoldo.mg.gov.br\/wp-content\/uploads\/2023\/12\/image-4-1.png 1600w\" sizes=\"(max-width: 1024px) 100vw, 1024px\" \/><\/figure>\n\n\n\n<figure class=\"wp-block-image size-large\"><img decoding=\"async\" loading=\"lazy\" width=\"1024\" height=\"768\" data-id=\"24664\" src=\"http:\/\/pedroleopoldo.mg.gov.br\/wp-content\/uploads\/2023\/12\/image-3-1-1024x768.png\" alt=\"\" class=\"wp-image-24664\" srcset=\"https:\/\/arquivo.pedroleopoldo.mg.gov.br\/wp-content\/uploads\/2023\/12\/image-3-1-1024x768.png 1024w, https:\/\/arquivo.pedroleopoldo.mg.gov.br\/wp-content\/uploads\/2023\/12\/image-3-1-300x225.png 300w, https:\/\/arquivo.pedroleopoldo.mg.gov.br\/wp-content\/uploads\/2023\/12\/image-3-1-768x576.png 768w, https:\/\/arquivo.pedroleopoldo.mg.gov.br\/wp-content\/uploads\/2023\/12\/image-3-1-1536x1152.png 1536w, https:\/\/arquivo.pedroleopoldo.mg.gov.br\/wp-content\/uploads\/2023\/12\/image-3-1.png 1600w\" sizes=\"(max-width: 1024px) 100vw, 1024px\" \/><\/figure>\n\n\n\n<figure class=\"wp-block-image size-large\"><img decoding=\"async\" loading=\"lazy\" width=\"1024\" height=\"768\" data-id=\"24665\" src=\"http:\/\/pedroleopoldo.mg.gov.br\/wp-content\/uploads\/2023\/12\/image-2-1024x768.png\" alt=\"\" class=\"wp-image-24665\" srcset=\"https:\/\/arquivo.pedroleopoldo.mg.gov.br\/wp-content\/uploads\/2023\/12\/image-2-1024x768.png 1024w, https:\/\/arquivo.pedroleopoldo.mg.gov.br\/wp-content\/uploads\/2023\/12\/image-2-300x225.png 300w, https:\/\/arquivo.pedroleopoldo.mg.gov.br\/wp-content\/uploads\/2023\/12\/image-2-768x576.png 768w, https:\/\/arquivo.pedroleopoldo.mg.gov.br\/wp-content\/uploads\/2023\/12\/image-2-1536x1152.png 1536w, https:\/\/arquivo.pedroleopoldo.mg.gov.br\/wp-content\/uploads\/2023\/12\/image-2.png 1600w\" sizes=\"(max-width: 1024px) 100vw, 1024px\" \/><\/figure>\n<\/figure>\n","protected":false},"excerpt":{"rendered":"<p>No total, mais de 14 mil pacientes receberam os cuidados das equipes. Prefeitura transformou a unidade de sa\u00fade em um complexo dos mais variados atendimentos&nbsp;&nbsp; A Prefeitura de Pedro Leopoldo, por meio da Secretaria Municipal de Sa\u00fade, registrou no Centro de Especialidades M\u00e9dicas e Pronto Atendimento da Lagoa de Santo Ant\u00f4nio, nos meses de agosto, &hellip; <a href=\"https:\/\/arquivo.pedroleopoldo.mg.gov.br\/?p=24662\" class=\"more-link\">Continuar lendo <span class=\"screen-reader-text\">PA Lagoa supera as expectativas nos atendimentos nos meses de agosto, setembro e outubro<\/span><\/a><\/p>\n","protected":false},"author":1,"featured_media":24663,"comment_status":"closed","ping_status":"closed","sticky":false,"template":"","format":"standard","meta":{"footnotes":""},"categories":[4],"tags":[],"_links":{"self":[{"href":"https:\/\/arquivo.pedroleopoldo.mg.gov.br\/index.php?rest_route=\/wp\/v2\/posts\/24662"}],"collection":[{"href":"https:\/\/arquivo.pedroleopoldo.mg.gov.br\/index.php?rest_route=\/wp\/v2\/posts"}],"about":[{"href":"https:\/\/arquivo.pedroleopoldo.mg.gov.br\/index.php?rest_route=\/wp\/v2\/types\/post"}],"author":[{"embeddable":true,"href":"https:\/\/arquivo.pedroleopoldo.mg.gov.br\/index.php?rest_route=\/wp\/v2\/users\/1"}],"replies":[{"embeddable":true,"href":"https:\/\/arquivo.pedroleopoldo.mg.gov.br\/index.php?rest_route=%2Fwp%2Fv2%2Fcomments&post=24662"}],"version-history":[{"count":0,"href":"https:\/\/arquivo.pedroleopoldo.mg.gov.br\/index.php?rest_route=\/wp\/v2\/posts\/24662\/revisions"}],"wp:featuredmedia":[{"embeddable":true,"href":"https:\/\/arquivo.pedroleopoldo.mg.gov.br\/index.php?rest_route=\/wp\/v2\/media\/24663"}],"wp:attachment":[{"href":"https:\/\/arquivo.pedroleopoldo.mg.gov.br\/index.php?rest_route=%2Fwp%2Fv2%2Fmedia&parent=24662"}],"wp:term":[{"taxonomy":"category","embeddable":true,"href":"https:\/\/arquivo.pedroleopoldo.mg.gov.br\/index.php?rest_route=%2Fwp%2Fv2%2Fcategories&post=24662"},{"taxonomy":"post_tag","embeddable":true,"href":"https:\/\/arquivo.pedroleopoldo.mg.gov.br\/index.php?rest_route=%2Fwp%2Fv2%2Ftags&post=24662"}],"curies":[{"name":"wp","href":"https:\/\/api.w.org\/{rel}","templated":true}]}}