{"id":24658,"date":"2023-12-14T11:36:20","date_gmt":"2023-12-14T14:36:20","guid":{"rendered":"http:\/\/pedroleopoldo.mg.gov.br\/?p=24658"},"modified":"2023-12-14T11:36:23","modified_gmt":"2023-12-14T14:36:23","slug":"prefeitura-intensifica-acoes-de-combate-ao-aedes-aegypti","status":"publish","type":"post","link":"https:\/\/arquivo.pedroleopoldo.mg.gov.br\/?p=24658","title":{"rendered":"Prefeitura intensifica a\u00e7\u00f5es de combate ao Aedes Aegypti"},"content":{"rendered":"\n<p><em>Segundo o Minist\u00e9rio da Sa\u00fade a previs\u00e3o \u00e9 de epidemia de Dengue em 2024<\/em><\/p>\n\n\n\n<p>A Prefeitura de Pedro Leopoldo, por meio da Secretaria Municipal de Sa\u00fade, tem intensificado as a\u00e7\u00f5es de combate \u00e0 Dengue e ao mosquito Aedes Aegypti, visando conter a prolifera\u00e7\u00e3o do vetor transmissor e minimizar os riscos de uma epidemia, conforme alertou, nos \u00faltimos dias, o Minist\u00e9rio da Sa\u00fade.<\/p>\n\n\n\n<p>Diversas iniciativas acontecem e outras foram implementadas para combater a prolifera\u00e7\u00e3o do Aedes Aegypti, respons\u00e1vel pela transmiss\u00e3o da Dengue, Zika e Chikungunya. A capacita\u00e7\u00e3o dos Agentes Comunit\u00e1rios de Sa\u00fade (ACS) e Agentes de Combate a Endemias (ACE) \u00e9 uma prioridade, visando aprimorar suas habilidades na identifica\u00e7\u00e3o e elimina\u00e7\u00e3o de poss\u00edveis focos do mosquito.&nbsp;<\/p>\n\n\n\n<p>Ainda, a conscientiza\u00e7\u00e3o da popula\u00e7\u00e3o \u00e9 essencial neste combate, assim como os mutir\u00f5es de limpeza e recolhimento de entulho que s\u00e3o realizados periodicamente pela Prefeitura. Por meio de visitas domiciliares, a\u00e7\u00f5es educativas nos postos de sa\u00fade e blitz educativas, a Prefeitura alerta os moradores sobre a import\u00e2ncia de eliminar recipientes que possam acumular \u00e1gua parada, ambiente prop\u00edcio para a reprodu\u00e7\u00e3o do mosquito. As redes sociais e a imprensa local tamb\u00e9m s\u00e3o aliadas neste processo, disseminando informa\u00e7\u00f5es sobre preven\u00e7\u00e3o e cuidados.<\/p>\n\n\n\n<p>A Secret\u00e1ria de Sa\u00fade, Michelli Moreno, destaca a gravidade da situa\u00e7\u00e3o e pede a colabora\u00e7\u00e3o de todos os moradores. &#8220;Segundo o Minist\u00e9rio da Sa\u00fade, a situa\u00e7\u00e3o para 2024 \u00e9 cr\u00edtica, com a previs\u00e3o de epidemia. Nosso foco n\u00e3o \u00e9 criar p\u00e2nico, e sim, alertar. \u00c9 fundamental que cada cidad\u00e3o se conscientize sobre sua responsabilidade na preven\u00e7\u00e3o. Pedimos que todos estejam atentos aos cuidados necess\u00e1rios em suas resid\u00eancias, eliminando poss\u00edveis criadouros do mosquito\u201d, disse.<\/p>\n\n\n\n<p>Para denunciar poss\u00edveis focos da doen\u00e7a, basta entrar em contato com a Vigil\u00e2ncia em Sa\u00fade de Pedro Leopoldo, pelo 98814-6540.<\/p>\n\n\n\n<figure class=\"wp-block-image size-large is-resized\"><img decoding=\"async\" loading=\"lazy\" width=\"577\" height=\"1024\" src=\"http:\/\/pedroleopoldo.mg.gov.br\/wp-content\/uploads\/2023\/12\/image-1-577x1024.png\" alt=\"\" class=\"wp-image-24660\" style=\"aspect-ratio:0.5634765625;width:321px;height:auto\" srcset=\"https:\/\/arquivo.pedroleopoldo.mg.gov.br\/wp-content\/uploads\/2023\/12\/image-1-577x1024.png 577w, https:\/\/arquivo.pedroleopoldo.mg.gov.br\/wp-content\/uploads\/2023\/12\/image-1-169x300.png 169w, https:\/\/arquivo.pedroleopoldo.mg.gov.br\/wp-content\/uploads\/2023\/12\/image-1-768x1364.png 768w, https:\/\/arquivo.pedroleopoldo.mg.gov.br\/wp-content\/uploads\/2023\/12\/image-1-865x1536.png 865w, https:\/\/arquivo.pedroleopoldo.mg.gov.br\/wp-content\/uploads\/2023\/12\/image-1.png 901w\" sizes=\"(max-width: 577px) 100vw, 577px\" \/><\/figure>\n","protected":false},"excerpt":{"rendered":"<p>Segundo o Minist\u00e9rio da Sa\u00fade a previs\u00e3o \u00e9 de epidemia de Dengue em 2024 A Prefeitura de Pedro Leopoldo, por meio da Secretaria Municipal de Sa\u00fade, tem intensificado as a\u00e7\u00f5es de combate \u00e0 Dengue e ao mosquito Aedes Aegypti, visando conter a prolifera\u00e7\u00e3o do vetor transmissor e minimizar os riscos de uma epidemia, conforme alertou, &hellip; <a href=\"https:\/\/arquivo.pedroleopoldo.mg.gov.br\/?p=24658\" class=\"more-link\">Continuar lendo <span class=\"screen-reader-text\">Prefeitura intensifica a\u00e7\u00f5es de combate ao Aedes Aegypti<\/span><\/a><\/p>\n","protected":false},"author":1,"featured_media":24659,"comment_status":"closed","ping_status":"closed","sticky":false,"template":"","format":"standard","meta":{"footnotes":""},"categories":[4],"tags":[],"_links":{"self":[{"href":"https:\/\/arquivo.pedroleopoldo.mg.gov.br\/index.php?rest_route=\/wp\/v2\/posts\/24658"}],"collection":[{"href":"https:\/\/arquivo.pedroleopoldo.mg.gov.br\/index.php?rest_route=\/wp\/v2\/posts"}],"about":[{"href":"https:\/\/arquivo.pedroleopoldo.mg.gov.br\/index.php?rest_route=\/wp\/v2\/types\/post"}],"author":[{"embeddable":true,"href":"https:\/\/arquivo.pedroleopoldo.mg.gov.br\/index.php?rest_route=\/wp\/v2\/users\/1"}],"replies":[{"embeddable":true,"href":"https:\/\/arquivo.pedroleopoldo.mg.gov.br\/index.php?rest_route=%2Fwp%2Fv2%2Fcomments&post=24658"}],"version-history":[{"count":0,"href":"https:\/\/arquivo.pedroleopoldo.mg.gov.br\/index.php?rest_route=\/wp\/v2\/posts\/24658\/revisions"}],"wp:featuredmedia":[{"embeddable":true,"href":"https:\/\/arquivo.pedroleopoldo.mg.gov.br\/index.php?rest_route=\/wp\/v2\/media\/24659"}],"wp:attachment":[{"href":"https:\/\/arquivo.pedroleopoldo.mg.gov.br\/index.php?rest_route=%2Fwp%2Fv2%2Fmedia&parent=24658"}],"wp:term":[{"taxonomy":"category","embeddable":true,"href":"https:\/\/arquivo.pedroleopoldo.mg.gov.br\/index.php?rest_route=%2Fwp%2Fv2%2Fcategories&post=24658"},{"taxonomy":"post_tag","embeddable":true,"href":"https:\/\/arquivo.pedroleopoldo.mg.gov.br\/index.php?rest_route=%2Fwp%2Fv2%2Ftags&post=24658"}],"curies":[{"name":"wp","href":"https:\/\/api.w.org\/{rel}","templated":true}]}}