{"id":24614,"date":"2023-12-13T14:29:15","date_gmt":"2023-12-13T17:29:15","guid":{"rendered":"http:\/\/pedroleopoldo.mg.gov.br\/?p=24614"},"modified":"2023-12-13T14:30:34","modified_gmt":"2023-12-13T17:30:34","slug":"pesquisa-sobre-o-transporte-coletivo-municipal","status":"publish","type":"post","link":"https:\/\/arquivo.pedroleopoldo.mg.gov.br\/?p=24614","title":{"rendered":"Pesquisa sobre o Transporte Coletivo Municipal"},"content":{"rendered":"\n<p>A Prefeitura de Pedro Leopoldo, atrav\u00e9s da Secretaria Municipal de Seguran\u00e7a P\u00fablica, convida voc\u00ea para responder a Pesquisa sobre o Transporte Coletivo Municipal. Essa pesquisa faz parte do estudo que est\u00e1 sendo realizado pelo CEFET para a nova concess\u00e3o!<\/p>\n\n\n\n<p><br>Sua opini\u00e3o \u00e9 valiosa para identificar as \u00e1reas de melhoria e proporcionar um servi\u00e7o de transporte p\u00fablico coletivo mais eficiente e satisfat\u00f3rio para os moradores de Pedro Leopoldo.<br>Este question\u00e1rio foi desenvolvido com o prop\u00f3sito de coletar informa\u00e7\u00f5es relevantes para entender as necessidades e percep\u00e7\u00f5es dos usu\u00e1rios do transporte p\u00fablico na cidade.<\/p>\n\n\n\n<p><br>N\u00e3o fique de fora! <\/p>\n\n\n\n<p>Acesse o link: <a href=\"http:\/\/pedroleopoldo.mg.gov.br\/?p=24608 \">http:\/\/pedroleopoldo.mg.gov.br\/?p=24608 <\/a><\/p>\n","protected":false},"excerpt":{"rendered":"<p>A Prefeitura de Pedro Leopoldo, atrav\u00e9s da Secretaria Municipal de Seguran\u00e7a P\u00fablica, convida voc\u00ea para responder a Pesquisa sobre o Transporte Coletivo Municipal. Essa pesquisa faz parte do estudo que est\u00e1 sendo realizado pelo CEFET para a nova concess\u00e3o! Sua opini\u00e3o \u00e9 valiosa para identificar as \u00e1reas de melhoria e proporcionar um servi\u00e7o de transporte &hellip; <a href=\"https:\/\/arquivo.pedroleopoldo.mg.gov.br\/?p=24614\" class=\"more-link\">Continuar lendo <span class=\"screen-reader-text\">Pesquisa sobre o Transporte Coletivo Municipal<\/span><\/a><\/p>\n","protected":false},"author":1,"featured_media":0,"comment_status":"closed","ping_status":"closed","sticky":false,"template":"","format":"standard","meta":{"footnotes":""},"categories":[1],"tags":[],"_links":{"self":[{"href":"https:\/\/arquivo.pedroleopoldo.mg.gov.br\/index.php?rest_route=\/wp\/v2\/posts\/24614"}],"collection":[{"href":"https:\/\/arquivo.pedroleopoldo.mg.gov.br\/index.php?rest_route=\/wp\/v2\/posts"}],"about":[{"href":"https:\/\/arquivo.pedroleopoldo.mg.gov.br\/index.php?rest_route=\/wp\/v2\/types\/post"}],"author":[{"embeddable":true,"href":"https:\/\/arquivo.pedroleopoldo.mg.gov.br\/index.php?rest_route=\/wp\/v2\/users\/1"}],"replies":[{"embeddable":true,"href":"https:\/\/arquivo.pedroleopoldo.mg.gov.br\/index.php?rest_route=%2Fwp%2Fv2%2Fcomments&post=24614"}],"version-history":[{"count":0,"href":"https:\/\/arquivo.pedroleopoldo.mg.gov.br\/index.php?rest_route=\/wp\/v2\/posts\/24614\/revisions"}],"wp:attachment":[{"href":"https:\/\/arquivo.pedroleopoldo.mg.gov.br\/index.php?rest_route=%2Fwp%2Fv2%2Fmedia&parent=24614"}],"wp:term":[{"taxonomy":"category","embeddable":true,"href":"https:\/\/arquivo.pedroleopoldo.mg.gov.br\/index.php?rest_route=%2Fwp%2Fv2%2Fcategories&post=24614"},{"taxonomy":"post_tag","embeddable":true,"href":"https:\/\/arquivo.pedroleopoldo.mg.gov.br\/index.php?rest_route=%2Fwp%2Fv2%2Ftags&post=24614"}],"curies":[{"name":"wp","href":"https:\/\/api.w.org\/{rel}","templated":true}]}}