{"id":24570,"date":"2023-12-05T18:06:29","date_gmt":"2023-12-05T21:06:29","guid":{"rendered":"http:\/\/pedroleopoldo.mg.gov.br\/?p=24570"},"modified":"2023-12-06T11:52:09","modified_gmt":"2023-12-06T14:52:09","slug":"prefeitura-reforca-seguranca-com-nomeacao-de-novos-delegados-para-a-policia-civil","status":"publish","type":"post","link":"https:\/\/arquivo.pedroleopoldo.mg.gov.br\/?p=24570","title":{"rendered":"Prefeitura refor\u00e7a seguran\u00e7a com nomea\u00e7\u00e3o de novos Delegados para a Pol\u00edcia Civil"},"content":{"rendered":"\n<p class=\"has-text-align-center\"><em><strong>A conquista do Executivo para o munic\u00edpio foi resultado de reuni\u00f5es, encontros e of\u00edcios enviados pela atual administra\u00e7\u00e3o ao Governo de Minas<\/strong><\/em><\/p>\n\n\n\n<p>A Prefeitura de Pedro Leopoldo celebra uma conquista significativa em prol da seguran\u00e7a dos moradores: a nomea\u00e7\u00e3o de dois novos delegados para fortalecer o trabalho na \u00e1rea, al\u00e9m de dois novos escriv\u00e3es. A iniciativa, resultado de encontros e of\u00edcios devidamente registrados enviados \u00e0s autoridades pela Prefeita Eloisa Helena e pelo Secret\u00e1rio de Governo, \u00c2ngelo Tadeu, demonstra o compromisso da gest\u00e3o com o bem-estar da comunidade.<\/p>\n\n\n\n<p>Os novos delegados, Dr. Matheus Fernandes Pereira e Dr. Valdomiro de Alc\u00e2ntara J\u00fanior, expressaram sua gratid\u00e3o durante uma visita ao Gabinete do Executivo. Na ocasi\u00e3o, agradeceram o empenho da Prefeitura nesta conquista e afirmaram estar \u00e0 disposi\u00e7\u00e3o para atuar firmemente em prol da seguran\u00e7a do munic\u00edpio.<\/p>\n\n\n\n<p>Al\u00e9m disso, a semana tamb\u00e9m foi marcada por uma reuni\u00e3o estrat\u00e9gica da Secretaria Municipal de Seguran\u00e7a P\u00fablica com o Coronel PM Breno, Comandante da 19\u00aa Regi\u00e3o da Pol\u00edcia Militar. O encontro, realizado em 28 de novembro, teve como objetivo discutir novas estrat\u00e9gias para reduzir ainda mais os \u00edndices de furtos e roubos no com\u00e9rcio da cidade.<\/p>\n","protected":false},"excerpt":{"rendered":"<p>A conquista do Executivo para o munic\u00edpio foi resultado de reuni\u00f5es, encontros e of\u00edcios enviados pela atual administra\u00e7\u00e3o ao Governo de Minas A Prefeitura de Pedro Leopoldo celebra uma conquista significativa em prol da seguran\u00e7a dos moradores: a nomea\u00e7\u00e3o de dois novos delegados para fortalecer o trabalho na \u00e1rea, al\u00e9m de dois novos escriv\u00e3es. A &hellip; <a href=\"https:\/\/arquivo.pedroleopoldo.mg.gov.br\/?p=24570\" class=\"more-link\">Continuar lendo <span class=\"screen-reader-text\">Prefeitura refor\u00e7a seguran\u00e7a com nomea\u00e7\u00e3o de novos Delegados para a Pol\u00edcia Civil<\/span><\/a><\/p>\n","protected":false},"author":1,"featured_media":24574,"comment_status":"closed","ping_status":"closed","sticky":false,"template":"","format":"standard","meta":{"footnotes":""},"categories":[45,4],"tags":[],"_links":{"self":[{"href":"https:\/\/arquivo.pedroleopoldo.mg.gov.br\/index.php?rest_route=\/wp\/v2\/posts\/24570"}],"collection":[{"href":"https:\/\/arquivo.pedroleopoldo.mg.gov.br\/index.php?rest_route=\/wp\/v2\/posts"}],"about":[{"href":"https:\/\/arquivo.pedroleopoldo.mg.gov.br\/index.php?rest_route=\/wp\/v2\/types\/post"}],"author":[{"embeddable":true,"href":"https:\/\/arquivo.pedroleopoldo.mg.gov.br\/index.php?rest_route=\/wp\/v2\/users\/1"}],"replies":[{"embeddable":true,"href":"https:\/\/arquivo.pedroleopoldo.mg.gov.br\/index.php?rest_route=%2Fwp%2Fv2%2Fcomments&post=24570"}],"version-history":[{"count":0,"href":"https:\/\/arquivo.pedroleopoldo.mg.gov.br\/index.php?rest_route=\/wp\/v2\/posts\/24570\/revisions"}],"wp:featuredmedia":[{"embeddable":true,"href":"https:\/\/arquivo.pedroleopoldo.mg.gov.br\/index.php?rest_route=\/wp\/v2\/media\/24574"}],"wp:attachment":[{"href":"https:\/\/arquivo.pedroleopoldo.mg.gov.br\/index.php?rest_route=%2Fwp%2Fv2%2Fmedia&parent=24570"}],"wp:term":[{"taxonomy":"category","embeddable":true,"href":"https:\/\/arquivo.pedroleopoldo.mg.gov.br\/index.php?rest_route=%2Fwp%2Fv2%2Fcategories&post=24570"},{"taxonomy":"post_tag","embeddable":true,"href":"https:\/\/arquivo.pedroleopoldo.mg.gov.br\/index.php?rest_route=%2Fwp%2Fv2%2Ftags&post=24570"}],"curies":[{"name":"wp","href":"https:\/\/api.w.org\/{rel}","templated":true}]}}