{"id":24567,"date":"2023-12-05T18:04:20","date_gmt":"2023-12-05T21:04:20","guid":{"rendered":"http:\/\/pedroleopoldo.mg.gov.br\/?p=24567"},"modified":"2023-12-05T18:04:22","modified_gmt":"2023-12-05T21:04:22","slug":"prefeitura-e-ufmg-avancam-no-projeto-de-melhorias-e-reabertura-da-fazenda-modelo-para-a-populacao","status":"publish","type":"post","link":"https:\/\/arquivo.pedroleopoldo.mg.gov.br\/?p=24567","title":{"rendered":"Prefeitura e UFMG avan\u00e7am no projeto de melhorias e reabertura da Fazenda Modelo para a popula\u00e7\u00e3o"},"content":{"rendered":"\n<p class=\"has-text-align-center\"><em><strong>Prefeita Eloisa Helena refor\u00e7ou o pedido ao Comit\u00ea Gestor do espa\u00e7o, para que o local se torne funcional e que a comunidade possa fazer uso<\/strong><\/em><\/p>\n\n\n\n<p>A Prefeitura de Pedro Leopoldo, atrav\u00e9s da Prefeita Eloisa Helena, tem se empenhado para tornar a Fazenda Modelo um espa\u00e7o revitalizado, de uso comum, integrado ao munic\u00edpio, al\u00e9m de ser um ambiente de ensino e de lazer, e, principalmente, que a popula\u00e7\u00e3o possa usufruir.<\/p>\n\n\n\n<p>Para isto, a Prefeita Eloisa, ao lado da vice-prefeita Ana Paula Santos, dos Secret\u00e1rios de Governo, Meio Ambiente e Planejamento Urbano, \u00c2ngelo Tadeu, Mauro Lobato e Gerson Viana, respectivamente, al\u00e9m de representantes da pasta de Cultura, Lazer e Turismo, se reuniu nesta segunda-feira, 04, com parte do Comit\u00ea Gestor da Fazenda Modelo, respons\u00e1vel pelo gerenciamento do local. O \u00f3rg\u00e3o, atrelado \u00e0 UFMG e que \u00e9 presidido pelo vice-reitor, Alessandro Moreira, tamb\u00e9m tem a fun\u00e7\u00e3o de, junto com atual administra\u00e7\u00e3o de Pedro Leopoldo, elaborar um Plano Diretor para uso do espa\u00e7o.&nbsp;<\/p>\n\n\n\n<p>Na reuni\u00e3o foram discutidas as a\u00e7\u00f5es para concretizar o projeto de revitaliza\u00e7\u00e3o, com avan\u00e7os envolvendo apresenta\u00e7\u00e3o do plano de trabalho e pr\u00f3ximos passos para acelerar a iniciativa. \u201cPretendemos transformar aquele espa\u00e7o t\u00e3o bonito, em algo funcional e que nossa gente possa fazer uso. N\u00e3o d\u00e1 para deixar um lugar daquele sem fun\u00e7\u00f5es para o bem coletivo e, menos ainda, sem a presen\u00e7a da comunidade\u201d, destacou a Prefeita Eloisa Helena.<\/p>\n\n\n\n<p>As pr\u00f3ximas a\u00e7\u00f5es definir\u00e3o a metodologia para checar a viabilidade de implanta\u00e7\u00e3o de ilumina\u00e7\u00e3o p\u00fablica, cercamento, prepara\u00e7\u00e3o para arboriza\u00e7\u00e3o, revitaliza\u00e7\u00e3o de jardins, servi\u00e7os para preven\u00e7\u00e3o de inc\u00eandios e melhoria da infraestrutura.<\/p>\n","protected":false},"excerpt":{"rendered":"<p>Prefeita Eloisa Helena refor\u00e7ou o pedido ao Comit\u00ea Gestor do espa\u00e7o, para que o local se torne funcional e que a comunidade possa fazer uso A Prefeitura de Pedro Leopoldo, atrav\u00e9s da Prefeita Eloisa Helena, tem se empenhado para tornar a Fazenda Modelo um espa\u00e7o revitalizado, de uso comum, integrado ao munic\u00edpio, al\u00e9m de ser &hellip; <a href=\"https:\/\/arquivo.pedroleopoldo.mg.gov.br\/?p=24567\" class=\"more-link\">Continuar lendo <span class=\"screen-reader-text\">Prefeitura e UFMG avan\u00e7am no projeto de melhorias e reabertura da Fazenda Modelo para a popula\u00e7\u00e3o<\/span><\/a><\/p>\n","protected":false},"author":1,"featured_media":24568,"comment_status":"closed","ping_status":"closed","sticky":false,"template":"","format":"standard","meta":{"footnotes":""},"categories":[45,4],"tags":[],"_links":{"self":[{"href":"https:\/\/arquivo.pedroleopoldo.mg.gov.br\/index.php?rest_route=\/wp\/v2\/posts\/24567"}],"collection":[{"href":"https:\/\/arquivo.pedroleopoldo.mg.gov.br\/index.php?rest_route=\/wp\/v2\/posts"}],"about":[{"href":"https:\/\/arquivo.pedroleopoldo.mg.gov.br\/index.php?rest_route=\/wp\/v2\/types\/post"}],"author":[{"embeddable":true,"href":"https:\/\/arquivo.pedroleopoldo.mg.gov.br\/index.php?rest_route=\/wp\/v2\/users\/1"}],"replies":[{"embeddable":true,"href":"https:\/\/arquivo.pedroleopoldo.mg.gov.br\/index.php?rest_route=%2Fwp%2Fv2%2Fcomments&post=24567"}],"version-history":[{"count":0,"href":"https:\/\/arquivo.pedroleopoldo.mg.gov.br\/index.php?rest_route=\/wp\/v2\/posts\/24567\/revisions"}],"wp:featuredmedia":[{"embeddable":true,"href":"https:\/\/arquivo.pedroleopoldo.mg.gov.br\/index.php?rest_route=\/wp\/v2\/media\/24568"}],"wp:attachment":[{"href":"https:\/\/arquivo.pedroleopoldo.mg.gov.br\/index.php?rest_route=%2Fwp%2Fv2%2Fmedia&parent=24567"}],"wp:term":[{"taxonomy":"category","embeddable":true,"href":"https:\/\/arquivo.pedroleopoldo.mg.gov.br\/index.php?rest_route=%2Fwp%2Fv2%2Fcategories&post=24567"},{"taxonomy":"post_tag","embeddable":true,"href":"https:\/\/arquivo.pedroleopoldo.mg.gov.br\/index.php?rest_route=%2Fwp%2Fv2%2Ftags&post=24567"}],"curies":[{"name":"wp","href":"https:\/\/api.w.org\/{rel}","templated":true}]}}