{"id":24336,"date":"2023-11-17T17:13:55","date_gmt":"2023-11-17T20:13:55","guid":{"rendered":"http:\/\/pedroleopoldo.mg.gov.br\/?p=24336"},"modified":"2023-11-17T17:13:56","modified_gmt":"2023-11-17T20:13:56","slug":"prefeitura-de-pedro-leopoldo-reativa-conselho-do-idoso-e-fortalece-compromisso-com-a-comunidade","status":"publish","type":"post","link":"https:\/\/arquivo.pedroleopoldo.mg.gov.br\/?p=24336","title":{"rendered":"Prefeitura de Pedro Leopoldo reativa Conselho do Idoso e fortalece compromisso com a comunidade"},"content":{"rendered":"\n<h2 class=\"wp-block-heading has-text-align-center\"><em><strong>Um novo cap\u00edtulo de participa\u00e7\u00e3o cidad\u00e3 e inclus\u00e3o<\/strong><\/em><\/h2>\n\n\n\n<p>A Prefeitura de Pedro Leopoldo, por meio da Secretaria de Desenvolvimento Social, est\u00e1 empenhada em promover melhorias significativas na qualidade de vida de seus cidad\u00e3os. Uma das iniciativas&nbsp; \u00e9 a reativa\u00e7\u00e3o do Conselho Municipal do Idoso, refor\u00e7ando o compromisso da gest\u00e3o com a valoriza\u00e7\u00e3o e aten\u00e7\u00e3o aos idosos em nossa comunidade.<\/p>\n\n\n\n<p>A import\u00e2ncia desse conselho \u00e9 destacada n\u00e3o apenas por ser um representante do \u00f3rg\u00e3o, mas tamb\u00e9m por fornecer um espa\u00e7o de discuss\u00e3o e formula\u00e7\u00e3o de pol\u00edticas que visam atender \u00e0s necessidades espec\u00edficas da popula\u00e7\u00e3o idosa. A Prefeita Eloisa Helena ressalta a relev\u00e2ncia desse conselho: &#8220;Acreditamos que a participa\u00e7\u00e3o ativa dos idosos em decis\u00f5es que impactam diretamente em suas vidas \u00e9 fundamental para construir uma cidade mais inclusiva e que respeita a diversidade et\u00e1ria&#8221;.<\/p>\n\n\n\n<figure class=\"wp-block-image size-large\"><img decoding=\"async\" loading=\"lazy\" width=\"1024\" height=\"768\" src=\"http:\/\/pedroleopoldo.mg.gov.br\/wp-content\/uploads\/2023\/11\/Conselho-do-Idoso-2-1-1024x768.jpg\" alt=\"\" class=\"wp-image-24338\" srcset=\"https:\/\/arquivo.pedroleopoldo.mg.gov.br\/wp-content\/uploads\/2023\/11\/Conselho-do-Idoso-2-1-1024x768.jpg 1024w, https:\/\/arquivo.pedroleopoldo.mg.gov.br\/wp-content\/uploads\/2023\/11\/Conselho-do-Idoso-2-1-300x225.jpg 300w, https:\/\/arquivo.pedroleopoldo.mg.gov.br\/wp-content\/uploads\/2023\/11\/Conselho-do-Idoso-2-1-768x576.jpg 768w, https:\/\/arquivo.pedroleopoldo.mg.gov.br\/wp-content\/uploads\/2023\/11\/Conselho-do-Idoso-2-1-1536x1152.jpg 1536w, https:\/\/arquivo.pedroleopoldo.mg.gov.br\/wp-content\/uploads\/2023\/11\/Conselho-do-Idoso-2-1-2048x1536.jpg 2048w\" sizes=\"(max-width: 1024px) 100vw, 1024px\" \/><\/figure>\n\n\n\n<p>A quarta reuni\u00e3o do Conselho Municipal do Idoso, realizada na \u00faltima sexta-feira, 10 de novembro, na Secretaria de Desenvolvimento Social, foi marcada por avan\u00e7os significativos. Durante o encontro, foram lidas as diretrizes do regimento interno, proporcionando um entendimento claro de como o conselho operar\u00e1 em sua miss\u00e3o de promo\u00e7\u00e3o de pol\u00edticas voltadas para os idosos.<\/p>\n\n\n\n<p>Ideias para melhorias foram debatidas, refletindo o compromisso da gest\u00e3o em ouvir as demandas da comunidade idosa e implementar a\u00e7\u00f5es que atendam \u00e0s suas necessidades espec\u00edficas. Al\u00e9m disso, foi agendada a pr\u00f3xima reuni\u00e3o, na qual ser\u00e1 criada a mesa diretora do conselho, fortalecendo ainda mais a representatividade e a efic\u00e1cia do \u00d3rg\u00e3o.<\/p>\n\n\n\n<p>A Prefeitura de Pedro Leopoldo reafirma seu compromisso com a promo\u00e7\u00e3o da igualdade e diversidade em todas as esferas da sociedade. Al\u00e9m da revitaliza\u00e7\u00e3o do Conselho do Idoso, na atual gest\u00e3o, foram criados o Conselho da Promo\u00e7\u00e3o da Igualdade Racial e o Conselho LGBTQIA+, consolidando a vis\u00e3o de uma administra\u00e7\u00e3o inclusiva e atendendo \u00e0s demandas de todos os segmentos da popula\u00e7\u00e3o.<\/p>\n\n\n\n<p>\u00c9 a Prefeitura de Pedro Leopoldo unida em prol do bem-estar de toda a nossa comunidade, trabalhando ativamente para construir uma cidade mais justa, inclusiva e vis\u00edvel para o futuro.<\/p>\n","protected":false},"excerpt":{"rendered":"<p>Um novo cap\u00edtulo de participa\u00e7\u00e3o cidad\u00e3 e inclus\u00e3o A Prefeitura de Pedro Leopoldo, por meio da Secretaria de Desenvolvimento Social, est\u00e1 empenhada em promover melhorias significativas na qualidade de vida de seus cidad\u00e3os. Uma das iniciativas&nbsp; \u00e9 a reativa\u00e7\u00e3o do Conselho Municipal do Idoso, refor\u00e7ando o compromisso da gest\u00e3o com a valoriza\u00e7\u00e3o e aten\u00e7\u00e3o aos &hellip; <a href=\"https:\/\/arquivo.pedroleopoldo.mg.gov.br\/?p=24336\" class=\"more-link\">Continuar lendo <span class=\"screen-reader-text\">Prefeitura de Pedro Leopoldo reativa Conselho do Idoso e fortalece compromisso com a comunidade<\/span><\/a><\/p>\n","protected":false},"author":1,"featured_media":24339,"comment_status":"closed","ping_status":"closed","sticky":false,"template":"","format":"standard","meta":{"footnotes":""},"categories":[45,4],"tags":[],"_links":{"self":[{"href":"https:\/\/arquivo.pedroleopoldo.mg.gov.br\/index.php?rest_route=\/wp\/v2\/posts\/24336"}],"collection":[{"href":"https:\/\/arquivo.pedroleopoldo.mg.gov.br\/index.php?rest_route=\/wp\/v2\/posts"}],"about":[{"href":"https:\/\/arquivo.pedroleopoldo.mg.gov.br\/index.php?rest_route=\/wp\/v2\/types\/post"}],"author":[{"embeddable":true,"href":"https:\/\/arquivo.pedroleopoldo.mg.gov.br\/index.php?rest_route=\/wp\/v2\/users\/1"}],"replies":[{"embeddable":true,"href":"https:\/\/arquivo.pedroleopoldo.mg.gov.br\/index.php?rest_route=%2Fwp%2Fv2%2Fcomments&post=24336"}],"version-history":[{"count":0,"href":"https:\/\/arquivo.pedroleopoldo.mg.gov.br\/index.php?rest_route=\/wp\/v2\/posts\/24336\/revisions"}],"wp:featuredmedia":[{"embeddable":true,"href":"https:\/\/arquivo.pedroleopoldo.mg.gov.br\/index.php?rest_route=\/wp\/v2\/media\/24339"}],"wp:attachment":[{"href":"https:\/\/arquivo.pedroleopoldo.mg.gov.br\/index.php?rest_route=%2Fwp%2Fv2%2Fmedia&parent=24336"}],"wp:term":[{"taxonomy":"category","embeddable":true,"href":"https:\/\/arquivo.pedroleopoldo.mg.gov.br\/index.php?rest_route=%2Fwp%2Fv2%2Fcategories&post=24336"},{"taxonomy":"post_tag","embeddable":true,"href":"https:\/\/arquivo.pedroleopoldo.mg.gov.br\/index.php?rest_route=%2Fwp%2Fv2%2Ftags&post=24336"}],"curies":[{"name":"wp","href":"https:\/\/api.w.org\/{rel}","templated":true}]}}