{"id":24329,"date":"2023-11-17T17:09:50","date_gmt":"2023-11-17T20:09:50","guid":{"rendered":"http:\/\/pedroleopoldo.mg.gov.br\/?p=24329"},"modified":"2023-11-17T17:09:52","modified_gmt":"2023-11-17T20:09:52","slug":"prefeitura-promove-a-semana-da-consciencia-negra","status":"publish","type":"post","link":"https:\/\/arquivo.pedroleopoldo.mg.gov.br\/?p=24329","title":{"rendered":"Prefeitura promove a Semana da Consci\u00eancia Negra"},"content":{"rendered":"\n<p class=\"has-text-align-center has-medium-font-size\"><br><em>A abertura oficial acontece no dia 20 de novembro e vai at\u00e9 o dia 26<\/em><\/p>\n\n\n\n<p>A Prefeitura de Pedro Leopoldo, por meio da Secretaria Municipal de Juventude, Esportes e Direitos Humanos e o COMPIR, Conselho Municipal da Promo\u00e7\u00e3o de Igualdade Racial promove entre os dias 20 e 26 de novembro a Semana da Consci\u00eancia Negra no munic\u00edpio. Uma s\u00e9rie de atra\u00e7\u00f5es v\u00e3o trazer reflex\u00e3o e entretenimento.&nbsp;<\/p>\n\n\n\n<p>Uma vasta programa\u00e7\u00e3o com grandes convidados, palestras, rodas de conversas, m\u00fasica, cultura, e artistas locais, v\u00e3o abrilhantar a programa\u00e7\u00e3o. A Prefeita Eloisa Helena, falou sobre o trabalho que ser\u00e1 realizado. \u201cSempre tivemos uma meta de governar para todos, e prova disso foi a retirada do COMPIR do papel, o Conselho se tornou uma realidade e tenho muito orgulho disso. O trabalho das pessoas envolvidas, da causa e da luta, \u00e9 um ato incr\u00edvel e que deve e merece a aten\u00e7\u00e3o do poder p\u00fablico. Fico feliz e honrada por estar junta de pessoas t\u00e3o especiais, e dar o total apoio para a promo\u00e7\u00e3o da Semana da Consci\u00eancia Negra\u201d, destacou Eloisa.<\/p>\n\n\n\n<figure class=\"wp-block-gallery has-nested-images columns-default is-cropped wp-block-gallery-1 is-layout-flex wp-block-gallery-is-layout-flex\">\n<figure class=\"wp-block-image size-large\"><img decoding=\"async\" loading=\"lazy\" width=\"1024\" height=\"1024\" data-id=\"24333\" src=\"http:\/\/pedroleopoldo.mg.gov.br\/wp-content\/uploads\/2023\/11\/1-2-1024x1024.png\" alt=\"\" class=\"wp-image-24333\" srcset=\"https:\/\/arquivo.pedroleopoldo.mg.gov.br\/wp-content\/uploads\/2023\/11\/1-2-1024x1024.png 1024w, https:\/\/arquivo.pedroleopoldo.mg.gov.br\/wp-content\/uploads\/2023\/11\/1-2-300x300.png 300w, https:\/\/arquivo.pedroleopoldo.mg.gov.br\/wp-content\/uploads\/2023\/11\/1-2-150x150.png 150w, https:\/\/arquivo.pedroleopoldo.mg.gov.br\/wp-content\/uploads\/2023\/11\/1-2-768x768.png 768w, https:\/\/arquivo.pedroleopoldo.mg.gov.br\/wp-content\/uploads\/2023\/11\/1-2.png 1080w\" sizes=\"(max-width: 1024px) 100vw, 1024px\" \/><\/figure>\n\n\n\n<figure class=\"wp-block-image size-large\"><img decoding=\"async\" loading=\"lazy\" width=\"1024\" height=\"1024\" data-id=\"24332\" src=\"http:\/\/pedroleopoldo.mg.gov.br\/wp-content\/uploads\/2023\/11\/2-2-1024x1024.png\" alt=\"\" class=\"wp-image-24332\" srcset=\"https:\/\/arquivo.pedroleopoldo.mg.gov.br\/wp-content\/uploads\/2023\/11\/2-2-1024x1024.png 1024w, https:\/\/arquivo.pedroleopoldo.mg.gov.br\/wp-content\/uploads\/2023\/11\/2-2-300x300.png 300w, https:\/\/arquivo.pedroleopoldo.mg.gov.br\/wp-content\/uploads\/2023\/11\/2-2-150x150.png 150w, https:\/\/arquivo.pedroleopoldo.mg.gov.br\/wp-content\/uploads\/2023\/11\/2-2-768x768.png 768w, https:\/\/arquivo.pedroleopoldo.mg.gov.br\/wp-content\/uploads\/2023\/11\/2-2.png 1080w\" sizes=\"(max-width: 1024px) 100vw, 1024px\" \/><\/figure>\n\n\n\n<figure class=\"wp-block-image size-large\"><img decoding=\"async\" loading=\"lazy\" width=\"1024\" height=\"1024\" data-id=\"24331\" src=\"http:\/\/pedroleopoldo.mg.gov.br\/wp-content\/uploads\/2023\/11\/3-1-1024x1024.png\" alt=\"\" class=\"wp-image-24331\" srcset=\"https:\/\/arquivo.pedroleopoldo.mg.gov.br\/wp-content\/uploads\/2023\/11\/3-1-1024x1024.png 1024w, https:\/\/arquivo.pedroleopoldo.mg.gov.br\/wp-content\/uploads\/2023\/11\/3-1-300x300.png 300w, https:\/\/arquivo.pedroleopoldo.mg.gov.br\/wp-content\/uploads\/2023\/11\/3-1-150x150.png 150w, https:\/\/arquivo.pedroleopoldo.mg.gov.br\/wp-content\/uploads\/2023\/11\/3-1-768x768.png 768w, https:\/\/arquivo.pedroleopoldo.mg.gov.br\/wp-content\/uploads\/2023\/11\/3-1.png 1080w\" sizes=\"(max-width: 1024px) 100vw, 1024px\" \/><\/figure>\n\n\n\n<figure class=\"wp-block-image size-large\"><img decoding=\"async\" loading=\"lazy\" width=\"1024\" height=\"1024\" data-id=\"24330\" src=\"http:\/\/pedroleopoldo.mg.gov.br\/wp-content\/uploads\/2023\/11\/4-2-1024x1024.png\" alt=\"\" class=\"wp-image-24330\" srcset=\"https:\/\/arquivo.pedroleopoldo.mg.gov.br\/wp-content\/uploads\/2023\/11\/4-2-1024x1024.png 1024w, https:\/\/arquivo.pedroleopoldo.mg.gov.br\/wp-content\/uploads\/2023\/11\/4-2-300x300.png 300w, https:\/\/arquivo.pedroleopoldo.mg.gov.br\/wp-content\/uploads\/2023\/11\/4-2-150x150.png 150w, https:\/\/arquivo.pedroleopoldo.mg.gov.br\/wp-content\/uploads\/2023\/11\/4-2-768x768.png 768w, https:\/\/arquivo.pedroleopoldo.mg.gov.br\/wp-content\/uploads\/2023\/11\/4-2.png 1080w\" sizes=\"(max-width: 1024px) 100vw, 1024px\" \/><\/figure>\n<\/figure>\n","protected":false},"excerpt":{"rendered":"<p>A abertura oficial acontece no dia 20 de novembro e vai at\u00e9 o dia 26 A Prefeitura de Pedro Leopoldo, por meio da Secretaria Municipal de Juventude, Esportes e Direitos Humanos e o COMPIR, Conselho Municipal da Promo\u00e7\u00e3o de Igualdade Racial promove entre os dias 20 e 26 de novembro a Semana da Consci\u00eancia Negra &hellip; <a href=\"https:\/\/arquivo.pedroleopoldo.mg.gov.br\/?p=24329\" class=\"more-link\">Continuar lendo <span class=\"screen-reader-text\">Prefeitura promove a Semana da Consci\u00eancia Negra<\/span><\/a><\/p>\n","protected":false},"author":1,"featured_media":24334,"comment_status":"closed","ping_status":"closed","sticky":false,"template":"","format":"standard","meta":{"footnotes":""},"categories":[45,4],"tags":[],"_links":{"self":[{"href":"https:\/\/arquivo.pedroleopoldo.mg.gov.br\/index.php?rest_route=\/wp\/v2\/posts\/24329"}],"collection":[{"href":"https:\/\/arquivo.pedroleopoldo.mg.gov.br\/index.php?rest_route=\/wp\/v2\/posts"}],"about":[{"href":"https:\/\/arquivo.pedroleopoldo.mg.gov.br\/index.php?rest_route=\/wp\/v2\/types\/post"}],"author":[{"embeddable":true,"href":"https:\/\/arquivo.pedroleopoldo.mg.gov.br\/index.php?rest_route=\/wp\/v2\/users\/1"}],"replies":[{"embeddable":true,"href":"https:\/\/arquivo.pedroleopoldo.mg.gov.br\/index.php?rest_route=%2Fwp%2Fv2%2Fcomments&post=24329"}],"version-history":[{"count":0,"href":"https:\/\/arquivo.pedroleopoldo.mg.gov.br\/index.php?rest_route=\/wp\/v2\/posts\/24329\/revisions"}],"wp:featuredmedia":[{"embeddable":true,"href":"https:\/\/arquivo.pedroleopoldo.mg.gov.br\/index.php?rest_route=\/wp\/v2\/media\/24334"}],"wp:attachment":[{"href":"https:\/\/arquivo.pedroleopoldo.mg.gov.br\/index.php?rest_route=%2Fwp%2Fv2%2Fmedia&parent=24329"}],"wp:term":[{"taxonomy":"category","embeddable":true,"href":"https:\/\/arquivo.pedroleopoldo.mg.gov.br\/index.php?rest_route=%2Fwp%2Fv2%2Fcategories&post=24329"},{"taxonomy":"post_tag","embeddable":true,"href":"https:\/\/arquivo.pedroleopoldo.mg.gov.br\/index.php?rest_route=%2Fwp%2Fv2%2Ftags&post=24329"}],"curies":[{"name":"wp","href":"https:\/\/api.w.org\/{rel}","templated":true}]}}