{"id":24322,"date":"2023-11-17T17:03:50","date_gmt":"2023-11-17T20:03:50","guid":{"rendered":"http:\/\/pedroleopoldo.mg.gov.br\/?p=24322"},"modified":"2023-11-17T17:06:03","modified_gmt":"2023-11-17T20:06:03","slug":"prefeitura-promove-dia-d-com-a-campanha-do-novembro-azul-voltada-para-a-populacao-masculina-de-pedro-leopoldo","status":"publish","type":"post","link":"https:\/\/arquivo.pedroleopoldo.mg.gov.br\/?p=24322","title":{"rendered":"Prefeitura promove Dia D com a campanha do Novembro Azul voltada para a popula\u00e7\u00e3o masculina de Pedro Leopoldo"},"content":{"rendered":"\n<p class=\"has-text-align-center\"><em><strong>Avenida Carlos Bernardino ter\u00e1 uma s\u00e9rie de servi\u00e7os dispon\u00edveis, al\u00e9m disso, todos os pontos de sa\u00fade v\u00e3o funcionar de 8h \u00e0s 12h<\/strong><\/em><\/p>\n\n\n\n<div class=\"wp-block-media-text is-stacked-on-mobile\" style=\"grid-template-columns:45% auto\"><figure class=\"wp-block-media-text__media\"><img decoding=\"async\" loading=\"lazy\" width=\"576\" height=\"1024\" src=\"http:\/\/pedroleopoldo.mg.gov.br\/wp-content\/uploads\/2023\/11\/NOVEMBRO_AZUL-ESF_S_-576x1024.png\" alt=\"\" class=\"wp-image-24323 size-full\" srcset=\"https:\/\/arquivo.pedroleopoldo.mg.gov.br\/wp-content\/uploads\/2023\/11\/NOVEMBRO_AZUL-ESF_S_-576x1024.png 576w, https:\/\/arquivo.pedroleopoldo.mg.gov.br\/wp-content\/uploads\/2023\/11\/NOVEMBRO_AZUL-ESF_S_-169x300.png 169w, https:\/\/arquivo.pedroleopoldo.mg.gov.br\/wp-content\/uploads\/2023\/11\/NOVEMBRO_AZUL-ESF_S_-768x1365.png 768w, https:\/\/arquivo.pedroleopoldo.mg.gov.br\/wp-content\/uploads\/2023\/11\/NOVEMBRO_AZUL-ESF_S_-864x1536.png 864w, https:\/\/arquivo.pedroleopoldo.mg.gov.br\/wp-content\/uploads\/2023\/11\/NOVEMBRO_AZUL-ESF_S_.png 1080w\" sizes=\"(max-width: 576px) 100vw, 576px\" \/><\/figure><div class=\"wp-block-media-text__content\">\n<p>Neste s\u00e1bado, 18 de novembro, a Prefeitura de Pedro Leopoldo, por meio da Secretaria Municipal de Sa\u00fade, em parceria com o CISREC, vai promover um Dia D voltado para o Novembro Azul e para a popula\u00e7\u00e3o masculina de Pedro Leopoldo. O objetivo \u00e9 incentivar os homens a cuidarem da sa\u00fade de um modo geral e os deixar atentos para o exame preventivo contra o c\u00e2ncer de pr\u00f3stata. O aumento observado nas taxas de incid\u00eancia do c\u00e2ncer de pr\u00f3stata no Brasil, pode ser parcialmente justificado pela evolu\u00e7\u00e3o dos m\u00e9todos diagn\u00f3sticos, os exames, pela melhoria na qualidade dos sistemas de informa\u00e7\u00e3o do pa\u00eds e pelo aumento na expectativa de vida.<br><br>\u201cCriou-se um tabu em torno do cuidado masculino e isso precisa ser desmistificado. Na minha casa, por exemplo, tenho meus dois filhos e meu marido e a frequ\u00eancia deles em consultas m\u00e9dicas \u00e9 constante. N\u00e3o pelo fato de uma sa\u00fade fr\u00e1gil, mas sim, porque eles t\u00eam a consci\u00eancia que o cuidado \u00e9 necess\u00e1rio, e tudo que diagnosticado cedo, melhor. Por isso, eu conto com a presen\u00e7a de todos os homens na Av. Carlos Bernardino, ou ent\u00e3o, nos pontos de sa\u00fade dos bairros\u201d, destacou a Prefeita, Eloisa Helena.&nbsp;<\/p>\n<\/div><\/div>\n\n\n\n<p>O funcionamento dos ESF\u00b4s no dia 18\/11, ser\u00e1 de 8h \u00e0s 12h, com os atendimentos voltados para \u00e0 sa\u00fade masculina, al\u00e9m de exames e consultas de um modo geral. J\u00e1 na Avenida Carlos Bernardino, na Lagoa de Santo Ant\u00f4nio, regi\u00e3o norte do munic\u00edpio, ter\u00e1 o 1\u00ba CISREC NA RUA, com informa\u00e7\u00f5es sobre a sa\u00fade do homem, aferi\u00e7\u00e3o de press\u00e3o e glicemia capilar, vacina\u00e7\u00e3o, MedCirco, massagem, alongamentos, aula de zumba, apresenta\u00e7\u00e3o de Muay Thai, \u00e1rea de lazer na rua, feirinha de ado\u00e7\u00e3o de c\u00e3es e gatos e muito mais.<\/p>\n","protected":false},"excerpt":{"rendered":"<p>Avenida Carlos Bernardino ter\u00e1 uma s\u00e9rie de servi\u00e7os dispon\u00edveis, al\u00e9m disso, todos os pontos de sa\u00fade v\u00e3o funcionar de 8h \u00e0s 12h Neste s\u00e1bado, 18 de novembro, a Prefeitura de Pedro Leopoldo, por meio da Secretaria Municipal de Sa\u00fade, em parceria com o CISREC, vai promover um Dia D voltado para o Novembro Azul e &hellip; <a href=\"https:\/\/arquivo.pedroleopoldo.mg.gov.br\/?p=24322\" class=\"more-link\">Continuar lendo <span class=\"screen-reader-text\">Prefeitura promove Dia D com a campanha do Novembro Azul voltada para a popula\u00e7\u00e3o masculina de Pedro Leopoldo<\/span><\/a><\/p>\n","protected":false},"author":1,"featured_media":24327,"comment_status":"closed","ping_status":"closed","sticky":false,"template":"","format":"standard","meta":{"footnotes":""},"categories":[45,4],"tags":[],"_links":{"self":[{"href":"https:\/\/arquivo.pedroleopoldo.mg.gov.br\/index.php?rest_route=\/wp\/v2\/posts\/24322"}],"collection":[{"href":"https:\/\/arquivo.pedroleopoldo.mg.gov.br\/index.php?rest_route=\/wp\/v2\/posts"}],"about":[{"href":"https:\/\/arquivo.pedroleopoldo.mg.gov.br\/index.php?rest_route=\/wp\/v2\/types\/post"}],"author":[{"embeddable":true,"href":"https:\/\/arquivo.pedroleopoldo.mg.gov.br\/index.php?rest_route=\/wp\/v2\/users\/1"}],"replies":[{"embeddable":true,"href":"https:\/\/arquivo.pedroleopoldo.mg.gov.br\/index.php?rest_route=%2Fwp%2Fv2%2Fcomments&post=24322"}],"version-history":[{"count":0,"href":"https:\/\/arquivo.pedroleopoldo.mg.gov.br\/index.php?rest_route=\/wp\/v2\/posts\/24322\/revisions"}],"wp:featuredmedia":[{"embeddable":true,"href":"https:\/\/arquivo.pedroleopoldo.mg.gov.br\/index.php?rest_route=\/wp\/v2\/media\/24327"}],"wp:attachment":[{"href":"https:\/\/arquivo.pedroleopoldo.mg.gov.br\/index.php?rest_route=%2Fwp%2Fv2%2Fmedia&parent=24322"}],"wp:term":[{"taxonomy":"category","embeddable":true,"href":"https:\/\/arquivo.pedroleopoldo.mg.gov.br\/index.php?rest_route=%2Fwp%2Fv2%2Fcategories&post=24322"},{"taxonomy":"post_tag","embeddable":true,"href":"https:\/\/arquivo.pedroleopoldo.mg.gov.br\/index.php?rest_route=%2Fwp%2Fv2%2Ftags&post=24322"}],"curies":[{"name":"wp","href":"https:\/\/api.w.org\/{rel}","templated":true}]}}