{"id":24239,"date":"2023-11-08T15:38:50","date_gmt":"2023-11-08T18:38:50","guid":{"rendered":"http:\/\/pedroleopoldo.mg.gov.br\/?p=24239"},"modified":"2023-11-08T15:38:53","modified_gmt":"2023-11-08T18:38:53","slug":"prefeitura-de-pedro-leopoldo-segue-a-todo-vapor-com-o-asfalto-na-rodovia-neves","status":"publish","type":"post","link":"https:\/\/arquivo.pedroleopoldo.mg.gov.br\/?p=24239","title":{"rendered":"Prefeitura de Pedro Leopoldo segue a todo vapor com o asfalto na Rodovia Neves"},"content":{"rendered":"\n<p class=\"has-text-align-center\"><em><strong>Outros diversos servi\u00e7os tamb\u00e9m est\u00e3o sendo executados pelo munic\u00edpio\u00a0<\/strong><\/em><\/p>\n\n\n\n<p>Ap\u00f3s realizar os trabalhos iniciais que envolvem terraplanagem, drenagem e execu\u00e7\u00e3o de base, a Prefeitura de Pedro Leopoldo segue agora a todo vapor dando continuidade \u00e0 pavimenta\u00e7\u00e3o da Rodovia Neves, via que liga Pedro Leopoldo a Ribeir\u00e3o das Neves. A atual gest\u00e3o est\u00e1 executando uma a\u00e7\u00e3o que era prevista em plano de governo e est\u00e1 atendendo a um antigo pedido dos moradores de Vera Cruz de Minas e bairros adjacentes. Os benef\u00edcios dessa obra incluem um percurso mais r\u00e1pido at\u00e9 ao munic\u00edpio vizinho, melhorias do tr\u00e2nsito local e uma via mais segura para todos que passam pela regi\u00e3o.<\/p>\n\n\n\n<div class=\"wp-block-media-text is-stacked-on-mobile\" style=\"grid-template-columns:51% auto\"><figure class=\"wp-block-media-text__media\"><img decoding=\"async\" loading=\"lazy\" width=\"1024\" height=\"575\" src=\"http:\/\/pedroleopoldo.mg.gov.br\/wp-content\/uploads\/2023\/11\/WhatsApp-Image-2023-11-08-at-13.22.48-1024x575.jpeg\" alt=\"\" class=\"wp-image-24240 size-full\" srcset=\"https:\/\/arquivo.pedroleopoldo.mg.gov.br\/wp-content\/uploads\/2023\/11\/WhatsApp-Image-2023-11-08-at-13.22.48-1024x575.jpeg 1024w, https:\/\/arquivo.pedroleopoldo.mg.gov.br\/wp-content\/uploads\/2023\/11\/WhatsApp-Image-2023-11-08-at-13.22.48-300x168.jpeg 300w, https:\/\/arquivo.pedroleopoldo.mg.gov.br\/wp-content\/uploads\/2023\/11\/WhatsApp-Image-2023-11-08-at-13.22.48-768x431.jpeg 768w, https:\/\/arquivo.pedroleopoldo.mg.gov.br\/wp-content\/uploads\/2023\/11\/WhatsApp-Image-2023-11-08-at-13.22.48.jpeg 1170w\" sizes=\"(max-width: 1024px) 100vw, 1024px\" \/><\/figure><div class=\"wp-block-media-text__content\">\n<p>O morador de Vera Cruz, H\u00e9lio Costa, agradeceu a Prefeitura e destacou alguns benef\u00edcios que este trabalho leva para a popula\u00e7\u00e3o. \u201cEstou muito satisfeito, os im\u00f3veis da regi\u00e3o v\u00e3o valorizar, o transporte ficar\u00e1 mais tranquilo, ser\u00e1 muito positivo para o com\u00e9rcio, para as pessoas que v\u00e3o para as cidades de Betim, Contagem, para o CEASA. Enfim, eu s\u00f3 tenho a agradecer e parabenizar a Prefeitura\u201d, destacou.<\/p>\n<\/div><\/div>\n\n\n\n<p><\/p>\n\n\n\n<p><strong>Secretaria de Obras segue realizado diversas opera\u00e7\u00f5es&nbsp;<\/strong><\/p>\n\n\n\n<p>Enquanto a cidade se beneficia destas melhorias, a Prefeitura continua se dedicando em deixar Pedro Leopoldo mais limpa e organizada, com equipes de limpeza urbana seguindo um cronograma, as ruas recebem servi\u00e7os gerais, como poda, capina e despraguejamento, conforme um cronograma seguido pela Secretaria de Obras.<\/p>\n\n\n\n<figure class=\"wp-block-image size-full\"><img decoding=\"async\" loading=\"lazy\" width=\"1024\" height=\"576\" src=\"http:\/\/pedroleopoldo.mg.gov.br\/wp-content\/uploads\/2023\/11\/WhatsApp-Image-2023-11-08-at-13.26.55-3.jpeg\" alt=\"\" class=\"wp-image-24241\" srcset=\"https:\/\/arquivo.pedroleopoldo.mg.gov.br\/wp-content\/uploads\/2023\/11\/WhatsApp-Image-2023-11-08-at-13.26.55-3.jpeg 1024w, https:\/\/arquivo.pedroleopoldo.mg.gov.br\/wp-content\/uploads\/2023\/11\/WhatsApp-Image-2023-11-08-at-13.26.55-3-300x169.jpeg 300w, https:\/\/arquivo.pedroleopoldo.mg.gov.br\/wp-content\/uploads\/2023\/11\/WhatsApp-Image-2023-11-08-at-13.26.55-3-768x432.jpeg 768w\" sizes=\"(max-width: 1024px) 100vw, 1024px\" \/><\/figure>\n\n\n\n<p>Al\u00e9m disso, a preven\u00e7\u00e3o contra chuvas \u00e9 uma prioridade, drenagens foram realizadas em diversas ruas, como Joaquim Batista, no Lagoa de Santo Ant\u00f4nio,&nbsp; \u00cdris Valadares, no Santa Tereza, Olhos d\u2019\u00e1gua, na Quinta do Sumidouro, R\u00f4mulo Joviano e Amando Filho, no Centro, Aimor\u00e9s, no Andyara, e Agenor Teixeira, no bairro Campinho. Tamb\u00e9m foram executados recentemente, os servi\u00e7os que incluem a coloca\u00e7\u00e3o de grade transversal na Rua Mar\u00e7al Lopes, limpeza de boca de lobo na Rua Esp\u00edrito Santo e Av. Magno Claret, al\u00e9m da instala\u00e7\u00e3o de manilha e grelha na Rua Evair dos Santos, na Regi\u00e3o Norte.<\/p>\n\n\n\n<p>\u201cCom estas importantes interven\u00e7\u00f5es, o Executivo Municipal refor\u00e7a seu compromisso com o bem estar dos cidad\u00e3os, proporcionando infraestrutura de qualidade e medidas preventivas contra as adversidades clim\u00e1ticas. A pavimenta\u00e7\u00e3o da Rodovia Neves e as diversas a\u00e7\u00f5es de limpeza e drenagem demonstram a constante busca por uma cidade mais segura, eficiente e agrad\u00e1vel para todos\u201d, comentou a Prefeita, Eloisa Helena.<\/p>\n\n\n\n<p>Vale ressaltar que a Secretaria de Obras segue um cronograma com ordens de prioridades.&nbsp;<\/p>\n\n\n\n<figure class=\"wp-block-image size-full\"><img decoding=\"async\" loading=\"lazy\" width=\"1024\" height=\"576\" src=\"http:\/\/pedroleopoldo.mg.gov.br\/wp-content\/uploads\/2023\/11\/WhatsApp-Image-2023-11-08-at-13.26.55-4.jpeg\" alt=\"\" class=\"wp-image-24242\" srcset=\"https:\/\/arquivo.pedroleopoldo.mg.gov.br\/wp-content\/uploads\/2023\/11\/WhatsApp-Image-2023-11-08-at-13.26.55-4.jpeg 1024w, https:\/\/arquivo.pedroleopoldo.mg.gov.br\/wp-content\/uploads\/2023\/11\/WhatsApp-Image-2023-11-08-at-13.26.55-4-300x169.jpeg 300w, https:\/\/arquivo.pedroleopoldo.mg.gov.br\/wp-content\/uploads\/2023\/11\/WhatsApp-Image-2023-11-08-at-13.26.55-4-768x432.jpeg 768w\" sizes=\"(max-width: 1024px) 100vw, 1024px\" \/><\/figure>\n","protected":false},"excerpt":{"rendered":"<p>Outros diversos servi\u00e7os tamb\u00e9m est\u00e3o sendo executados pelo munic\u00edpio\u00a0 Ap\u00f3s realizar os trabalhos iniciais que envolvem terraplanagem, drenagem e execu\u00e7\u00e3o de base, a Prefeitura de Pedro Leopoldo segue agora a todo vapor dando continuidade \u00e0 pavimenta\u00e7\u00e3o da Rodovia Neves, via que liga Pedro Leopoldo a Ribeir\u00e3o das Neves. A atual gest\u00e3o est\u00e1 executando uma a\u00e7\u00e3o &hellip; <a href=\"https:\/\/arquivo.pedroleopoldo.mg.gov.br\/?p=24239\" class=\"more-link\">Continuar lendo <span class=\"screen-reader-text\">Prefeitura de Pedro Leopoldo segue a todo vapor com o asfalto na Rodovia Neves<\/span><\/a><\/p>\n","protected":false},"author":1,"featured_media":24241,"comment_status":"closed","ping_status":"closed","sticky":false,"template":"","format":"standard","meta":{"footnotes":""},"categories":[4],"tags":[],"_links":{"self":[{"href":"https:\/\/arquivo.pedroleopoldo.mg.gov.br\/index.php?rest_route=\/wp\/v2\/posts\/24239"}],"collection":[{"href":"https:\/\/arquivo.pedroleopoldo.mg.gov.br\/index.php?rest_route=\/wp\/v2\/posts"}],"about":[{"href":"https:\/\/arquivo.pedroleopoldo.mg.gov.br\/index.php?rest_route=\/wp\/v2\/types\/post"}],"author":[{"embeddable":true,"href":"https:\/\/arquivo.pedroleopoldo.mg.gov.br\/index.php?rest_route=\/wp\/v2\/users\/1"}],"replies":[{"embeddable":true,"href":"https:\/\/arquivo.pedroleopoldo.mg.gov.br\/index.php?rest_route=%2Fwp%2Fv2%2Fcomments&post=24239"}],"version-history":[{"count":0,"href":"https:\/\/arquivo.pedroleopoldo.mg.gov.br\/index.php?rest_route=\/wp\/v2\/posts\/24239\/revisions"}],"wp:featuredmedia":[{"embeddable":true,"href":"https:\/\/arquivo.pedroleopoldo.mg.gov.br\/index.php?rest_route=\/wp\/v2\/media\/24241"}],"wp:attachment":[{"href":"https:\/\/arquivo.pedroleopoldo.mg.gov.br\/index.php?rest_route=%2Fwp%2Fv2%2Fmedia&parent=24239"}],"wp:term":[{"taxonomy":"category","embeddable":true,"href":"https:\/\/arquivo.pedroleopoldo.mg.gov.br\/index.php?rest_route=%2Fwp%2Fv2%2Fcategories&post=24239"},{"taxonomy":"post_tag","embeddable":true,"href":"https:\/\/arquivo.pedroleopoldo.mg.gov.br\/index.php?rest_route=%2Fwp%2Fv2%2Ftags&post=24239"}],"curies":[{"name":"wp","href":"https:\/\/api.w.org\/{rel}","templated":true}]}}