{"id":24235,"date":"2023-11-08T15:33:16","date_gmt":"2023-11-08T18:33:16","guid":{"rendered":"http:\/\/pedroleopoldo.mg.gov.br\/?p=24235"},"modified":"2023-11-08T15:43:08","modified_gmt":"2023-11-08T18:43:08","slug":"prefeitura-realiza-neste-sabado-a-audiencia-da-regularizacao-fundiaria-do-bairro-da-lua","status":"publish","type":"post","link":"https:\/\/arquivo.pedroleopoldo.mg.gov.br\/?p=24235","title":{"rendered":"Prefeitura realiza neste s\u00e1bado a Audi\u00eancia da Regulariza\u00e7\u00e3o Fundi\u00e1ria do Bairro da Lua"},"content":{"rendered":"\n<p class=\"has-text-align-center\"><em><strong>O evento de lan\u00e7amento do programa \u201cMorar Legal\u201d acontecer\u00e1 na Escola Municipal Carmem Barroso, a partir das 14h. A REURB visa entregar cerca de 3 mil regulariza\u00e7\u00f5es de forma gratuita levando dignidade e garantia de direitos \u00e0 comunidade local<\/strong><\/em><\/p>\n\n\n\n<figure class=\"wp-block-image size-large is-resized\"><img decoding=\"async\" loading=\"lazy\" width=\"1024\" height=\"1024\" src=\"http:\/\/pedroleopoldo.mg.gov.br\/wp-content\/uploads\/2023\/11\/image-1024x1024.png\" alt=\"\" class=\"wp-image-24237\" style=\"aspect-ratio:1;width:645px;height:auto\" srcset=\"https:\/\/arquivo.pedroleopoldo.mg.gov.br\/wp-content\/uploads\/2023\/11\/image-1024x1024.png 1024w, https:\/\/arquivo.pedroleopoldo.mg.gov.br\/wp-content\/uploads\/2023\/11\/image-300x300.png 300w, https:\/\/arquivo.pedroleopoldo.mg.gov.br\/wp-content\/uploads\/2023\/11\/image-150x150.png 150w, https:\/\/arquivo.pedroleopoldo.mg.gov.br\/wp-content\/uploads\/2023\/11\/image-768x768.png 768w, https:\/\/arquivo.pedroleopoldo.mg.gov.br\/wp-content\/uploads\/2023\/11\/image.png 1440w\" sizes=\"(max-width: 1024px) 100vw, 1024px\" \/><\/figure>\n\n\n\n<p>Acontece neste s\u00e1bado, 11 de novembro, a partir das 14h, o evento de lan\u00e7amento do programa \u201cMorar Legal\u201d, da Regulariza\u00e7\u00e3o Fundi\u00e1ria Urbana, a REURB, do bairro Teot\u00f4nio Batista de Freitas, tamb\u00e9m conhecido como bairro da Lua. A Prefeitura de Pedro Leopoldo, por meio da Secretaria Municipal de Planejamento Urbano, lan\u00e7a o programa com o objetivo de promover a regulariza\u00e7\u00e3o que serve para compatibilizar o registro de im\u00f3veis com a realidade. O produto final do programa \u00e9 um direito real registrado no cart\u00f3rio de im\u00f3veis, garantindo direitos e seguran\u00e7a jur\u00eddica para o morador. O trabalho visa entregar cerca de 3 mil regulariza\u00e7\u00f5es de forma gratuita levando dignidade e garantia de direitos \u00e0 comunidade local.<\/p>\n\n\n\n<p>Segundo a Prefeita Eloisa Helena, a audi\u00eancia vai servir para explicar \u00e0 popula\u00e7\u00e3o o que \u00e9, e, como funcionar\u00e1 o programa. \u201cNeste s\u00e1bado vamos nos reunir para situar aos moradores sobre o programa, tirar as d\u00favidas&nbsp; e mostrar a s\u00e9rie de benef\u00edcios que uma regulariza\u00e7\u00e3o de im\u00f3vel d\u00e1 ao propriet\u00e1rio. Este trabalho \u00e9 motivo de muito orgulho, pois, dar\u00e1 mais dignidade e legalidade aos moradores do querido bairro Teot\u00f4nio Batista de Freitas\u201d, comentou Eloisa.&nbsp;<\/p>\n\n\n\n<div class=\"wp-block-media-text is-stacked-on-mobile\" style=\"grid-template-columns:22% auto\"><figure class=\"wp-block-media-text__media\"><img decoding=\"async\" loading=\"lazy\" width=\"760\" height=\"1024\" src=\"http:\/\/pedroleopoldo.mg.gov.br\/wp-content\/uploads\/2023\/11\/image-1-760x1024.png\" alt=\"\" class=\"wp-image-24236 size-full\" srcset=\"https:\/\/arquivo.pedroleopoldo.mg.gov.br\/wp-content\/uploads\/2023\/11\/image-1-760x1024.png 760w, https:\/\/arquivo.pedroleopoldo.mg.gov.br\/wp-content\/uploads\/2023\/11\/image-1-223x300.png 223w, https:\/\/arquivo.pedroleopoldo.mg.gov.br\/wp-content\/uploads\/2023\/11\/image-1-768x1034.png 768w, https:\/\/arquivo.pedroleopoldo.mg.gov.br\/wp-content\/uploads\/2023\/11\/image-1.png 784w\" sizes=\"(max-width: 760px) 100vw, 760px\" \/><\/figure><div class=\"wp-block-media-text__content\">\n<p>A expectativa do trabalho j\u00e1 \u00e9 motivo de elogio de moradores do bairro. \u201cFui pesquisar do que se tratava uma Regulariza\u00e7\u00e3o Fundi\u00e1ria e achei muito interessante a iniciativa da Prefeitura. Com este trabalho, teremos legalidade sob nossas casas e ainda nossos direitos adquiridos, isso \u00e9 bom demais\u201d, disse a moradora Thais Meireles.&nbsp;<\/p>\n<\/div><\/div>\n\n\n\n<p><\/p>\n\n\n\n<p>A REURB possui algumas etapas. A primeira, que \u00e9 a de engenharia, j\u00e1 aconteceu no m\u00eas de agosto, com o reconhecimento a\u00e9reo das regi\u00f5es que ser\u00e3o contempladas. Em seguida, a audi\u00eancia p\u00fablica que acontece neste s\u00e1bado, 11 de novembro, depois o cadastro social, sendo feito ainda uma pesquisa de lote a lote, para ent\u00e3o, serem feitas as entregas dos t\u00edtulos. A previs\u00e3o \u00e9&nbsp;que at\u00e9 o 2\u00b0 trimestre de 2024 o trabalho seja conclu\u00eddo.<\/p>\n","protected":false},"excerpt":{"rendered":"<p>O evento de lan\u00e7amento do programa \u201cMorar Legal\u201d acontecer\u00e1 na Escola Municipal Carmem Barroso, a partir das 14h. A REURB visa entregar cerca de 3 mil regulariza\u00e7\u00f5es de forma gratuita levando dignidade e garantia de direitos \u00e0 comunidade local Acontece neste s\u00e1bado, 11 de novembro, a partir das 14h, o evento de lan\u00e7amento do programa &hellip; <a href=\"https:\/\/arquivo.pedroleopoldo.mg.gov.br\/?p=24235\" class=\"more-link\">Continuar lendo <span class=\"screen-reader-text\">Prefeitura realiza neste s\u00e1bado a Audi\u00eancia da Regulariza\u00e7\u00e3o Fundi\u00e1ria do Bairro da Lua<\/span><\/a><\/p>\n","protected":false},"author":1,"featured_media":24246,"comment_status":"closed","ping_status":"closed","sticky":false,"template":"","format":"standard","meta":{"footnotes":""},"categories":[4],"tags":[],"_links":{"self":[{"href":"https:\/\/arquivo.pedroleopoldo.mg.gov.br\/index.php?rest_route=\/wp\/v2\/posts\/24235"}],"collection":[{"href":"https:\/\/arquivo.pedroleopoldo.mg.gov.br\/index.php?rest_route=\/wp\/v2\/posts"}],"about":[{"href":"https:\/\/arquivo.pedroleopoldo.mg.gov.br\/index.php?rest_route=\/wp\/v2\/types\/post"}],"author":[{"embeddable":true,"href":"https:\/\/arquivo.pedroleopoldo.mg.gov.br\/index.php?rest_route=\/wp\/v2\/users\/1"}],"replies":[{"embeddable":true,"href":"https:\/\/arquivo.pedroleopoldo.mg.gov.br\/index.php?rest_route=%2Fwp%2Fv2%2Fcomments&post=24235"}],"version-history":[{"count":0,"href":"https:\/\/arquivo.pedroleopoldo.mg.gov.br\/index.php?rest_route=\/wp\/v2\/posts\/24235\/revisions"}],"wp:featuredmedia":[{"embeddable":true,"href":"https:\/\/arquivo.pedroleopoldo.mg.gov.br\/index.php?rest_route=\/wp\/v2\/media\/24246"}],"wp:attachment":[{"href":"https:\/\/arquivo.pedroleopoldo.mg.gov.br\/index.php?rest_route=%2Fwp%2Fv2%2Fmedia&parent=24235"}],"wp:term":[{"taxonomy":"category","embeddable":true,"href":"https:\/\/arquivo.pedroleopoldo.mg.gov.br\/index.php?rest_route=%2Fwp%2Fv2%2Fcategories&post=24235"},{"taxonomy":"post_tag","embeddable":true,"href":"https:\/\/arquivo.pedroleopoldo.mg.gov.br\/index.php?rest_route=%2Fwp%2Fv2%2Ftags&post=24235"}],"curies":[{"name":"wp","href":"https:\/\/api.w.org\/{rel}","templated":true}]}}