{"id":24128,"date":"2023-10-30T10:44:28","date_gmt":"2023-10-30T13:44:28","guid":{"rendered":"http:\/\/pedroleopoldo.mg.gov.br\/?p=24128"},"modified":"2023-10-30T10:44:31","modified_gmt":"2023-10-30T13:44:31","slug":"educacao-de-pedro-leopoldo-recebe-elogios-do-governo-federal-e-tem-alta-aprovacao-da-populacao","status":"publish","type":"post","link":"https:\/\/arquivo.pedroleopoldo.mg.gov.br\/?p=24128","title":{"rendered":"Educa\u00e7\u00e3o de Pedro Leopoldo recebe elogios do Governo Federal e tem alta aprova\u00e7\u00e3o da popula\u00e7\u00e3o"},"content":{"rendered":"\n<p class=\"has-text-align-center\"><em><strong>O Minist\u00e9rio da Educa\u00e7\u00e3o parabenizou a Prefeitura por apresentar mais de 80% de acompanhamento da frequ\u00eancia escolar. Al\u00e9m disso, mais de 80% da popula\u00e7\u00e3o de Pedro Leopoldo aprovou a educa\u00e7\u00e3o, em pesquisa rec\u00e9m-realizada. Outra boa not\u00edcia \u00e9 que a atual gest\u00e3o anuncia planos de constru\u00e7\u00e3o de duas novas creches, uma na regi\u00e3o central e outra na regi\u00e3o norte da cidade<\/strong><\/em><\/p>\n\n\n\n<p>Atrav\u00e9s do Of\u00edcio N\u00ba 4781, assinado por Camilo Sobreira de Santana, Ministro de Estado da Educa\u00e7\u00e3o, recebido esta semana, a Prefeitura de Pedro Leopoldo \u00e9 elogiada por alcan\u00e7ar e superar a meta estabelecida pelo Minist\u00e9rio do Desenvolvimento e Assist\u00eancia Social, Fam\u00edlia e Combate \u00e0 Fome \u2013 MDS. Segundo o Ministro, tal engajamento do Munic\u00edpio, ao impedir baixos \u00edndices de frequ\u00eancia \u2013 indicadores da situa\u00e7\u00e3o de risco que devem ser considerados nas pol\u00edticas de prote\u00e7\u00e3o \u00e0s fam\u00edlias \u2013 foi fundamental para a perman\u00eancia de crian\u00e7as e jovens na escola. \u201cTrata-se de uma das mais importantes estrat\u00e9gias para assegurar direitos sociais a grupos populacionais que apresentam as maiores car\u00eancias e dificuldades em suprir suas necessidades b\u00e1sicas. Desta forma, este Minist\u00e9rio agradece e parabeniza essa Prefeitura, na medida em que apresentou mais de 80% de acompanhamento da frequ\u00eancia escolar\u201d, assina o Ministro Santana.<\/p>\n\n\n\n<p>Outro reconhecimento muito importante do trabalho que vem sendo feito pela atual gest\u00e3o na \u00e1rea da educa\u00e7\u00e3o vem da popula\u00e7\u00e3o. Uma pesquisa do Instituto MDA, realizada no m\u00eas de Julho de 2023, mostra que a educa\u00e7\u00e3o de Pedro Leopoldo teve mais de 80% de aprova\u00e7\u00e3o popular.&nbsp;<\/p>\n\n\n\n<figure class=\"wp-block-image size-large\"><img decoding=\"async\" loading=\"lazy\" width=\"1024\" height=\"785\" src=\"http:\/\/pedroleopoldo.mg.gov.br\/wp-content\/uploads\/2023\/10\/WhatsApp_Image_2023-05-15_at_17.04.09_1-1-1024x785.png\" alt=\"\" class=\"wp-image-24131\" srcset=\"https:\/\/arquivo.pedroleopoldo.mg.gov.br\/wp-content\/uploads\/2023\/10\/WhatsApp_Image_2023-05-15_at_17.04.09_1-1-1024x785.png 1024w, https:\/\/arquivo.pedroleopoldo.mg.gov.br\/wp-content\/uploads\/2023\/10\/WhatsApp_Image_2023-05-15_at_17.04.09_1-1-300x230.png 300w, https:\/\/arquivo.pedroleopoldo.mg.gov.br\/wp-content\/uploads\/2023\/10\/WhatsApp_Image_2023-05-15_at_17.04.09_1-1-768x589.png 768w, https:\/\/arquivo.pedroleopoldo.mg.gov.br\/wp-content\/uploads\/2023\/10\/WhatsApp_Image_2023-05-15_at_17.04.09_1-1.png 1343w\" sizes=\"(max-width: 1024px) 100vw, 1024px\" \/><\/figure>\n\n\n\n<p>E o trabalho e as boas not\u00edcias n\u00e3o param. A Prefeitura de Pedro Leopoldo, por meio da Secretaria Municipal de Educa\u00e7\u00e3o, tem apresentado celeridade no fluxo da lista de espera por vagas nos CEMAI\u00b4s. No ano passado a lista de espera foi zerada. Este ano, a demanda aumentou e tudo tem sido feito para que a rotatividade seja r\u00e1pida. Durante o ano algumas vagas s\u00e3o preenchidas, mas ainda n\u00e3o foram suficientes para atender a todos da lista de espera atual. Pensando nisto, a Prefeitura tem nos planos, a constru\u00e7\u00e3o de novas creches e amplia\u00e7\u00e3o de salas em algumas unidades.&nbsp;<\/p>\n\n\n\n<p>Importante ressaltar que atualmente quase 700 crian\u00e7as s\u00e3o atendidas nas creches com uma alimenta\u00e7\u00e3o saud\u00e1vel, estrutura qualificada e profissionais dedicados em cuidar das crian\u00e7as e seu desenvolvimento.&nbsp;<\/p>\n\n\n\n<p><strong>Novos CEMAI\u2019s&nbsp;<\/strong><\/p>\n\n\n\n<p>Em breve uma nova creche deve come\u00e7ar a ser constru\u00edda em Pedro Leopoldo, na regi\u00e3o central. Segundo a Secretaria Municipal de Educa\u00e7\u00e3o, o terreno j\u00e1 foi adquirido pela Prefeitura, e agora, est\u00e1 na fase final do projeto e da licita\u00e7\u00e3o da empresa respons\u00e1vel pela constru\u00e7\u00e3o. E ainda, est\u00e1 em fase de estudos de viabilidade, o projeto para uma nova sede na regi\u00e3o Norte. Segundo a Prefeita, Eloisa Helena, estes trabalhos servem para ampliar o atendimento aos cidad\u00e3os. \u201cFoi uma honra receber o of\u00edcio do Minist\u00e9rio da Educa\u00e7\u00e3o, elogiando o trabalho em Pedro Leopoldo, assim como ver que nossa gente aprova o trabalho. Isso \u00e9 motivo de orgulho e nos d\u00e1 a certeza de que estamos no caminho certo. As pessoas nas ruas elogiam n\u00e3o s\u00f3 o ensino, mas a merenda de qualidade, os kits de uniforme e material escolar completos, as reformas e amplia\u00e7\u00f5es nas institui\u00e7\u00f5es e outras melhorias. A amplia\u00e7\u00e3o de mais CEMAI\u00b4s \u00e9 para suprir a demanda por vagas. Estou otimista e com as m\u00e3os na massa com toda nossa equipe de governo para que isso seja concretizado\u201d, destacou a Prefeita, Eloisa.<\/p>\n\n\n\n<p>O terreno onde ser\u00e1 constru\u00edda a creche na regi\u00e3o central fica na rua Francisco Bahia.<\/p>\n\n\n\n<figure class=\"wp-block-gallery has-nested-images columns-default is-cropped wp-block-gallery-1 is-layout-flex wp-block-gallery-is-layout-flex\">\n<figure class=\"wp-block-image size-large\"><img decoding=\"async\" loading=\"lazy\" width=\"1024\" height=\"1024\" data-id=\"24129\" src=\"http:\/\/pedroleopoldo.mg.gov.br\/wp-content\/uploads\/2023\/10\/WhatsApp-Image-2023-10-25-at-16.40.03-1024x1024.jpeg\" alt=\"\" class=\"wp-image-24129\" srcset=\"https:\/\/arquivo.pedroleopoldo.mg.gov.br\/wp-content\/uploads\/2023\/10\/WhatsApp-Image-2023-10-25-at-16.40.03-1024x1024.jpeg 1024w, https:\/\/arquivo.pedroleopoldo.mg.gov.br\/wp-content\/uploads\/2023\/10\/WhatsApp-Image-2023-10-25-at-16.40.03-300x300.jpeg 300w, https:\/\/arquivo.pedroleopoldo.mg.gov.br\/wp-content\/uploads\/2023\/10\/WhatsApp-Image-2023-10-25-at-16.40.03-150x150.jpeg 150w, https:\/\/arquivo.pedroleopoldo.mg.gov.br\/wp-content\/uploads\/2023\/10\/WhatsApp-Image-2023-10-25-at-16.40.03-768x768.jpeg 768w, https:\/\/arquivo.pedroleopoldo.mg.gov.br\/wp-content\/uploads\/2023\/10\/WhatsApp-Image-2023-10-25-at-16.40.03.jpeg 1080w\" sizes=\"(max-width: 1024px) 100vw, 1024px\" \/><\/figure>\n<\/figure>\n","protected":false},"excerpt":{"rendered":"<p>O Minist\u00e9rio da Educa\u00e7\u00e3o parabenizou a Prefeitura por apresentar mais de 80% de acompanhamento da frequ\u00eancia escolar. Al\u00e9m disso, mais de 80% da popula\u00e7\u00e3o de Pedro Leopoldo aprovou a educa\u00e7\u00e3o, em pesquisa rec\u00e9m-realizada. Outra boa not\u00edcia \u00e9 que a atual gest\u00e3o anuncia planos de constru\u00e7\u00e3o de duas novas creches, uma na regi\u00e3o central e outra &hellip; <a href=\"https:\/\/arquivo.pedroleopoldo.mg.gov.br\/?p=24128\" class=\"more-link\">Continuar lendo <span class=\"screen-reader-text\">Educa\u00e7\u00e3o de Pedro Leopoldo recebe elogios do Governo Federal e tem alta aprova\u00e7\u00e3o da popula\u00e7\u00e3o<\/span><\/a><\/p>\n","protected":false},"author":1,"featured_media":24131,"comment_status":"closed","ping_status":"closed","sticky":false,"template":"","format":"standard","meta":{"footnotes":""},"categories":[4],"tags":[],"_links":{"self":[{"href":"https:\/\/arquivo.pedroleopoldo.mg.gov.br\/index.php?rest_route=\/wp\/v2\/posts\/24128"}],"collection":[{"href":"https:\/\/arquivo.pedroleopoldo.mg.gov.br\/index.php?rest_route=\/wp\/v2\/posts"}],"about":[{"href":"https:\/\/arquivo.pedroleopoldo.mg.gov.br\/index.php?rest_route=\/wp\/v2\/types\/post"}],"author":[{"embeddable":true,"href":"https:\/\/arquivo.pedroleopoldo.mg.gov.br\/index.php?rest_route=\/wp\/v2\/users\/1"}],"replies":[{"embeddable":true,"href":"https:\/\/arquivo.pedroleopoldo.mg.gov.br\/index.php?rest_route=%2Fwp%2Fv2%2Fcomments&post=24128"}],"version-history":[{"count":0,"href":"https:\/\/arquivo.pedroleopoldo.mg.gov.br\/index.php?rest_route=\/wp\/v2\/posts\/24128\/revisions"}],"wp:featuredmedia":[{"embeddable":true,"href":"https:\/\/arquivo.pedroleopoldo.mg.gov.br\/index.php?rest_route=\/wp\/v2\/media\/24131"}],"wp:attachment":[{"href":"https:\/\/arquivo.pedroleopoldo.mg.gov.br\/index.php?rest_route=%2Fwp%2Fv2%2Fmedia&parent=24128"}],"wp:term":[{"taxonomy":"category","embeddable":true,"href":"https:\/\/arquivo.pedroleopoldo.mg.gov.br\/index.php?rest_route=%2Fwp%2Fv2%2Fcategories&post=24128"},{"taxonomy":"post_tag","embeddable":true,"href":"https:\/\/arquivo.pedroleopoldo.mg.gov.br\/index.php?rest_route=%2Fwp%2Fv2%2Ftags&post=24128"}],"curies":[{"name":"wp","href":"https:\/\/api.w.org\/{rel}","templated":true}]}}