{"id":24119,"date":"2023-10-30T10:36:05","date_gmt":"2023-10-30T13:36:05","guid":{"rendered":"http:\/\/pedroleopoldo.mg.gov.br\/?p=24119"},"modified":"2023-10-30T10:36:08","modified_gmt":"2023-10-30T13:36:08","slug":"unidades-de-saude-de-pl-recebem-novos-mobiliarios-e-eletrocardiogramas","status":"publish","type":"post","link":"https:\/\/arquivo.pedroleopoldo.mg.gov.br\/?p=24119","title":{"rendered":"Unidades de sa\u00fade de PL recebem novos mobili\u00e1rios e eletrocardiogramas"},"content":{"rendered":"\n<p class=\"has-text-align-center\"><em>Os m\u00f3veis adquiridos t\u00eam chegado de forma gradativa e sendo distribu\u00eddos nas unidades por ordem de prioridade. Al\u00e9m do novo mobili\u00e1rio, eletrocardiogramas tamb\u00e9m est\u00e3o sendo instalados. Materiais e equipamentos trazem mais conforto e qualidade dos servi\u00e7os para usu\u00e1rios e servidores<\/em><\/p>\n\n\n\n<p>A Prefeitura de Pedro Leopoldo, por meio da Secretaria Municipal de Sa\u00fade, adquiriu novos itens de mob\u00edlia para algumas das unidades de sa\u00fade do munic\u00edpio, visando aprimorar o atendimento \u00e0 comunidade. As unidades beneficiadas por esta iniciativa incluem o PA Central, os ESF\u2019s dos bairros Lagoa de Santo Ant\u00f4nio, Lua I e II, Santa Tereza\/Dom Camilo, Ad\u00e9lia Issa, Quintas das Palmeiras, Quinta do Sumidouro e Dr. Lund. A escolha da ordem de entrega para os equipamentos foi cuidadosamente avaliada, garantindo que atendesse \u00e0s necessidades espec\u00edficas de cada local, considerando os mais urgentes inicialmente. Em breve as demais unidades de sa\u00fade tamb\u00e9m receber\u00e3o novos equipamentos.<\/p>\n\n\n\n<p>Neste esfor\u00e7o cont\u00ednuo para aprimorar as instala\u00e7\u00f5es de sa\u00fade, v\u00e1rias unidades j\u00e1 desfrutam dos benef\u00edcios do novo mobili\u00e1rio, enquanto outros ainda est\u00e3o recebendo gradativamente essa atualiza\u00e7\u00e3o. A aloca\u00e7\u00e3o dos m\u00f3veis est\u00e1 sendo feita de maneira estrat\u00e9gica, com base na prioridade de cada unidade.<\/p>\n\n\n\n<p>Os novos equipamentos abrangem uma ampla variedade de itens, incluindo quadros brancos para comunica\u00e7\u00e3o eficaz, rel\u00f3gios, cadeiras girat\u00f3rias para maior conforto, estantes e arquivos para melhor organiza\u00e7\u00e3o de documentos, bebedouros, geladeiras para armazenar medicamentos e suprimentos sens\u00edveis, al\u00e9m de longarinas, mesas com gaveteiros, arm\u00e1rios e ventiladores para melhorar o dia a dia dos pacientes e dos profissionais de sa\u00fade.<\/p>\n\n\n\n<p>Al\u00e9m dos itens acima, uma aquisi\u00e7\u00e3o tamb\u00e9m de suma import\u00e2ncia foram os eletrocardiogramas para servi\u00e7os m\u00e9dicos avan\u00e7ados. Os equipamentos j\u00e1 foram instalados nos ESF\u2019s de Lagoa de Santo Ant\u00f4nio, Centro e Dr. Lund. \u201cEsta iniciativa \u00e9 mais um passo importante na busca pela melhoria cont\u00ednua dos servi\u00e7os de sa\u00fade em Pedro Leopoldo. A comunidade pode esperar um atendimento mais eficiente e confort\u00e1vel nas unidades, gra\u00e7as a esses investimentos significativos em mobili\u00e1rio e equipamentos de qualidade. A sa\u00fade e o bem-estar da popula\u00e7\u00e3o est\u00e3o no centro dessa a\u00e7\u00e3o, demonstrando o compromisso da nossa administra\u00e7\u00e3o municipal em proporcionar o melhor atendimento poss\u00edvel a todos os cidad\u00e3os\u201d, destacou a Prefeita Eloisa Helena.Os materiais foram adquiridos com recursos pr\u00f3prios e emendas parlamentares. Importante lembrar que os\u00a0ESF\u2019s\u00a0e outras unidades de sa\u00fade est\u00e3o sendo reformados e recebendo diversas melhorias.<br><\/p>\n\n\n\n<figure class=\"wp-block-gallery has-nested-images columns-default is-cropped wp-block-gallery-1 is-layout-flex wp-block-gallery-is-layout-flex\">\n<figure class=\"wp-block-image size-large\"><img decoding=\"async\" loading=\"lazy\" width=\"768\" height=\"1024\" data-id=\"24120\" src=\"http:\/\/pedroleopoldo.mg.gov.br\/wp-content\/uploads\/2023\/10\/WhatsApp-Image-2023-10-25-at-16.10.35-768x1024.jpeg\" alt=\"\" class=\"wp-image-24120\" srcset=\"https:\/\/arquivo.pedroleopoldo.mg.gov.br\/wp-content\/uploads\/2023\/10\/WhatsApp-Image-2023-10-25-at-16.10.35-768x1024.jpeg 768w, https:\/\/arquivo.pedroleopoldo.mg.gov.br\/wp-content\/uploads\/2023\/10\/WhatsApp-Image-2023-10-25-at-16.10.35-225x300.jpeg 225w, https:\/\/arquivo.pedroleopoldo.mg.gov.br\/wp-content\/uploads\/2023\/10\/WhatsApp-Image-2023-10-25-at-16.10.35-1152x1536.jpeg 1152w, https:\/\/arquivo.pedroleopoldo.mg.gov.br\/wp-content\/uploads\/2023\/10\/WhatsApp-Image-2023-10-25-at-16.10.35-1536x2048.jpeg 1536w, https:\/\/arquivo.pedroleopoldo.mg.gov.br\/wp-content\/uploads\/2023\/10\/WhatsApp-Image-2023-10-25-at-16.10.35-scaled.jpeg 1920w\" sizes=\"(max-width: 768px) 100vw, 768px\" \/><\/figure>\n\n\n\n<figure class=\"wp-block-image size-large\"><img decoding=\"async\" loading=\"lazy\" width=\"768\" height=\"1024\" data-id=\"24124\" src=\"http:\/\/pedroleopoldo.mg.gov.br\/wp-content\/uploads\/2023\/10\/WhatsApp-Image-2023-10-25-at-16.10.29-768x1024.jpeg\" alt=\"\" class=\"wp-image-24124\" srcset=\"https:\/\/arquivo.pedroleopoldo.mg.gov.br\/wp-content\/uploads\/2023\/10\/WhatsApp-Image-2023-10-25-at-16.10.29-768x1024.jpeg 768w, https:\/\/arquivo.pedroleopoldo.mg.gov.br\/wp-content\/uploads\/2023\/10\/WhatsApp-Image-2023-10-25-at-16.10.29-225x300.jpeg 225w, https:\/\/arquivo.pedroleopoldo.mg.gov.br\/wp-content\/uploads\/2023\/10\/WhatsApp-Image-2023-10-25-at-16.10.29-1152x1536.jpeg 1152w, https:\/\/arquivo.pedroleopoldo.mg.gov.br\/wp-content\/uploads\/2023\/10\/WhatsApp-Image-2023-10-25-at-16.10.29-1536x2048.jpeg 1536w, https:\/\/arquivo.pedroleopoldo.mg.gov.br\/wp-content\/uploads\/2023\/10\/WhatsApp-Image-2023-10-25-at-16.10.29-scaled.jpeg 1920w\" sizes=\"(max-width: 768px) 100vw, 768px\" \/><\/figure>\n\n\n\n<figure class=\"wp-block-image size-large\"><img decoding=\"async\" loading=\"lazy\" width=\"1024\" height=\"768\" data-id=\"24123\" src=\"http:\/\/pedroleopoldo.mg.gov.br\/wp-content\/uploads\/2023\/10\/WhatsApp-Image-2023-10-25-at-16.10.32-1024x768.jpeg\" alt=\"\" class=\"wp-image-24123\" srcset=\"https:\/\/arquivo.pedroleopoldo.mg.gov.br\/wp-content\/uploads\/2023\/10\/WhatsApp-Image-2023-10-25-at-16.10.32-1024x768.jpeg 1024w, https:\/\/arquivo.pedroleopoldo.mg.gov.br\/wp-content\/uploads\/2023\/10\/WhatsApp-Image-2023-10-25-at-16.10.32-300x225.jpeg 300w, https:\/\/arquivo.pedroleopoldo.mg.gov.br\/wp-content\/uploads\/2023\/10\/WhatsApp-Image-2023-10-25-at-16.10.32-768x576.jpeg 768w, https:\/\/arquivo.pedroleopoldo.mg.gov.br\/wp-content\/uploads\/2023\/10\/WhatsApp-Image-2023-10-25-at-16.10.32-1536x1152.jpeg 1536w, https:\/\/arquivo.pedroleopoldo.mg.gov.br\/wp-content\/uploads\/2023\/10\/WhatsApp-Image-2023-10-25-at-16.10.32-2048x1536.jpeg 2048w\" sizes=\"(max-width: 1024px) 100vw, 1024px\" \/><\/figure>\n\n\n\n<figure class=\"wp-block-image size-large\"><img decoding=\"async\" loading=\"lazy\" width=\"768\" height=\"1024\" data-id=\"24121\" src=\"http:\/\/pedroleopoldo.mg.gov.br\/wp-content\/uploads\/2023\/10\/WhatsApp-Image-2023-10-25-at-16.10.35-1-768x1024.jpeg\" alt=\"\" class=\"wp-image-24121\" srcset=\"https:\/\/arquivo.pedroleopoldo.mg.gov.br\/wp-content\/uploads\/2023\/10\/WhatsApp-Image-2023-10-25-at-16.10.35-1-768x1024.jpeg 768w, https:\/\/arquivo.pedroleopoldo.mg.gov.br\/wp-content\/uploads\/2023\/10\/WhatsApp-Image-2023-10-25-at-16.10.35-1-225x300.jpeg 225w, https:\/\/arquivo.pedroleopoldo.mg.gov.br\/wp-content\/uploads\/2023\/10\/WhatsApp-Image-2023-10-25-at-16.10.35-1-1152x1536.jpeg 1152w, https:\/\/arquivo.pedroleopoldo.mg.gov.br\/wp-content\/uploads\/2023\/10\/WhatsApp-Image-2023-10-25-at-16.10.35-1-1536x2048.jpeg 1536w, https:\/\/arquivo.pedroleopoldo.mg.gov.br\/wp-content\/uploads\/2023\/10\/WhatsApp-Image-2023-10-25-at-16.10.35-1-scaled.jpeg 1920w\" sizes=\"(max-width: 768px) 100vw, 768px\" \/><\/figure>\n\n\n\n<figure class=\"wp-block-image size-large\"><img decoding=\"async\" loading=\"lazy\" width=\"1024\" height=\"768\" data-id=\"24122\" src=\"http:\/\/pedroleopoldo.mg.gov.br\/wp-content\/uploads\/2023\/10\/WhatsApp-Image-2023-10-25-at-16.10.08-1024x768.jpeg\" alt=\"\" class=\"wp-image-24122\" srcset=\"https:\/\/arquivo.pedroleopoldo.mg.gov.br\/wp-content\/uploads\/2023\/10\/WhatsApp-Image-2023-10-25-at-16.10.08-1024x768.jpeg 1024w, https:\/\/arquivo.pedroleopoldo.mg.gov.br\/wp-content\/uploads\/2023\/10\/WhatsApp-Image-2023-10-25-at-16.10.08-300x225.jpeg 300w, https:\/\/arquivo.pedroleopoldo.mg.gov.br\/wp-content\/uploads\/2023\/10\/WhatsApp-Image-2023-10-25-at-16.10.08-768x576.jpeg 768w, https:\/\/arquivo.pedroleopoldo.mg.gov.br\/wp-content\/uploads\/2023\/10\/WhatsApp-Image-2023-10-25-at-16.10.08-1536x1152.jpeg 1536w, https:\/\/arquivo.pedroleopoldo.mg.gov.br\/wp-content\/uploads\/2023\/10\/WhatsApp-Image-2023-10-25-at-16.10.08-2048x1536.jpeg 2048w\" sizes=\"(max-width: 1024px) 100vw, 1024px\" \/><\/figure>\n<\/figure>\n","protected":false},"excerpt":{"rendered":"<p>Os m\u00f3veis adquiridos t\u00eam chegado de forma gradativa e sendo distribu\u00eddos nas unidades por ordem de prioridade. Al\u00e9m do novo mobili\u00e1rio, eletrocardiogramas tamb\u00e9m est\u00e3o sendo instalados. Materiais e equipamentos trazem mais conforto e qualidade dos servi\u00e7os para usu\u00e1rios e servidores A Prefeitura de Pedro Leopoldo, por meio da Secretaria Municipal de Sa\u00fade, adquiriu novos itens &hellip; <a href=\"https:\/\/arquivo.pedroleopoldo.mg.gov.br\/?p=24119\" class=\"more-link\">Continuar lendo <span class=\"screen-reader-text\">Unidades de sa\u00fade de PL recebem novos mobili\u00e1rios e eletrocardiogramas<\/span><\/a><\/p>\n","protected":false},"author":1,"featured_media":24122,"comment_status":"closed","ping_status":"closed","sticky":false,"template":"","format":"standard","meta":{"footnotes":""},"categories":[4],"tags":[],"_links":{"self":[{"href":"https:\/\/arquivo.pedroleopoldo.mg.gov.br\/index.php?rest_route=\/wp\/v2\/posts\/24119"}],"collection":[{"href":"https:\/\/arquivo.pedroleopoldo.mg.gov.br\/index.php?rest_route=\/wp\/v2\/posts"}],"about":[{"href":"https:\/\/arquivo.pedroleopoldo.mg.gov.br\/index.php?rest_route=\/wp\/v2\/types\/post"}],"author":[{"embeddable":true,"href":"https:\/\/arquivo.pedroleopoldo.mg.gov.br\/index.php?rest_route=\/wp\/v2\/users\/1"}],"replies":[{"embeddable":true,"href":"https:\/\/arquivo.pedroleopoldo.mg.gov.br\/index.php?rest_route=%2Fwp%2Fv2%2Fcomments&post=24119"}],"version-history":[{"count":0,"href":"https:\/\/arquivo.pedroleopoldo.mg.gov.br\/index.php?rest_route=\/wp\/v2\/posts\/24119\/revisions"}],"wp:featuredmedia":[{"embeddable":true,"href":"https:\/\/arquivo.pedroleopoldo.mg.gov.br\/index.php?rest_route=\/wp\/v2\/media\/24122"}],"wp:attachment":[{"href":"https:\/\/arquivo.pedroleopoldo.mg.gov.br\/index.php?rest_route=%2Fwp%2Fv2%2Fmedia&parent=24119"}],"wp:term":[{"taxonomy":"category","embeddable":true,"href":"https:\/\/arquivo.pedroleopoldo.mg.gov.br\/index.php?rest_route=%2Fwp%2Fv2%2Fcategories&post=24119"},{"taxonomy":"post_tag","embeddable":true,"href":"https:\/\/arquivo.pedroleopoldo.mg.gov.br\/index.php?rest_route=%2Fwp%2Fv2%2Ftags&post=24119"}],"curies":[{"name":"wp","href":"https:\/\/api.w.org\/{rel}","templated":true}]}}