{"id":24034,"date":"2023-10-18T14:53:13","date_gmt":"2023-10-18T17:53:13","guid":{"rendered":"http:\/\/pedroleopoldo.mg.gov.br\/?p=24034"},"modified":"2023-10-18T14:54:46","modified_gmt":"2023-10-18T17:54:46","slug":"prefeitura-apoia-diversos-eventos-em-diferentes-bairros-e-escolas-do-municipio-no-mes-das-criancas","status":"publish","type":"post","link":"https:\/\/arquivo.pedroleopoldo.mg.gov.br\/?p=24034","title":{"rendered":"Prefeitura apoia diversos eventos em diferentes bairros e escolas do munic\u00edpio no M\u00eas das Crian\u00e7as"},"content":{"rendered":"\n<figure class=\"wp-block-image size-large is-resized\"><img decoding=\"async\" loading=\"lazy\" src=\"http:\/\/pedroleopoldo.mg.gov.br\/wp-content\/uploads\/2023\/10\/WhatsApp-Image-2023-10-18-at-14.37.48-2-1024x768.jpeg\" alt=\"\" class=\"wp-image-24039\" style=\"width:839px;height:629px\" width=\"839\" height=\"629\" srcset=\"https:\/\/arquivo.pedroleopoldo.mg.gov.br\/wp-content\/uploads\/2023\/10\/WhatsApp-Image-2023-10-18-at-14.37.48-2-1024x768.jpeg 1024w, https:\/\/arquivo.pedroleopoldo.mg.gov.br\/wp-content\/uploads\/2023\/10\/WhatsApp-Image-2023-10-18-at-14.37.48-2-300x225.jpeg 300w, https:\/\/arquivo.pedroleopoldo.mg.gov.br\/wp-content\/uploads\/2023\/10\/WhatsApp-Image-2023-10-18-at-14.37.48-2-768x576.jpeg 768w, https:\/\/arquivo.pedroleopoldo.mg.gov.br\/wp-content\/uploads\/2023\/10\/WhatsApp-Image-2023-10-18-at-14.37.48-2-1536x1152.jpeg 1536w, https:\/\/arquivo.pedroleopoldo.mg.gov.br\/wp-content\/uploads\/2023\/10\/WhatsApp-Image-2023-10-18-at-14.37.48-2.jpeg 1600w\" sizes=\"(max-width: 839px) 100vw, 839px\" \/><\/figure>\n\n\n\n<p>O m\u00eas de outubro \u00e9 sempre especial para a garotada e a Prefeitura de Pedro Leopoldo tem tornado a data inesquec\u00edvel para as crian\u00e7as do munic\u00edpio, sobretudo nas Escolas Municipais e CEMAIS. Com um cronograma repleto de atividades divertidas, a atual gest\u00e3o est\u00e1 demonstrando seu carinho pelos alunos da rede em uma celebra\u00e7\u00e3o marcante.<\/p>\n\n\n\n<p>Nas comemora\u00e7\u00f5es escolares teve card\u00e1pio especial e delicioso, brincadeiras cativantes, apresenta\u00e7\u00f5es de teatro empolgantes, sess\u00f5es de cinema, excurs\u00f5es e at\u00e9 a visita de mascotes dos times de futebol Atl\u00e9tico e Cruzeiro.<\/p>\n\n\n\n<p>Al\u00e9m disso, a Prefeitura est\u00e1 apoiando diversas festas infantis em diferentes bairros do munic\u00edpio. No \u00faltimo fim de semana, celebra\u00e7\u00f5es animadas ocorreram na Morada dos Angicos, Campo do Ideal, Manoel Brand\u00e3o, Vila Aparecida, S\u00e3o Geraldo, Ferreiras, S\u00e3o Jos\u00e9 e Vera Cruz. E as festividades n\u00e3o param por a\u00ed. No dia 21, o Bairro Teot\u00f4nio Batista de Freitas ser\u00e1 o centro das aten\u00e7\u00f5es, assim como Santo Ant\u00f4nio da Barra, seguidos por Quinta das Palmeiras e Rua Manoelito Cunha, estes dois \u00faltimos no dia 22. E para encerrar em grande estilo, no dia 29, a Pra\u00e7a Teodoro Ramos, conhecida como Pra\u00e7a do Supriforte, ser\u00e1 palco de mais festa para as crian\u00e7as.<\/p>\n\n\n\n\n\n<p>Alice Barbosa, m\u00e3e de uma crian\u00e7a que participou da festa em Vera Cruz compartilhou sua experi\u00eancia. &#8220;Ver o sorriso no rosto do meu filho durante a festinha em Vera Cruz foi incr\u00edvel. Agrade\u00e7o \u00e0 Prefeitura e aos organizadores por proporcionarem momentos t\u00e3o especiais para nossas crian\u00e7as&#8221;, disse.<\/p>\n\n\n\n<p>O m\u00eas das crian\u00e7as em Pedro Leopoldo est\u00e1 repleto de amor, divers\u00e3o e uni\u00e3o, refletindo o compromisso da Prefeitura em cuidar e celebrar a inf\u00e2ncia. A prefeita Eloisa Helena compartilhou seu entusiasmo por este m\u00eas festivo. &#8220;Nossas crian\u00e7as merecem presentes e brincadeiras, claro, merecem o melhor em termos de educa\u00e7\u00e3o e garantia de direitos. Elas est\u00e3o no centro de nossas a\u00e7\u00f5es. Acreditamos que investir nas crian\u00e7as \u00e9 investir no futuro de Pedro Leopoldo. Que esse m\u00eas seja uma inspira\u00e7\u00e3o di\u00e1ria para todos, lembrando-nos da import\u00e2ncia de nutrir o bem-estar e a felicidade dos nossos pequenos cidad\u00e3os\u201d, destacou a Prefeita.<\/p>\n\n\n\n<figure class=\"wp-block-image size-large\"><img decoding=\"async\" loading=\"lazy\" width=\"1024\" height=\"768\" src=\"http:\/\/pedroleopoldo.mg.gov.br\/wp-content\/uploads\/2023\/10\/WhatsApp-Image-2023-10-18-at-14.37.49-1024x768.jpeg\" alt=\"\" class=\"wp-image-24035\" srcset=\"https:\/\/arquivo.pedroleopoldo.mg.gov.br\/wp-content\/uploads\/2023\/10\/WhatsApp-Image-2023-10-18-at-14.37.49-1024x768.jpeg 1024w, https:\/\/arquivo.pedroleopoldo.mg.gov.br\/wp-content\/uploads\/2023\/10\/WhatsApp-Image-2023-10-18-at-14.37.49-300x225.jpeg 300w, https:\/\/arquivo.pedroleopoldo.mg.gov.br\/wp-content\/uploads\/2023\/10\/WhatsApp-Image-2023-10-18-at-14.37.49-768x576.jpeg 768w, https:\/\/arquivo.pedroleopoldo.mg.gov.br\/wp-content\/uploads\/2023\/10\/WhatsApp-Image-2023-10-18-at-14.37.49-1536x1152.jpeg 1536w, https:\/\/arquivo.pedroleopoldo.mg.gov.br\/wp-content\/uploads\/2023\/10\/WhatsApp-Image-2023-10-18-at-14.37.49.jpeg 1600w\" sizes=\"(max-width: 1024px) 100vw, 1024px\" \/><\/figure>\n\n\n\n<p>Al\u00e9m das festas nas escolas e bairros, este m\u00eas tamb\u00e9m aconteceu a Feirinha Especial para a crian\u00e7ada. A famosa Feira de Artesanato e Comidas T\u00edpicas foi palco de muitas brincadeiras e alegria. Teve um espa\u00e7o kids diferenciado, presen\u00e7a de personagens de desenhos animados, al\u00e9m das tradicionais op\u00e7\u00f5es gastron\u00f4micas, shows e os mais belos artesanatos da regi\u00e3o.<\/p>\n","protected":false},"excerpt":{"rendered":"<p>O m\u00eas de outubro \u00e9 sempre especial para a garotada e a Prefeitura de Pedro Leopoldo tem tornado a data inesquec\u00edvel para as crian\u00e7as do munic\u00edpio, sobretudo nas Escolas Municipais e CEMAIS. Com um cronograma repleto de atividades divertidas, a atual gest\u00e3o est\u00e1 demonstrando seu carinho pelos alunos da rede em uma celebra\u00e7\u00e3o marcante. Nas &hellip; <a href=\"https:\/\/arquivo.pedroleopoldo.mg.gov.br\/?p=24034\" class=\"more-link\">Continuar lendo <span class=\"screen-reader-text\">Prefeitura apoia diversos eventos em diferentes bairros e escolas do munic\u00edpio no M\u00eas das Crian\u00e7as<\/span><\/a><\/p>\n","protected":false},"author":1,"featured_media":24037,"comment_status":"closed","ping_status":"closed","sticky":false,"template":"","format":"standard","meta":{"footnotes":""},"categories":[4],"tags":[],"_links":{"self":[{"href":"https:\/\/arquivo.pedroleopoldo.mg.gov.br\/index.php?rest_route=\/wp\/v2\/posts\/24034"}],"collection":[{"href":"https:\/\/arquivo.pedroleopoldo.mg.gov.br\/index.php?rest_route=\/wp\/v2\/posts"}],"about":[{"href":"https:\/\/arquivo.pedroleopoldo.mg.gov.br\/index.php?rest_route=\/wp\/v2\/types\/post"}],"author":[{"embeddable":true,"href":"https:\/\/arquivo.pedroleopoldo.mg.gov.br\/index.php?rest_route=\/wp\/v2\/users\/1"}],"replies":[{"embeddable":true,"href":"https:\/\/arquivo.pedroleopoldo.mg.gov.br\/index.php?rest_route=%2Fwp%2Fv2%2Fcomments&post=24034"}],"version-history":[{"count":0,"href":"https:\/\/arquivo.pedroleopoldo.mg.gov.br\/index.php?rest_route=\/wp\/v2\/posts\/24034\/revisions"}],"wp:featuredmedia":[{"embeddable":true,"href":"https:\/\/arquivo.pedroleopoldo.mg.gov.br\/index.php?rest_route=\/wp\/v2\/media\/24037"}],"wp:attachment":[{"href":"https:\/\/arquivo.pedroleopoldo.mg.gov.br\/index.php?rest_route=%2Fwp%2Fv2%2Fmedia&parent=24034"}],"wp:term":[{"taxonomy":"category","embeddable":true,"href":"https:\/\/arquivo.pedroleopoldo.mg.gov.br\/index.php?rest_route=%2Fwp%2Fv2%2Fcategories&post=24034"},{"taxonomy":"post_tag","embeddable":true,"href":"https:\/\/arquivo.pedroleopoldo.mg.gov.br\/index.php?rest_route=%2Fwp%2Fv2%2Ftags&post=24034"}],"curies":[{"name":"wp","href":"https:\/\/api.w.org\/{rel}","templated":true}]}}