{"id":24030,"date":"2023-10-18T14:46:31","date_gmt":"2023-10-18T17:46:31","guid":{"rendered":"http:\/\/pedroleopoldo.mg.gov.br\/?p=24030"},"modified":"2023-10-18T14:48:08","modified_gmt":"2023-10-18T17:48:08","slug":"semana-na-mao-certa-promovo-o-combate-a-exploracao-sexual-infantil-em-pedro-leopoldo","status":"publish","type":"post","link":"https:\/\/arquivo.pedroleopoldo.mg.gov.br\/?p=24030","title":{"rendered":"Semana na M\u00e3o Certa promovo o combate \u00e0 explora\u00e7\u00e3o sexual infantil em Pedro Leopoldo"},"content":{"rendered":"\n<h3 class=\"wp-block-heading has-text-align-center\"><em>Evento realizado em parceria entre Prefeitura, legislativo, Intercement e Conselho Tutelar visa conscientizar a comunidade sobre a import\u00e2ncia de proteger crian\u00e7as e adolescentes<\/em><\/h3>\n\n\n\n<figure class=\"wp-block-image size-large\"><img decoding=\"async\" loading=\"lazy\" width=\"1024\" height=\"768\" src=\"http:\/\/pedroleopoldo.mg.gov.br\/wp-content\/uploads\/2023\/10\/WhatsApp-Image-2023-10-18-at-14.33.40-2-1024x768.jpeg\" alt=\"\" class=\"wp-image-24031\" srcset=\"https:\/\/arquivo.pedroleopoldo.mg.gov.br\/wp-content\/uploads\/2023\/10\/WhatsApp-Image-2023-10-18-at-14.33.40-2-1024x768.jpeg 1024w, https:\/\/arquivo.pedroleopoldo.mg.gov.br\/wp-content\/uploads\/2023\/10\/WhatsApp-Image-2023-10-18-at-14.33.40-2-300x225.jpeg 300w, https:\/\/arquivo.pedroleopoldo.mg.gov.br\/wp-content\/uploads\/2023\/10\/WhatsApp-Image-2023-10-18-at-14.33.40-2-768x576.jpeg 768w, https:\/\/arquivo.pedroleopoldo.mg.gov.br\/wp-content\/uploads\/2023\/10\/WhatsApp-Image-2023-10-18-at-14.33.40-2-1536x1152.jpeg 1536w, https:\/\/arquivo.pedroleopoldo.mg.gov.br\/wp-content\/uploads\/2023\/10\/WhatsApp-Image-2023-10-18-at-14.33.40-2.jpeg 1600w\" sizes=\"(max-width: 1024px) 100vw, 1024px\" \/><\/figure>\n\n\n\n<p><br>No \u00faltimo dia 16 de outubro, Pedro Leopoldo deu in\u00edcio \u00e0 &#8220;Semana na M\u00e3o Certa&#8221;, evento de extrema import\u00e2ncia que tem como foco o combate \u00e0 explora\u00e7\u00e3o sexual de crian\u00e7as e adolescentes. O evento come\u00e7ou com um emocionante Culto Ecum\u00eanico realizado na Pra\u00e7a da Prefeitura, marcando a abertura das a\u00e7\u00f5es que se estender\u00e3o at\u00e9 o dia 21 deste m\u00eas.<\/p>\n\n\n\n<p>A &#8220;Semana na M\u00e3o Certa&#8221; \u00e9 uma iniciativa que demonstra a uni\u00e3o e colabora\u00e7\u00e3o entre o poder executivo e legislativo do munic\u00edpio, contando com o apoio da empresa Intercement e do Conselho Tutelar de Pedro Leopoldo. Este esfor\u00e7o conjunto visa conscientizar a comunidade sobre a import\u00e2ncia de proteger as crian\u00e7as e adolescentes contra a explora\u00e7\u00e3o sexual.<\/p>\n\n\n\n<p>A programa\u00e7\u00e3o inclui diversas palestras e semin\u00e1rios que abordar\u00e3o o Sistema de Garantia de Direitos para Crian\u00e7as e Adolescentes. \u201cEstas atividades t\u00eam como objetivo informar, educar e sensibilizar os cidad\u00e3os sobre como identificar e denunciar casos de explora\u00e7\u00e3o sexual, al\u00e9m de promover a conscientiza\u00e7\u00e3o sobre os direitos das crian\u00e7as e adolescentes\u201d, destacou a Prefeita Eloisa Helena.<\/p>\n\n\n\n<p>O primeiro dia do evento foi marcado por um Culto Ecum\u00eanico na Pra\u00e7a da Prefeitura, que reuniu membros da comunidade, representantes do poder p\u00fablico e apoiadores da causa. Destaque para a participa\u00e7\u00e3o do vereador Leoz\u00e3o, autor do projeto de Lei que instituiu a Semana. Durante a cerim\u00f4nia foram compartilhadas mensagens de solidariedade e esperan\u00e7a, enfatizando a import\u00e2ncia da prote\u00e7\u00e3o das crian\u00e7as e adolescentes em nossa sociedade.<\/p>\n\n\n\n<p><\/p>\n\n\n\n<p>Com o in\u00edcio da &#8220;Semana na M\u00e3o Certa&#8221;, Pedro Leopoldo demonstra seu compromisso em combater a explora\u00e7\u00e3o sexual infantil e assegurar um futuro seguro e promissor para as gera\u00e7\u00f5es mais jovens. A colabora\u00e7\u00e3o entre diferentes setores da sociedade \u00e9 fundamental para criar um ambiente onde as crian\u00e7as e adolescentes possam crescer protegidos e com seus direitos garantidos.<\/p>\n","protected":false},"excerpt":{"rendered":"<p>Evento realizado em parceria entre Prefeitura, legislativo, Intercement e Conselho Tutelar visa conscientizar a comunidade sobre a import\u00e2ncia de proteger crian\u00e7as e adolescentes No \u00faltimo dia 16 de outubro, Pedro Leopoldo deu in\u00edcio \u00e0 &#8220;Semana na M\u00e3o Certa&#8221;, evento de extrema import\u00e2ncia que tem como foco o combate \u00e0 explora\u00e7\u00e3o sexual de crian\u00e7as e adolescentes. &hellip; <a href=\"https:\/\/arquivo.pedroleopoldo.mg.gov.br\/?p=24030\" class=\"more-link\">Continuar lendo <span class=\"screen-reader-text\">Semana na M\u00e3o Certa promovo o combate \u00e0 explora\u00e7\u00e3o sexual infantil em Pedro Leopoldo<\/span><\/a><\/p>\n","protected":false},"author":1,"featured_media":24031,"comment_status":"closed","ping_status":"closed","sticky":false,"template":"","format":"standard","meta":{"footnotes":""},"categories":[4],"tags":[],"_links":{"self":[{"href":"https:\/\/arquivo.pedroleopoldo.mg.gov.br\/index.php?rest_route=\/wp\/v2\/posts\/24030"}],"collection":[{"href":"https:\/\/arquivo.pedroleopoldo.mg.gov.br\/index.php?rest_route=\/wp\/v2\/posts"}],"about":[{"href":"https:\/\/arquivo.pedroleopoldo.mg.gov.br\/index.php?rest_route=\/wp\/v2\/types\/post"}],"author":[{"embeddable":true,"href":"https:\/\/arquivo.pedroleopoldo.mg.gov.br\/index.php?rest_route=\/wp\/v2\/users\/1"}],"replies":[{"embeddable":true,"href":"https:\/\/arquivo.pedroleopoldo.mg.gov.br\/index.php?rest_route=%2Fwp%2Fv2%2Fcomments&post=24030"}],"version-history":[{"count":0,"href":"https:\/\/arquivo.pedroleopoldo.mg.gov.br\/index.php?rest_route=\/wp\/v2\/posts\/24030\/revisions"}],"wp:featuredmedia":[{"embeddable":true,"href":"https:\/\/arquivo.pedroleopoldo.mg.gov.br\/index.php?rest_route=\/wp\/v2\/media\/24031"}],"wp:attachment":[{"href":"https:\/\/arquivo.pedroleopoldo.mg.gov.br\/index.php?rest_route=%2Fwp%2Fv2%2Fmedia&parent=24030"}],"wp:term":[{"taxonomy":"category","embeddable":true,"href":"https:\/\/arquivo.pedroleopoldo.mg.gov.br\/index.php?rest_route=%2Fwp%2Fv2%2Fcategories&post=24030"},{"taxonomy":"post_tag","embeddable":true,"href":"https:\/\/arquivo.pedroleopoldo.mg.gov.br\/index.php?rest_route=%2Fwp%2Fv2%2Ftags&post=24030"}],"curies":[{"name":"wp","href":"https:\/\/api.w.org\/{rel}","templated":true}]}}