{"id":24001,"date":"2023-10-16T15:53:30","date_gmt":"2023-10-16T18:53:30","guid":{"rendered":"http:\/\/pedroleopoldo.mg.gov.br\/?p=24001"},"modified":"2023-10-16T15:53:34","modified_gmt":"2023-10-16T18:53:34","slug":"mes-do-servidor-publico-prefeitura-destaca-trabalhos-de-valorizacao-da-classe","status":"publish","type":"post","link":"https:\/\/arquivo.pedroleopoldo.mg.gov.br\/?p=24001","title":{"rendered":"M\u00eas do Servidor P\u00fablico: Prefeitura destaca trabalhos de valoriza\u00e7\u00e3o da classe\u00a0"},"content":{"rendered":"\n<p><em>Novos uniformes, reajuste anual, aumento do aux\u00edlio-alimenta\u00e7\u00e3o, gratifica\u00e7\u00e3o de v\u00e1rias carreiras e indeniza\u00e7\u00f5es s\u00e3o algumas das valoriza\u00e7\u00f5es e compromissos cumpridos junto aos servidores<\/em><\/p>\n\n\n\n<p>No dia 28 de outubro \u00e9 comemorado o Dia do Servidor P\u00fablico e a Prefeitura de Pedro Leopoldo, por meio da Secretaria Municipal de Administra\u00e7\u00e3o, promove, desde o in\u00edcio desta gest\u00e3o, uma s\u00e9rie de compromissos, garantias e gratifica\u00e7\u00f5es \u00e0 classe. Recentemente, os funcion\u00e1rios da Secretaria de Obras e Limpeza Urbana receberam novos kits completos de uniforme, incluindo camisa, cal\u00e7a e bon\u00e9, o que otimiza o dia a dia destes trabalhadores com conforto, praticidade e economia, al\u00e9m da seguran\u00e7a na identifica\u00e7\u00e3o. J\u00e1 na sexta-feira, dia 6, foi a vez da Prefeitura entregar uniformes para a turma administrativa do pr\u00e9dio. Segundo a Secretaria de Administra\u00e7\u00e3o, nos pr\u00f3ximos dias ser\u00e3o entregues os da limpeza\/zeladoria.<\/p>\n\n\n\n<p>Segundo a Prefeita Eloisa Helena, o uniforme \u00e9 um dos compromissos que v\u00eam sendo cumpridos. \u201cEu sempre insisto em dizer que a administra\u00e7\u00e3o p\u00fablica demanda um trabalho em conjunto e isso s\u00f3 \u00e9 poss\u00edvel gra\u00e7as ao nosso funcionalismo. Pensamos sempre em fazer o que \u00e9 nosso dever e valorizar essas pessoas com o que \u00e9 poss\u00edvel ser feito, dentro da lei. O uniforme ficou lindo e todos, assim como eu, j\u00e1 estamos usando\u201d, comentou.<\/p>\n\n\n\n<p>De acordo com a Secretaria de Administra\u00e7\u00e3o, foram feitos at\u00e9 hoje o reajuste anual em 10% acima da infla\u00e7\u00e3o, aumento do valor do aux\u00edlio-alimenta\u00e7\u00e3o e do n\u00famero de benefici\u00e1rios, totalizando mais de 1500 servidores recebendo um valor de R$300,00 mensais, que anteriormente era de R$167,00. \u201cS\u00f3 tenho a agradecer. Este aumento no ticket-alimenta\u00e7\u00e3o ajudou muito. Esse reajuste contribui para podermos fazer uma compra melhor, n\u00e9? Agrade\u00e7o a Deus e parabenizo a gest\u00e3o por esta atitude\u201d, disse D\u2019Lamark Rocha Corr\u00eaa, funcion\u00e1ria da Prefeitura.<\/p>\n\n\n\n<p>Al\u00e9m disso foi retomado o reajuste das gratifica\u00e7\u00f5es de v\u00e1rias carreiras de servidores do munic\u00edpio e dada a continuidade do pagamento das indeniza\u00e7\u00f5es de d\u00edvidas passadas que j\u00e1 ultrapassaram 2 milh\u00f5es de reais.<\/p>\n\n\n\n<figure class=\"wp-block-image is-resized\"><img decoding=\"async\" loading=\"lazy\" src=\"https:\/\/mail.google.com\/mail\/u\/0?ui=2&amp;ik=3dcfc5f1e2&amp;attid=0.1&amp;permmsgid=msg-a:r-3378546708899217740&amp;th=18b1b6bab1f20369&amp;view=fimg&amp;fur=ip&amp;sz=s0-l75-ft&amp;attbid=ANGjdJ-Uop6jhd4DkjRDbc060RJ_orf6WgwI1sMkr2fBgjxWXtcJIJ0XDL0OneI9VHgsrzTQwbO_icNW5bQz1rMcDe92hl4vyZZzylzGigBeD43F2WAY73JPw49gcg4&amp;disp=emb&amp;realattid=ii_lnkswjva0\" alt=\"WhatsApp Image 2023-10-10 at 10.38.07.jpeg\" style=\"width:326px;height:434px\" width=\"326\" height=\"434\"\/><\/figure>\n\n\n\n<p><strong>D\u2019Lamark Rocha Corr\u00eaa, funcion\u00e1ria da Prefeitura.<\/strong><\/p>\n\n\n\n<figure class=\"wp-block-image is-resized\"><img decoding=\"async\" loading=\"lazy\" src=\"https:\/\/mail.google.com\/mail\/u\/0?ui=2&amp;ik=3dcfc5f1e2&amp;attid=0.2&amp;permmsgid=msg-a:r-3378546708899217740&amp;th=18b1b6bab1f20369&amp;view=fimg&amp;fur=ip&amp;sz=s0-l75-ft&amp;attbid=ANGjdJ8trqzUHs1my7IYhO-N8VkC_3y9ee-DfoiQwUk9dWaMgww82fo1kbKum1JtRM9kek8wvbrW8xawiZ5JS7IMM_LRSplN5ljYSfJDtJbASZpBaPB_EwceTvyvxE8&amp;disp=emb&amp;realattid=ii_lnkswjwv2\" alt=\"WhatsApp Image 2023-10-09 at 15.41.46.jpeg\" style=\"width:405px;height:270px\" width=\"405\" height=\"270\"\/><\/figure>\n\n\n\n<figure class=\"wp-block-image is-resized\"><img decoding=\"async\" loading=\"lazy\" src=\"https:\/\/mail.google.com\/mail\/u\/0?ui=2&amp;ik=3dcfc5f1e2&amp;attid=0.3&amp;permmsgid=msg-a:r-3378546708899217740&amp;th=18b1b6bab1f20369&amp;view=fimg&amp;fur=ip&amp;sz=s0-l75-ft&amp;attbid=ANGjdJ-od6plXMISq93YDxncOsGZtj23O_J0a06Q82mEMLLK8uUHK-wl9o460BNtuSpcY2fMraBNQxYswQWE8E_RHYTIioF0T0YeWGFqFwoxB9I7PwLeoqTZwjBk4Ik&amp;disp=emb&amp;realattid=ii_lnkswjxh3\" alt=\"WhatsApp Image 2023-10-09 at 15.41.43.jpeg\" style=\"width:413px;height:275px\" width=\"413\" height=\"275\"\/><\/figure>\n\n\n\n<p><img decoding=\"async\" loading=\"lazy\" src=\"https:\/\/mail.google.com\/mail\/u\/0?ui=2&amp;ik=3dcfc5f1e2&amp;attid=0.4&amp;permmsgid=msg-a:r-3378546708899217740&amp;th=18b1b6bab1f20369&amp;view=fimg&amp;fur=ip&amp;sz=s0-l75-ft&amp;attbid=ANGjdJ_o_EC-Oq_IR846DYg95xFaEVEdwtpAnk-Q77W0x6yO5-PXrXs9i2G7sqY6F5_Q1sflSLM0B-ODpFBgvowL_LV2BKmcEgTSxYnVaAezgif04K3v0Ail-R6z10E&amp;disp=emb&amp;realattid=ii_lnkswjz16\" alt=\"WhatsApp Image 2023-10-09 at 15.41.48.jpeg\" width=\"542\" height=\"361\"><\/p>\n","protected":false},"excerpt":{"rendered":"<p>Novos uniformes, reajuste anual, aumento do aux\u00edlio-alimenta\u00e7\u00e3o, gratifica\u00e7\u00e3o de v\u00e1rias carreiras e indeniza\u00e7\u00f5es s\u00e3o algumas das valoriza\u00e7\u00f5es e compromissos cumpridos junto aos servidores No dia 28 de outubro \u00e9 comemorado o Dia do Servidor P\u00fablico e a Prefeitura de Pedro Leopoldo, por meio da Secretaria Municipal de Administra\u00e7\u00e3o, promove, desde o in\u00edcio desta gest\u00e3o, uma &hellip; <a href=\"https:\/\/arquivo.pedroleopoldo.mg.gov.br\/?p=24001\" class=\"more-link\">Continuar lendo <span class=\"screen-reader-text\">M\u00eas do Servidor P\u00fablico: Prefeitura destaca trabalhos de valoriza\u00e7\u00e3o da classe\u00a0<\/span><\/a><\/p>\n","protected":false},"author":1,"featured_media":24002,"comment_status":"closed","ping_status":"closed","sticky":false,"template":"","format":"standard","meta":{"footnotes":""},"categories":[4],"tags":[],"_links":{"self":[{"href":"https:\/\/arquivo.pedroleopoldo.mg.gov.br\/index.php?rest_route=\/wp\/v2\/posts\/24001"}],"collection":[{"href":"https:\/\/arquivo.pedroleopoldo.mg.gov.br\/index.php?rest_route=\/wp\/v2\/posts"}],"about":[{"href":"https:\/\/arquivo.pedroleopoldo.mg.gov.br\/index.php?rest_route=\/wp\/v2\/types\/post"}],"author":[{"embeddable":true,"href":"https:\/\/arquivo.pedroleopoldo.mg.gov.br\/index.php?rest_route=\/wp\/v2\/users\/1"}],"replies":[{"embeddable":true,"href":"https:\/\/arquivo.pedroleopoldo.mg.gov.br\/index.php?rest_route=%2Fwp%2Fv2%2Fcomments&post=24001"}],"version-history":[{"count":0,"href":"https:\/\/arquivo.pedroleopoldo.mg.gov.br\/index.php?rest_route=\/wp\/v2\/posts\/24001\/revisions"}],"wp:featuredmedia":[{"embeddable":true,"href":"https:\/\/arquivo.pedroleopoldo.mg.gov.br\/index.php?rest_route=\/wp\/v2\/media\/24002"}],"wp:attachment":[{"href":"https:\/\/arquivo.pedroleopoldo.mg.gov.br\/index.php?rest_route=%2Fwp%2Fv2%2Fmedia&parent=24001"}],"wp:term":[{"taxonomy":"category","embeddable":true,"href":"https:\/\/arquivo.pedroleopoldo.mg.gov.br\/index.php?rest_route=%2Fwp%2Fv2%2Fcategories&post=24001"},{"taxonomy":"post_tag","embeddable":true,"href":"https:\/\/arquivo.pedroleopoldo.mg.gov.br\/index.php?rest_route=%2Fwp%2Fv2%2Ftags&post=24001"}],"curies":[{"name":"wp","href":"https:\/\/api.w.org\/{rel}","templated":true}]}}