{"id":23990,"date":"2023-10-16T15:48:11","date_gmt":"2023-10-16T18:48:11","guid":{"rendered":"http:\/\/pedroleopoldo.mg.gov.br\/?p=23990"},"modified":"2023-10-16T15:48:15","modified_gmt":"2023-10-16T18:48:15","slug":"prefeitura-promove-1a-edicao-da-semana-da-cultura-crista-em-pedro-leopoldo","status":"publish","type":"post","link":"https:\/\/arquivo.pedroleopoldo.mg.gov.br\/?p=23990","title":{"rendered":"Prefeitura promove 1\u00aa edi\u00e7\u00e3o da Semana da Cultura Crist\u00e3 em Pedro Leopoldo"},"content":{"rendered":"\n<p><em>O evento, que \u00e9 in\u00e9dito, foi uma realiza\u00e7\u00e3o da Prefeitura de Pedro Leopoldo, institu\u00edda pela Lei Municipal n\u00b0 3.678 de 2022, uma indica\u00e7\u00e3o do vereador Warlen Alves. Para Eros Biondini, \u201cn\u00e3o \u00e9 qualquer prefeito que realmente abre as portas da cidade para um evento bonito como esse. Por isso, Pedro Leopoldo est\u00e1 de parab\u00e9ns\u201d. Anderson Freire e os artistas locais tamb\u00e9m elogiaram bastante a Semana<\/em><\/p>\n\n\n\n<p>Um mar de pessoas esteve nos \u00faltimos dias 06 e 07 de outubro, na primeira edi\u00e7\u00e3o da Semana Municipal da Cultura Crist\u00e3, na Pra\u00e7a da Esta\u00e7\u00e3o, prestigiando grandes talentos da m\u00fasica evang\u00e9lica e cat\u00f3lica. O evento, realizado pela primeira vez em Pedro Leopoldo, foi uma realiza\u00e7\u00e3o da Prefeitura, atrav\u00e9s de um Projeto de Lei do Vereador Warlen Alves, institu\u00edda por meio da Lei N\u00b0 3.678 de 2022, sancionada pela Prefeita Eloisa Helena.<\/p>\n\n\n\n<p>Talentos do gospel local, como Ludmila Vit\u00f3ria, Jocil Du Vale, Minist\u00e9rio Espada de Fogo, Lucas Gabriel e Gabriel Fernandes, abrilhantaram as duas noites de festa, al\u00e9m das apresenta\u00e7\u00f5es principais de Anderson Freire e Eros Biondini, que foram de muita emo\u00e7\u00e3o e demonstra\u00e7\u00f5es de f\u00e9.<\/p>\n\n\n\n<p>\u201cGostaria de agradecer tamb\u00e9m a Prefeitura de Pedro Leopoldo, por apoiar a realiza\u00e7\u00e3o deste evento que de fato foi incr\u00edvel e sensacional. \u00c9 de extrema import\u00e2ncia ter uma gest\u00e3o que se volta aos pedidos da comunidade, n\u00f3s crist\u00e3os estamos satisfeitos com a realiza\u00e7\u00e3o da Semana da Cultura Crist\u00e3 em nossa cidade. Para n\u00f3s foi uma grande realiza\u00e7\u00e3o\u201d, disse, Ludmilla Vit\u00f3ria.<\/p>\n\n\n\n<p>Ao lado da Prefeita Eloisa Helena, Eros Biondini parabenizou a administra\u00e7\u00e3o por acolher t\u00e3o bem o projeto de Lei e executar o evento. \u201c\u00c9 uma alegria poder estar aqui novamente em Pedro Leopoldo, cidade que tanto amo, ao lado da minha amiga, Prefeita Eloisa, que abriu as portas da cidade para a nossa m\u00fasica crist\u00e3. Digo que todo o pa\u00eds e as pessoas t\u00eam o desejo de ter um evento como este e n\u00e3o t\u00eam. N\u00e3o \u00e9 qualquer prefeito que realmente abre as portas da cidade para um evento bonito como esse. Por isso, Pedro Leopoldo est\u00e1 de parab\u00e9ns\u201d, destacou Eros Biondini, cantor da renova\u00e7\u00e3o carism\u00e1tica.&nbsp;<\/p>\n\n\n\n<p>A Prefeita Eloisa fez quest\u00e3o de destacar a import\u00e2ncia destes e outros eventos em Pedro Leopoldo. \u201cUm grupo minorit\u00e1rio insiste em tecer cr\u00edticas a estes eventos que temos promovido. A verdade \u00e9 que enxergo isso como um investimento e n\u00e3o como um gasto. Promover a cultura e divers\u00e3o para nossa gente \u00e9 mais que um dever. Quantas pessoas t\u00eam vontade de sempre estarem nesses shows e festas e muita das vezes n\u00e3o podem? Quantas vezes pessoas de Pedro Leopoldo tiveram que sair da cidade para ir para BH ver um bom show, e, ainda, pagando? \u00c9 por estas pessoas que vamos seguir, sim! Fazemos tudo dentro da legalidade, e \u00e9 uma pena que incomode a um n\u00famero m\u00ednimo de pessoas. Prefiro acreditar que elas n\u00e3o estejam passando por um momento bom ou que tenham pretens\u00f5es pol\u00edticas, do que gastar minha energia com aqueles que n\u00e3o querem o bem, o lazer, a cultura, a divers\u00e3o e qualidade de vida dos pedroleopoldenes\u201d, destacou Eloisa.<\/p>\n\n\n\n<p>A Semana Municipal da Cultura Crist\u00e3 tamb\u00e9m fez parte da programa\u00e7\u00e3o do centen\u00e1rio de Pedro Leopoldo que ser\u00e1 comemorado em Janeiro de 2024.<\/p>\n\n\n\n<figure class=\"wp-block-image size-large is-resized\"><img decoding=\"async\" loading=\"lazy\" src=\"http:\/\/pedroleopoldo.mg.gov.br\/wp-content\/uploads\/2023\/10\/WhatsApp-Image-2023-10-10-at-15.27.14-1-1.jpeg\" alt=\"\" class=\"wp-image-23996\" style=\"width:365px;height:487px\" width=\"365\" height=\"487\" srcset=\"https:\/\/arquivo.pedroleopoldo.mg.gov.br\/wp-content\/uploads\/2023\/10\/WhatsApp-Image-2023-10-10-at-15.27.14-1-1.jpeg 768w, https:\/\/arquivo.pedroleopoldo.mg.gov.br\/wp-content\/uploads\/2023\/10\/WhatsApp-Image-2023-10-10-at-15.27.14-1-1-225x300.jpeg 225w\" sizes=\"(max-width: 365px) 100vw, 365px\" \/><\/figure>\n\n\n\n<p><strong>Vice-prefeita, Ana Paula Santos, o cantor, Anderson Freire e a Prefeita, Eloisa\u00a0Helena<\/strong><\/p>\n\n\n\n<figure class=\"wp-block-image size-large is-resized\"><img decoding=\"async\" loading=\"lazy\" src=\"http:\/\/pedroleopoldo.mg.gov.br\/wp-content\/uploads\/2023\/10\/WhatsApp-Image-2023-10-10-at-15.27.14-2.jpeg\" alt=\"\" class=\"wp-image-23992\" style=\"width:367px;height:489px\" width=\"367\" height=\"489\" srcset=\"https:\/\/arquivo.pedroleopoldo.mg.gov.br\/wp-content\/uploads\/2023\/10\/WhatsApp-Image-2023-10-10-at-15.27.14-2.jpeg 768w, https:\/\/arquivo.pedroleopoldo.mg.gov.br\/wp-content\/uploads\/2023\/10\/WhatsApp-Image-2023-10-10-at-15.27.14-2-225x300.jpeg 225w\" sizes=\"(max-width: 367px) 100vw, 367px\" \/><\/figure>\n\n\n\n<p><strong>Eros Biondini e a Prefeita, Eloisa\u00a0Helena<\/strong><\/p>\n\n\n\n<figure class=\"wp-block-image size-large is-resized\"><img decoding=\"async\" loading=\"lazy\" src=\"http:\/\/pedroleopoldo.mg.gov.br\/wp-content\/uploads\/2023\/10\/WhatsApp-Image-2023-10-10-at-15.00.40-1.jpeg\" alt=\"\" class=\"wp-image-23991\" style=\"width:583px;height:386px\" width=\"583\" height=\"386\" srcset=\"https:\/\/arquivo.pedroleopoldo.mg.gov.br\/wp-content\/uploads\/2023\/10\/WhatsApp-Image-2023-10-10-at-15.00.40-1.jpeg 720w, https:\/\/arquivo.pedroleopoldo.mg.gov.br\/wp-content\/uploads\/2023\/10\/WhatsApp-Image-2023-10-10-at-15.00.40-1-300x199.jpeg 300w\" sizes=\"(max-width: 583px) 100vw, 583px\" \/><\/figure>\n\n\n\n<p><strong>Ludmilla Vit\u00f3ria se apresentando\u00a0<\/strong><\/p>\n\n\n\n<figure class=\"wp-block-image size-large is-resized\"><img decoding=\"async\" loading=\"lazy\" src=\"http:\/\/pedroleopoldo.mg.gov.br\/wp-content\/uploads\/2023\/10\/WhatsApp-Image-2023-10-09-at-15.18.30-1-768x1024.jpeg\" alt=\"\" class=\"wp-image-23993\" style=\"width:410px;height:546px\" width=\"410\" height=\"546\" srcset=\"https:\/\/arquivo.pedroleopoldo.mg.gov.br\/wp-content\/uploads\/2023\/10\/WhatsApp-Image-2023-10-09-at-15.18.30-1-768x1024.jpeg 768w, https:\/\/arquivo.pedroleopoldo.mg.gov.br\/wp-content\/uploads\/2023\/10\/WhatsApp-Image-2023-10-09-at-15.18.30-1-225x300.jpeg 225w, https:\/\/arquivo.pedroleopoldo.mg.gov.br\/wp-content\/uploads\/2023\/10\/WhatsApp-Image-2023-10-09-at-15.18.30-1-1152x1536.jpeg 1152w, https:\/\/arquivo.pedroleopoldo.mg.gov.br\/wp-content\/uploads\/2023\/10\/WhatsApp-Image-2023-10-09-at-15.18.30-1-1536x2048.jpeg 1536w, https:\/\/arquivo.pedroleopoldo.mg.gov.br\/wp-content\/uploads\/2023\/10\/WhatsApp-Image-2023-10-09-at-15.18.30-1-scaled.jpeg 1920w\" sizes=\"(max-width: 410px) 100vw, 410px\" \/><\/figure>\n\n\n\n<figure class=\"wp-block-image size-large is-resized\"><img decoding=\"async\" loading=\"lazy\" src=\"http:\/\/pedroleopoldo.mg.gov.br\/wp-content\/uploads\/2023\/10\/WhatsApp-Image-2023-10-09-at-23.03.20-1-1024x768.jpeg\" alt=\"\" class=\"wp-image-23995\" style=\"width:475px;height:356px\" width=\"475\" height=\"356\" srcset=\"https:\/\/arquivo.pedroleopoldo.mg.gov.br\/wp-content\/uploads\/2023\/10\/WhatsApp-Image-2023-10-09-at-23.03.20-1-1024x768.jpeg 1024w, https:\/\/arquivo.pedroleopoldo.mg.gov.br\/wp-content\/uploads\/2023\/10\/WhatsApp-Image-2023-10-09-at-23.03.20-1-300x225.jpeg 300w, https:\/\/arquivo.pedroleopoldo.mg.gov.br\/wp-content\/uploads\/2023\/10\/WhatsApp-Image-2023-10-09-at-23.03.20-1-768x576.jpeg 768w, https:\/\/arquivo.pedroleopoldo.mg.gov.br\/wp-content\/uploads\/2023\/10\/WhatsApp-Image-2023-10-09-at-23.03.20-1.jpeg 1040w\" sizes=\"(max-width: 475px) 100vw, 475px\" \/><\/figure>\n\n\n\n<p><strong>Anderson Freire recebendo o &#8220;C\u00e9zinha&#8221;, f\u00e3 n\u00famero 01 do artista\u00a0<\/strong><\/p>\n\n\n\n<figure class=\"wp-block-image size-large is-resized\"><img decoding=\"async\" loading=\"lazy\" src=\"http:\/\/pedroleopoldo.mg.gov.br\/wp-content\/uploads\/2023\/10\/WhatsApp-Image-2023-10-10-at-15.25.19-1.jpeg\" alt=\"\" class=\"wp-image-23994\" style=\"width:482px;height:362px\" width=\"482\" height=\"362\" srcset=\"https:\/\/arquivo.pedroleopoldo.mg.gov.br\/wp-content\/uploads\/2023\/10\/WhatsApp-Image-2023-10-10-at-15.25.19-1.jpeg 1024w, https:\/\/arquivo.pedroleopoldo.mg.gov.br\/wp-content\/uploads\/2023\/10\/WhatsApp-Image-2023-10-10-at-15.25.19-1-300x225.jpeg 300w, https:\/\/arquivo.pedroleopoldo.mg.gov.br\/wp-content\/uploads\/2023\/10\/WhatsApp-Image-2023-10-10-at-15.25.19-1-768x576.jpeg 768w\" sizes=\"(max-width: 482px) 100vw, 482px\" \/><\/figure>\n","protected":false},"excerpt":{"rendered":"<p>O evento, que \u00e9 in\u00e9dito, foi uma realiza\u00e7\u00e3o da Prefeitura de Pedro Leopoldo, institu\u00edda pela Lei Municipal n\u00b0 3.678 de 2022, uma indica\u00e7\u00e3o do vereador Warlen Alves. Para Eros Biondini, \u201cn\u00e3o \u00e9 qualquer prefeito que realmente abre as portas da cidade para um evento bonito como esse. Por isso, Pedro Leopoldo est\u00e1 de parab\u00e9ns\u201d. Anderson &hellip; <a href=\"https:\/\/arquivo.pedroleopoldo.mg.gov.br\/?p=23990\" class=\"more-link\">Continuar lendo <span class=\"screen-reader-text\">Prefeitura promove 1\u00aa edi\u00e7\u00e3o da Semana da Cultura Crist\u00e3 em Pedro Leopoldo<\/span><\/a><\/p>\n","protected":false},"author":1,"featured_media":23994,"comment_status":"closed","ping_status":"closed","sticky":false,"template":"","format":"standard","meta":{"footnotes":""},"categories":[4],"tags":[],"_links":{"self":[{"href":"https:\/\/arquivo.pedroleopoldo.mg.gov.br\/index.php?rest_route=\/wp\/v2\/posts\/23990"}],"collection":[{"href":"https:\/\/arquivo.pedroleopoldo.mg.gov.br\/index.php?rest_route=\/wp\/v2\/posts"}],"about":[{"href":"https:\/\/arquivo.pedroleopoldo.mg.gov.br\/index.php?rest_route=\/wp\/v2\/types\/post"}],"author":[{"embeddable":true,"href":"https:\/\/arquivo.pedroleopoldo.mg.gov.br\/index.php?rest_route=\/wp\/v2\/users\/1"}],"replies":[{"embeddable":true,"href":"https:\/\/arquivo.pedroleopoldo.mg.gov.br\/index.php?rest_route=%2Fwp%2Fv2%2Fcomments&post=23990"}],"version-history":[{"count":0,"href":"https:\/\/arquivo.pedroleopoldo.mg.gov.br\/index.php?rest_route=\/wp\/v2\/posts\/23990\/revisions"}],"wp:featuredmedia":[{"embeddable":true,"href":"https:\/\/arquivo.pedroleopoldo.mg.gov.br\/index.php?rest_route=\/wp\/v2\/media\/23994"}],"wp:attachment":[{"href":"https:\/\/arquivo.pedroleopoldo.mg.gov.br\/index.php?rest_route=%2Fwp%2Fv2%2Fmedia&parent=23990"}],"wp:term":[{"taxonomy":"category","embeddable":true,"href":"https:\/\/arquivo.pedroleopoldo.mg.gov.br\/index.php?rest_route=%2Fwp%2Fv2%2Fcategories&post=23990"},{"taxonomy":"post_tag","embeddable":true,"href":"https:\/\/arquivo.pedroleopoldo.mg.gov.br\/index.php?rest_route=%2Fwp%2Fv2%2Ftags&post=23990"}],"curies":[{"name":"wp","href":"https:\/\/api.w.org\/{rel}","templated":true}]}}