{"id":23907,"date":"2023-10-09T14:55:46","date_gmt":"2023-10-09T17:55:46","guid":{"rendered":"http:\/\/pedroleopoldo.mg.gov.br\/?p=23907"},"modified":"2023-10-09T14:55:51","modified_gmt":"2023-10-09T17:55:51","slug":"prefeitura-continua-ampliando-obras-e-investimentos-na-infraestrutura-de-pedro-leopoldo","status":"publish","type":"post","link":"https:\/\/arquivo.pedroleopoldo.mg.gov.br\/?p=23907","title":{"rendered":"Prefeitura continua ampliando obras e investimentos na infraestrutura de Pedro Leopoldo"},"content":{"rendered":"\n<p>A Prefeitura de Pedro Leopoldo tem realizado uma s\u00e9rie de servi\u00e7os e obras em todo o munic\u00edpio, abrangendo diferentes segmentos e buscando atender \u00e0s necessidades da popula\u00e7\u00e3o. Nesta semana, um importante projeto de manuten\u00e7\u00e3o teve in\u00edcio no Conjunto Am\u00e9lia Torres, onde um muro de conten\u00e7\u00e3o havia colapsado, representando uma amea\u00e7a para os moradores da regi\u00e3o. O principal objetivo desta iniciativa \u00e9 garantir a seguran\u00e7a dos cidad\u00e3os, prevenindo poss\u00edveis&nbsp; deslizamentos no barranco.<\/p>\n\n\n\n<p>Entre outros feitos est\u00e3o tamb\u00e9m os trabalhos da Secretaria de Obras na prepara\u00e7\u00e3o do solo para a pavimenta\u00e7\u00e3o da Rodovia Neves, que conecta Pedro Leopoldo ao Ribeir\u00e3o das Neves. Desde o an\u00fancio desse projeto, a equipe da Prefeitura n\u00e3o tem medido esfor\u00e7os para concretiz\u00e1-lo o mais rapidamente poss\u00edvel. A pavimenta\u00e7\u00e3o dessa rodovia n\u00e3o apenas facilitar\u00e1 o deslocamento dos moradores, mas tamb\u00e9m contribuir\u00e1 para a economia local, ao proporcionar maior acessibilidade ao transporte de produtos pelas empresas da regi\u00e3o.&nbsp;<\/p>\n\n\n\n<p>Para o morador beneficiado, Fernando Peixoto, essa obra representa uma conquista significativa. &#8220;A pavimenta\u00e7\u00e3o da Rodovia Neves ir\u00e1 melhorar consideravelmente nossa qualidade de vida. Era complicado transitar por aqui antes e esta iniciativa da Prefeitura trar\u00e1 benef\u00edcios significativos para todos n\u00f3s que utilizamos essa rodovia diariamente&#8221;, disse.<\/p>\n\n\n\n<p>Outro projeto que ter\u00e1 in\u00edcio \u00e9 a drenagem pluvial da Rua C\u00e2ndido Viana, que tem como finalidade prevenir problemas de alagamento e contribuir para o correto escoamento das \u00e1guas pluviais. Anteriormente, a Secretaria de Obras j\u00e1 atuou com o servi\u00e7o em diversas outras ruas como Joaquim Batista, \u00cdris Valadares, Aimor\u00e9s, Boror\u00f3s e Agenor Teixeira, na Regi\u00e3o Norte. Na parte central da cidade, o servi\u00e7o est\u00e1 atualmente em execu\u00e7\u00e3o nas ruas R\u00f4mulo Joviano e Amando Filho.<\/p>\n\n\n\n<p><strong>Pra\u00e7as Revitalizadas: Cuidando dos Espa\u00e7os P\u00fablicos<\/strong><\/p>\n\n\n\n<p>A Prefeitura de Pedro Leopoldo confirma a import\u00e2ncia das pra\u00e7as p\u00fablicas como locais de conv\u00edvio, lazer e encontro para a comunidade. Desde 2021, a administra\u00e7\u00e3o tem investido na revitaliza\u00e7\u00e3o desses espa\u00e7os, tornando-os mais acess\u00edveis, seguros e acolhedores para todos. At\u00e9 o momento, aproximadamente sete pra\u00e7as passaram por melhorias, incluindo novas pinturas, substitui\u00e7\u00f5es de bancos, parquinhos, canteiros e a instala\u00e7\u00e3o de ilumina\u00e7\u00e3o em LED. Algumas das pra\u00e7as beneficiadas s\u00e3o Chico Xavier, Jaci Viana, Dr. Senra, Jos\u00e9 dos Anjos, S\u00e3o Jos\u00e9, Z\u00e9 Camilo, Teodoro Ramos e Djalma Sales.<\/p>\n\n\n\n<figure class=\"wp-block-gallery has-nested-images columns-default is-cropped wp-block-gallery-1 is-layout-flex wp-block-gallery-is-layout-flex\">\n<figure class=\"wp-block-image size-large\"><img decoding=\"async\" loading=\"lazy\" width=\"1024\" height=\"768\" data-id=\"23918\" src=\"http:\/\/pedroleopoldo.mg.gov.br\/wp-content\/uploads\/2023\/10\/WhatsApp-Image-2023-10-04-at-17.18.31.jpeg\" alt=\"\" class=\"wp-image-23918\" srcset=\"https:\/\/arquivo.pedroleopoldo.mg.gov.br\/wp-content\/uploads\/2023\/10\/WhatsApp-Image-2023-10-04-at-17.18.31.jpeg 1024w, https:\/\/arquivo.pedroleopoldo.mg.gov.br\/wp-content\/uploads\/2023\/10\/WhatsApp-Image-2023-10-04-at-17.18.31-300x225.jpeg 300w, https:\/\/arquivo.pedroleopoldo.mg.gov.br\/wp-content\/uploads\/2023\/10\/WhatsApp-Image-2023-10-04-at-17.18.31-768x576.jpeg 768w\" sizes=\"(max-width: 1024px) 100vw, 1024px\" \/><\/figure>\n\n\n\n<figure class=\"wp-block-image size-large\"><img decoding=\"async\" loading=\"lazy\" width=\"1024\" height=\"768\" data-id=\"23917\" src=\"http:\/\/pedroleopoldo.mg.gov.br\/wp-content\/uploads\/2023\/10\/WhatsApp-Image-2023-10-04-at-17.18.31-1.jpeg\" alt=\"\" class=\"wp-image-23917\" srcset=\"https:\/\/arquivo.pedroleopoldo.mg.gov.br\/wp-content\/uploads\/2023\/10\/WhatsApp-Image-2023-10-04-at-17.18.31-1.jpeg 1024w, https:\/\/arquivo.pedroleopoldo.mg.gov.br\/wp-content\/uploads\/2023\/10\/WhatsApp-Image-2023-10-04-at-17.18.31-1-300x225.jpeg 300w, https:\/\/arquivo.pedroleopoldo.mg.gov.br\/wp-content\/uploads\/2023\/10\/WhatsApp-Image-2023-10-04-at-17.18.31-1-768x576.jpeg 768w\" sizes=\"(max-width: 1024px) 100vw, 1024px\" \/><\/figure>\n\n\n\n<figure class=\"wp-block-image size-large\"><img decoding=\"async\" loading=\"lazy\" width=\"1024\" height=\"768\" data-id=\"23916\" src=\"http:\/\/pedroleopoldo.mg.gov.br\/wp-content\/uploads\/2023\/10\/WhatsApp-Image-2023-10-04-at-17.18.31-2.jpeg\" alt=\"\" class=\"wp-image-23916\" srcset=\"https:\/\/arquivo.pedroleopoldo.mg.gov.br\/wp-content\/uploads\/2023\/10\/WhatsApp-Image-2023-10-04-at-17.18.31-2.jpeg 1024w, https:\/\/arquivo.pedroleopoldo.mg.gov.br\/wp-content\/uploads\/2023\/10\/WhatsApp-Image-2023-10-04-at-17.18.31-2-300x225.jpeg 300w, https:\/\/arquivo.pedroleopoldo.mg.gov.br\/wp-content\/uploads\/2023\/10\/WhatsApp-Image-2023-10-04-at-17.18.31-2-768x576.jpeg 768w\" sizes=\"(max-width: 1024px) 100vw, 1024px\" \/><\/figure>\n<\/figure>\n","protected":false},"excerpt":{"rendered":"<p>A Prefeitura de Pedro Leopoldo tem realizado uma s\u00e9rie de servi\u00e7os e obras em todo o munic\u00edpio, abrangendo diferentes segmentos e buscando atender \u00e0s necessidades da popula\u00e7\u00e3o. Nesta semana, um importante projeto de manuten\u00e7\u00e3o teve in\u00edcio no Conjunto Am\u00e9lia Torres, onde um muro de conten\u00e7\u00e3o havia colapsado, representando uma amea\u00e7a para os moradores da regi\u00e3o. &hellip; <a href=\"https:\/\/arquivo.pedroleopoldo.mg.gov.br\/?p=23907\" class=\"more-link\">Continuar lendo <span class=\"screen-reader-text\">Prefeitura continua ampliando obras e investimentos na infraestrutura de Pedro Leopoldo<\/span><\/a><\/p>\n","protected":false},"author":1,"featured_media":23918,"comment_status":"closed","ping_status":"closed","sticky":false,"template":"","format":"standard","meta":{"footnotes":""},"categories":[4],"tags":[],"_links":{"self":[{"href":"https:\/\/arquivo.pedroleopoldo.mg.gov.br\/index.php?rest_route=\/wp\/v2\/posts\/23907"}],"collection":[{"href":"https:\/\/arquivo.pedroleopoldo.mg.gov.br\/index.php?rest_route=\/wp\/v2\/posts"}],"about":[{"href":"https:\/\/arquivo.pedroleopoldo.mg.gov.br\/index.php?rest_route=\/wp\/v2\/types\/post"}],"author":[{"embeddable":true,"href":"https:\/\/arquivo.pedroleopoldo.mg.gov.br\/index.php?rest_route=\/wp\/v2\/users\/1"}],"replies":[{"embeddable":true,"href":"https:\/\/arquivo.pedroleopoldo.mg.gov.br\/index.php?rest_route=%2Fwp%2Fv2%2Fcomments&post=23907"}],"version-history":[{"count":0,"href":"https:\/\/arquivo.pedroleopoldo.mg.gov.br\/index.php?rest_route=\/wp\/v2\/posts\/23907\/revisions"}],"wp:featuredmedia":[{"embeddable":true,"href":"https:\/\/arquivo.pedroleopoldo.mg.gov.br\/index.php?rest_route=\/wp\/v2\/media\/23918"}],"wp:attachment":[{"href":"https:\/\/arquivo.pedroleopoldo.mg.gov.br\/index.php?rest_route=%2Fwp%2Fv2%2Fmedia&parent=23907"}],"wp:term":[{"taxonomy":"category","embeddable":true,"href":"https:\/\/arquivo.pedroleopoldo.mg.gov.br\/index.php?rest_route=%2Fwp%2Fv2%2Fcategories&post=23907"},{"taxonomy":"post_tag","embeddable":true,"href":"https:\/\/arquivo.pedroleopoldo.mg.gov.br\/index.php?rest_route=%2Fwp%2Fv2%2Ftags&post=23907"}],"curies":[{"name":"wp","href":"https:\/\/api.w.org\/{rel}","templated":true}]}}