{"id":23906,"date":"2023-10-09T14:55:54","date_gmt":"2023-10-09T17:55:54","guid":{"rendered":"http:\/\/pedroleopoldo.mg.gov.br\/?p=23906"},"modified":"2023-10-09T14:55:58","modified_gmt":"2023-10-09T17:55:58","slug":"mes-das-criancas-em-pedro-leopoldo-e-celebrado-com-muito-carinho-comida-boa-e-diversao-nas-escolas-municipais","status":"publish","type":"post","link":"https:\/\/arquivo.pedroleopoldo.mg.gov.br\/?p=23906","title":{"rendered":"M\u00eas das Crian\u00e7as em Pedro Leopoldo \u00e9 celebrado com muito carinho, comida boa e divers\u00e3o nas Escolas Municipais"},"content":{"rendered":"\n<p><em>Card\u00e1pio especial, brincadeiras e apresenta\u00e7\u00f5es teatrais est\u00e3o inclu\u00eddos no cronograma da Semana das Crian\u00e7as elaborado pela Prefeitura de Pedro Leopoldo<\/em><\/p>\n\n\n\n<p>O m\u00eas de outubro \u00e9 sempre um per\u00edodo especial para a garotada e a Prefeitura de Pedro Leopoldo est\u00e1 fazendo quest\u00e3o de torn\u00e1-lo inesquec\u00edvel para as crian\u00e7as das Escolas Municipais e CEMAI\u2019s. Com um cronograma repleto de atividades divertidas, o munic\u00edpio est\u00e1 demonstrando todo o seu carinho pelas crian\u00e7as neste m\u00eas das crian\u00e7as.<\/p>\n\n\n\n<p>Nas comemora\u00e7\u00f5es est\u00e3o inclu\u00eddos um card\u00e1pio especial e delicioso durante a semana, apresenta\u00e7\u00f5es de teatro, empolgantes excurs\u00f5es e at\u00e9 a visita de mascotes dos times de futebol Atl\u00e9tico e Cruzeiro. Al\u00e9m disso, as crian\u00e7as tiveram a oportunidade \u00fanica de conhecer ex-jogadores de futebol renomados, como Dirceu Lopes e Campos, que compartilharam suas experi\u00eancias e hist\u00f3rias inspiradoras com os pequenos.<\/p>\n\n\n\n<p>A Edilza Silva, compartilhou a experi\u00eancia da sua filha Helo\u00edsa, aluna da Escola Municipal Pedro Leopoldo. &#8220;Minha filha ficou super feliz com todas as atividades que a escola preparou para celebrar o m\u00eas das crian\u00e7as. Ela n\u00e3o para de falar sobre a visita do mascote do Galo, chegou em casa radiante. A Prefeitura realmente fez um trabalho incr\u00edvel para tornar este m\u00eas especial, muito obrigada a todos os envolvidos\u201d, disse.&nbsp;<\/p>\n\n\n\n<p>A Secret\u00e1ria de Educa\u00e7\u00e3o, Cl\u00e1udia Resende, expressou o compromisso da atual gest\u00e3o com a educa\u00e7\u00e3o e o bem-estar das crian\u00e7as. &#8220;Cada atividade planejada para este m\u00eas foi cuidadosamente pensada com muito carinho. Queremos, a pedido da Prefeita Eloisa, que as crian\u00e7as se divirtam, aprendam e se sintam especiais. Estamos empenhados em oferecer a melhor experi\u00eancia poss\u00edvel para nossos pequenos cidad\u00e3os&#8221;, afirmou.&nbsp;<\/p>\n\n\n\n<p>O compromisso da Prefeitura de Pedro Leopoldo em tornar o m\u00eas das crian\u00e7as inesquec\u00edvel demonstra a dedica\u00e7\u00e3o e cuidado para proporcionar momentos felizes e educativos para as crian\u00e7as pedroleopoldenses.&nbsp;<\/p>\n\n\n\n<p>A prefeita Eloisa Helena destaca a import\u00e2ncia da escola ser um lugar alegre e acolhedor para os alunos, e afirma o empenho da Prefeitura para levar isso aos pequenos a cada dia. \u201cNos empenhamos muito para tornar as institui\u00e7\u00f5es um lugar agrad\u00e1vel, afinal, uma grande parte do dia dos alunos \u00e9 vivido na escola. E, claro, que neste m\u00eas t\u00e3o especial n\u00e3o poder\u00edamos deixar de presentear nossos pequenos com uma semana incr\u00edvel\u201d, disse.&nbsp;<\/p>\n\n\n\n<p>Este ano a Prefeitura entregou uniformes e mochilas para todos os alunos da rede municipal, al\u00e9m de kits escolares.<\/p>\n\n\n\n<figure class=\"wp-block-gallery has-nested-images columns-default is-cropped wp-block-gallery-1 is-layout-flex wp-block-gallery-is-layout-flex\">\n<figure class=\"wp-block-image size-large\"><img decoding=\"async\" loading=\"lazy\" width=\"768\" height=\"1024\" data-id=\"23911\" src=\"http:\/\/pedroleopoldo.mg.gov.br\/wp-content\/uploads\/2023\/10\/WhatsApp-Image-2023-10-04-at-17.13.45-2.jpeg\" alt=\"\" class=\"wp-image-23911\" srcset=\"https:\/\/arquivo.pedroleopoldo.mg.gov.br\/wp-content\/uploads\/2023\/10\/WhatsApp-Image-2023-10-04-at-17.13.45-2.jpeg 768w, https:\/\/arquivo.pedroleopoldo.mg.gov.br\/wp-content\/uploads\/2023\/10\/WhatsApp-Image-2023-10-04-at-17.13.45-2-225x300.jpeg 225w\" sizes=\"(max-width: 768px) 100vw, 768px\" \/><\/figure>\n\n\n\n<figure class=\"wp-block-image size-large\"><img decoding=\"async\" loading=\"lazy\" width=\"768\" height=\"1024\" data-id=\"23908\" src=\"http:\/\/pedroleopoldo.mg.gov.br\/wp-content\/uploads\/2023\/10\/WhatsApp-Image-2023-10-04-at-17.13.45-5.jpeg\" alt=\"\" class=\"wp-image-23908\" srcset=\"https:\/\/arquivo.pedroleopoldo.mg.gov.br\/wp-content\/uploads\/2023\/10\/WhatsApp-Image-2023-10-04-at-17.13.45-5.jpeg 768w, https:\/\/arquivo.pedroleopoldo.mg.gov.br\/wp-content\/uploads\/2023\/10\/WhatsApp-Image-2023-10-04-at-17.13.45-5-225x300.jpeg 225w\" sizes=\"(max-width: 768px) 100vw, 768px\" \/><\/figure>\n\n\n\n<figure class=\"wp-block-image size-large\"><img decoding=\"async\" loading=\"lazy\" width=\"1024\" height=\"768\" data-id=\"23912\" src=\"http:\/\/pedroleopoldo.mg.gov.br\/wp-content\/uploads\/2023\/10\/WhatsApp-Image-2023-10-04-at-17.13.45-3.jpeg\" alt=\"\" class=\"wp-image-23912\" srcset=\"https:\/\/arquivo.pedroleopoldo.mg.gov.br\/wp-content\/uploads\/2023\/10\/WhatsApp-Image-2023-10-04-at-17.13.45-3.jpeg 1024w, https:\/\/arquivo.pedroleopoldo.mg.gov.br\/wp-content\/uploads\/2023\/10\/WhatsApp-Image-2023-10-04-at-17.13.45-3-300x225.jpeg 300w, https:\/\/arquivo.pedroleopoldo.mg.gov.br\/wp-content\/uploads\/2023\/10\/WhatsApp-Image-2023-10-04-at-17.13.45-3-768x576.jpeg 768w\" sizes=\"(max-width: 1024px) 100vw, 1024px\" \/><\/figure>\n\n\n\n<figure class=\"wp-block-image size-large\"><img decoding=\"async\" loading=\"lazy\" width=\"768\" height=\"1024\" data-id=\"23910\" src=\"http:\/\/pedroleopoldo.mg.gov.br\/wp-content\/uploads\/2023\/10\/WhatsApp-Image-2023-10-04-at-17.13.45-4.jpeg\" alt=\"\" class=\"wp-image-23910\" srcset=\"https:\/\/arquivo.pedroleopoldo.mg.gov.br\/wp-content\/uploads\/2023\/10\/WhatsApp-Image-2023-10-04-at-17.13.45-4.jpeg 768w, https:\/\/arquivo.pedroleopoldo.mg.gov.br\/wp-content\/uploads\/2023\/10\/WhatsApp-Image-2023-10-04-at-17.13.45-4-225x300.jpeg 225w\" sizes=\"(max-width: 768px) 100vw, 768px\" \/><\/figure>\n\n\n\n<figure class=\"wp-block-image size-large\"><img decoding=\"async\" loading=\"lazy\" width=\"768\" height=\"1024\" data-id=\"23914\" src=\"http:\/\/pedroleopoldo.mg.gov.br\/wp-content\/uploads\/2023\/10\/WhatsApp-Image-2023-10-04-at-17.13.45-7.jpeg\" alt=\"\" class=\"wp-image-23914\" srcset=\"https:\/\/arquivo.pedroleopoldo.mg.gov.br\/wp-content\/uploads\/2023\/10\/WhatsApp-Image-2023-10-04-at-17.13.45-7.jpeg 768w, https:\/\/arquivo.pedroleopoldo.mg.gov.br\/wp-content\/uploads\/2023\/10\/WhatsApp-Image-2023-10-04-at-17.13.45-7-225x300.jpeg 225w\" sizes=\"(max-width: 768px) 100vw, 768px\" \/><\/figure>\n\n\n\n<figure class=\"wp-block-image size-large\"><img decoding=\"async\" loading=\"lazy\" width=\"768\" height=\"1024\" data-id=\"23915\" src=\"http:\/\/pedroleopoldo.mg.gov.br\/wp-content\/uploads\/2023\/10\/WhatsApp-Image-2023-10-04-at-17.13.45-8.jpeg\" alt=\"\" class=\"wp-image-23915\" srcset=\"https:\/\/arquivo.pedroleopoldo.mg.gov.br\/wp-content\/uploads\/2023\/10\/WhatsApp-Image-2023-10-04-at-17.13.45-8.jpeg 768w, https:\/\/arquivo.pedroleopoldo.mg.gov.br\/wp-content\/uploads\/2023\/10\/WhatsApp-Image-2023-10-04-at-17.13.45-8-225x300.jpeg 225w\" sizes=\"(max-width: 768px) 100vw, 768px\" \/><\/figure>\n\n\n\n<figure class=\"wp-block-image size-large\"><img decoding=\"async\" loading=\"lazy\" width=\"1024\" height=\"768\" data-id=\"23913\" src=\"http:\/\/pedroleopoldo.mg.gov.br\/wp-content\/uploads\/2023\/10\/WhatsApp-Image-2023-10-04-at-17.13.45.jpeg\" alt=\"\" class=\"wp-image-23913\" srcset=\"https:\/\/arquivo.pedroleopoldo.mg.gov.br\/wp-content\/uploads\/2023\/10\/WhatsApp-Image-2023-10-04-at-17.13.45.jpeg 1024w, https:\/\/arquivo.pedroleopoldo.mg.gov.br\/wp-content\/uploads\/2023\/10\/WhatsApp-Image-2023-10-04-at-17.13.45-300x225.jpeg 300w, https:\/\/arquivo.pedroleopoldo.mg.gov.br\/wp-content\/uploads\/2023\/10\/WhatsApp-Image-2023-10-04-at-17.13.45-768x576.jpeg 768w\" sizes=\"(max-width: 1024px) 100vw, 1024px\" \/><\/figure>\n<\/figure>\n","protected":false},"excerpt":{"rendered":"<p>Card\u00e1pio especial, brincadeiras e apresenta\u00e7\u00f5es teatrais est\u00e3o inclu\u00eddos no cronograma da Semana das Crian\u00e7as elaborado pela Prefeitura de Pedro Leopoldo O m\u00eas de outubro \u00e9 sempre um per\u00edodo especial para a garotada e a Prefeitura de Pedro Leopoldo est\u00e1 fazendo quest\u00e3o de torn\u00e1-lo inesquec\u00edvel para as crian\u00e7as das Escolas Municipais e CEMAI\u2019s. Com um cronograma &hellip; <a href=\"https:\/\/arquivo.pedroleopoldo.mg.gov.br\/?p=23906\" class=\"more-link\">Continuar lendo <span class=\"screen-reader-text\">M\u00eas das Crian\u00e7as em Pedro Leopoldo \u00e9 celebrado com muito carinho, comida boa e divers\u00e3o nas Escolas Municipais<\/span><\/a><\/p>\n","protected":false},"author":1,"featured_media":23922,"comment_status":"closed","ping_status":"closed","sticky":false,"template":"","format":"standard","meta":{"footnotes":""},"categories":[4],"tags":[],"_links":{"self":[{"href":"https:\/\/arquivo.pedroleopoldo.mg.gov.br\/index.php?rest_route=\/wp\/v2\/posts\/23906"}],"collection":[{"href":"https:\/\/arquivo.pedroleopoldo.mg.gov.br\/index.php?rest_route=\/wp\/v2\/posts"}],"about":[{"href":"https:\/\/arquivo.pedroleopoldo.mg.gov.br\/index.php?rest_route=\/wp\/v2\/types\/post"}],"author":[{"embeddable":true,"href":"https:\/\/arquivo.pedroleopoldo.mg.gov.br\/index.php?rest_route=\/wp\/v2\/users\/1"}],"replies":[{"embeddable":true,"href":"https:\/\/arquivo.pedroleopoldo.mg.gov.br\/index.php?rest_route=%2Fwp%2Fv2%2Fcomments&post=23906"}],"version-history":[{"count":0,"href":"https:\/\/arquivo.pedroleopoldo.mg.gov.br\/index.php?rest_route=\/wp\/v2\/posts\/23906\/revisions"}],"wp:featuredmedia":[{"embeddable":true,"href":"https:\/\/arquivo.pedroleopoldo.mg.gov.br\/index.php?rest_route=\/wp\/v2\/media\/23922"}],"wp:attachment":[{"href":"https:\/\/arquivo.pedroleopoldo.mg.gov.br\/index.php?rest_route=%2Fwp%2Fv2%2Fmedia&parent=23906"}],"wp:term":[{"taxonomy":"category","embeddable":true,"href":"https:\/\/arquivo.pedroleopoldo.mg.gov.br\/index.php?rest_route=%2Fwp%2Fv2%2Fcategories&post=23906"},{"taxonomy":"post_tag","embeddable":true,"href":"https:\/\/arquivo.pedroleopoldo.mg.gov.br\/index.php?rest_route=%2Fwp%2Fv2%2Ftags&post=23906"}],"curies":[{"name":"wp","href":"https:\/\/api.w.org\/{rel}","templated":true}]}}