{"id":23799,"date":"2023-09-28T14:47:23","date_gmt":"2023-09-28T17:47:23","guid":{"rendered":"https:\/\/arquivo.pedroleopoldo.mg.gov.br\/?p=23799"},"modified":"2023-09-28T14:47:26","modified_gmt":"2023-09-28T17:47:26","slug":"prefeitura-distribui-agua-para-a-populacao-e-ira-processar-a-copasa-pelo-desabastecimento-em-pedro-leopoldo","status":"publish","type":"post","link":"https:\/\/arquivo.pedroleopoldo.mg.gov.br\/?p=23799","title":{"rendered":"Prefeitura distribui \u00e1gua para a popula\u00e7\u00e3o e ir\u00e1 processar a COPASA pelo desabastecimento em Pedro Leopoldo"},"content":{"rendered":"\n<p><em>A Prefeita Eloisa Helena e a vice Ana Paula Santos enfatizaram o empenho desde o in\u00edcio das intercorr\u00eancias. Em coletiva \u00e0 imprensa, as chefes do executivo ressaltaram que pediram a presen\u00e7a de um representante da COPASA, que n\u00e3o compareceu<\/em><\/p>\n\n\n\n<p>Desde a \u00faltima quinta-feira, 21 de setembro, uma adutora que fornece \u00e1gua para Pedro Leopoldo rompeu e interrompeu o abastecimento de \u00e1gua em alguns bairros da cidade. Desde que as intercorr\u00eancias no abastecimento de \u00e1gua se iniciaram, a Prefeitura de Pedro Leopoldo imediatamente deu in\u00edcio \u00e0s a\u00e7\u00f5es necess\u00e1rias junto a Companhia de Saneamento de Minas Gerais, a COPASA, empresa do Governo do Estado, que \u00e9 a respons\u00e1vel pelo abastecimento.<\/p>\n\n\n\n<p>J\u00e1 na sexta-feira, a adutora havia sido recuperada. Contudo, no s\u00e1bado, dia 23, a Companhia percebeu a necessidade de uma nova manuten\u00e7\u00e3o. Novamente, a Prefeitura entrou em contato com a Copasa, atrav\u00e9s da Ger\u00eancia Regional, e, de acordo com as informa\u00e7\u00f5es da empresa, o abastecimento de \u00e1gua j\u00e1 estaria acontecendo, com bairros em que a situa\u00e7\u00e3o j\u00e1 estaria regularizada, o que n\u00e3o se concretizou.&nbsp;<\/p>\n\n\n\n<p>A Prefeitura ent\u00e3o assumiu a coordena\u00e7\u00e3o mesmo n\u00e3o sendo de sua responsabilidade, j\u00e1 que, em contato direto com a Ger\u00eancia da Copasa, o \u00f3rg\u00e3o garantia diariamente que a situa\u00e7\u00e3o estaria sendo normalizada. Como a Copasa n\u00e3o cumpriu a promessa e, com o grande desejo de amenizar o sofrimento das pessoas, a Prefeitura resolveu de imediato tomar as r\u00e9deas e s\u00f3 ent\u00e3o a quest\u00e3o come\u00e7ou a melhorar de fato.<\/p>\n\n\n\n<p>Atrav\u00e9s da Defesa Civil do Munic\u00edpio, a Prefeitura distribuiu pelas ruas dos pontos mais cr\u00edticos, mais de 150 mil litros de \u00e1gua pot\u00e1vel e mineral.&nbsp;<\/p>\n\n\n\n<p><strong>Mais a\u00e7\u00f5es da Prefeitura<\/strong><\/p>\n\n\n\n<p>Al\u00e9m da imediata fiscaliza\u00e7\u00e3o do problema e solicita\u00e7\u00e3o de urg\u00eancia na solu\u00e7\u00e3o junto \u00e0 COPASA, respons\u00e1vel pelo abastecimento, a Prefeitura de prontid\u00e3o direcionou caminh\u00f5es-pipa para escolas e unidades de sa\u00fade; entregou notifica\u00e7\u00e3o oficial \u00e0 COPASA; decidiu de imediato de entrar na justi\u00e7a com uma a\u00e7\u00e3o contra a COPASA; decretou situa\u00e7\u00e3o de emerg\u00eancia t\u00e3o logo percebeu-se a inefic\u00e1cia da COPASA perante o problema, realizou entrevista coletiva junto \u00e0 imprensa para posicionar a popula\u00e7\u00e3o sobre a quest\u00e3o, tendo convidado a Ger\u00eancia Regional da Copasa que confirmou presen\u00e7a e, no entanto, n\u00e3o compareceu.<\/p>\n\n\n\n<p>Nas redes sociais os moradores tamb\u00e9m se manifestaram. \u201cParab\u00e9ns \u00e0 Prefeitura que tomou essa bela atitude, pois, sabemos que a mesma n\u00e3o tem nada a ver com o caos, e sim a COPASA. No momento que precisamos, a Prefeitura deu apoio\u201d, comentou pelas redes sociais, Joyce Karoline.<\/p>\n\n\n\n<p><strong>Indigna\u00e7\u00e3o<\/strong><\/p>\n\n\n\n<p>A Prefeita Eloisa Helena se indignou com a situa\u00e7\u00e3o e garante que continuar\u00e1 fazendo de tudo para que a Copasa nunca mais volte a fazer isto com a popula\u00e7\u00e3o. \u201cN\u00f3s, enquanto poder executivo, acabamos ficando vendidos, pois, a COPASA nos d\u00e1 uma previs\u00e3o e n\u00e3o cumpre. A popula\u00e7\u00e3o fica indignada e com raz\u00e3o. Podemos viver sem energia, mas sem \u00e1gua \u00e9 imposs\u00edvel. Iremos processar a Copasa, isso n\u00e3o vai ficar assim\u201d, se revoltou.&nbsp;<\/p>\n\n\n\n<p>A vice-prefeita, Ana Paula Santos, tamb\u00e9m demonstrou revolta com o que a COPASA fez com os mun\u00edcipes. \u201cA<strong>&nbsp;<\/strong>COPASA, que pertence ao Governo do Estado, deixou milhares de pessoas sem \u00e1gua, o que \u00e9 um absurdo, um desrespeito. A Prefeitura fez e continua fazendo tudo que est\u00e1 ao seu alcance, mesmo n\u00e3o sendo sua responsabilidade tal execu\u00e7\u00e3o. A Prefeitura j\u00e1 moveu a\u00e7\u00e3o contra a Copasa e ir\u00e1 mover mais esta e quantas forem necess\u00e1rias para que esta empresa e seus respons\u00e1veis, como o Governo do Estado, possam tomar provid\u00eancias para que isto nunca mais volte a acontecer em lugar nenhum. At\u00e9 porque n\u00e3o \u00e9 s\u00f3 Pedro Leopoldo. Quem est\u00e1 acompanhando o notici\u00e1rio est\u00e1 vendo que v\u00e1rias cidade de Minas Gerais est\u00e3o com este problema de desabastecimento\u201d, desabafou.<\/p>\n\n\n\n<p>Para encerrar, a Prefeita Eloisa garante que continuar\u00e1 trabalhando continuamente para a solu\u00e7\u00e3o do problema, mesmo que alguns, com inverdades, queiram fazer parecer ser responsabilidade da Prefeitura. \u201cN\u00f3s lamentamos que algumas pessoas, alguns ve\u00edculos de comunica\u00e7\u00e3o, poss\u00edveis candidatos e at\u00e9 pessoas que ocupam cargos eletivos, estejam usando de um momento t\u00e3o triste como este para se promoverem, ganharem algo e difamarem pessoas, pensando em elei\u00e7\u00f5es. Felizmente, as pessoas est\u00e3o percebendo isto, e a estrat\u00e9gia saiu ao contr\u00e1rio do que esperavam. Porque estamos lidando com vidas e n\u00e3o com votos\u201d, concluiu Eloisa Helena.<\/p>\n\n\n\n<figure class=\"wp-block-gallery has-nested-images columns-default is-cropped wp-block-gallery-1 is-layout-flex wp-block-gallery-is-layout-flex\">\n<figure class=\"wp-block-image size-large\"><img decoding=\"async\" loading=\"lazy\" width=\"1024\" height=\"576\" data-id=\"23803\" src=\"https:\/\/arquivo.pedroleopoldo.mg.gov.br\/wp-content\/uploads\/2023\/09\/WhatsApp-Image-2023-09-27-at-17.27.50-1-1024x576.jpeg\" alt=\"\" class=\"wp-image-23803\" srcset=\"https:\/\/arquivo.pedroleopoldo.mg.gov.br\/wp-content\/uploads\/2023\/09\/WhatsApp-Image-2023-09-27-at-17.27.50-1-1024x576.jpeg 1024w, https:\/\/arquivo.pedroleopoldo.mg.gov.br\/wp-content\/uploads\/2023\/09\/WhatsApp-Image-2023-09-27-at-17.27.50-1-300x169.jpeg 300w, https:\/\/arquivo.pedroleopoldo.mg.gov.br\/wp-content\/uploads\/2023\/09\/WhatsApp-Image-2023-09-27-at-17.27.50-1-768x432.jpeg 768w, https:\/\/arquivo.pedroleopoldo.mg.gov.br\/wp-content\/uploads\/2023\/09\/WhatsApp-Image-2023-09-27-at-17.27.50-1-1536x864.jpeg 1536w, https:\/\/arquivo.pedroleopoldo.mg.gov.br\/wp-content\/uploads\/2023\/09\/WhatsApp-Image-2023-09-27-at-17.27.50-1.jpeg 1600w\" sizes=\"(max-width: 1024px) 100vw, 1024px\" \/><\/figure>\n\n\n\n<figure class=\"wp-block-image size-large\"><img decoding=\"async\" loading=\"lazy\" width=\"1024\" height=\"576\" data-id=\"23804\" src=\"https:\/\/arquivo.pedroleopoldo.mg.gov.br\/wp-content\/uploads\/2023\/09\/WhatsApp-Image-2023-09-27-at-16.39.52-1-1024x576.jpeg\" alt=\"\" class=\"wp-image-23804\" srcset=\"https:\/\/arquivo.pedroleopoldo.mg.gov.br\/wp-content\/uploads\/2023\/09\/WhatsApp-Image-2023-09-27-at-16.39.52-1-1024x576.jpeg 1024w, https:\/\/arquivo.pedroleopoldo.mg.gov.br\/wp-content\/uploads\/2023\/09\/WhatsApp-Image-2023-09-27-at-16.39.52-1-300x169.jpeg 300w, https:\/\/arquivo.pedroleopoldo.mg.gov.br\/wp-content\/uploads\/2023\/09\/WhatsApp-Image-2023-09-27-at-16.39.52-1-768x432.jpeg 768w, https:\/\/arquivo.pedroleopoldo.mg.gov.br\/wp-content\/uploads\/2023\/09\/WhatsApp-Image-2023-09-27-at-16.39.52-1-1536x864.jpeg 1536w, https:\/\/arquivo.pedroleopoldo.mg.gov.br\/wp-content\/uploads\/2023\/09\/WhatsApp-Image-2023-09-27-at-16.39.52-1.jpeg 1600w\" sizes=\"(max-width: 1024px) 100vw, 1024px\" \/><\/figure>\n\n\n\n<figure class=\"wp-block-image size-large\"><img decoding=\"async\" loading=\"lazy\" width=\"1024\" height=\"768\" data-id=\"23801\" src=\"https:\/\/arquivo.pedroleopoldo.mg.gov.br\/wp-content\/uploads\/2023\/09\/WhatsApp-Image-2023-09-26-at-15.50.19-3-1-1024x768.jpeg\" alt=\"\" class=\"wp-image-23801\" srcset=\"https:\/\/arquivo.pedroleopoldo.mg.gov.br\/wp-content\/uploads\/2023\/09\/WhatsApp-Image-2023-09-26-at-15.50.19-3-1-1024x768.jpeg 1024w, https:\/\/arquivo.pedroleopoldo.mg.gov.br\/wp-content\/uploads\/2023\/09\/WhatsApp-Image-2023-09-26-at-15.50.19-3-1-300x225.jpeg 300w, https:\/\/arquivo.pedroleopoldo.mg.gov.br\/wp-content\/uploads\/2023\/09\/WhatsApp-Image-2023-09-26-at-15.50.19-3-1-768x576.jpeg 768w, https:\/\/arquivo.pedroleopoldo.mg.gov.br\/wp-content\/uploads\/2023\/09\/WhatsApp-Image-2023-09-26-at-15.50.19-3-1-1536x1152.jpeg 1536w, https:\/\/arquivo.pedroleopoldo.mg.gov.br\/wp-content\/uploads\/2023\/09\/WhatsApp-Image-2023-09-26-at-15.50.19-3-1.jpeg 1600w\" sizes=\"(max-width: 1024px) 100vw, 1024px\" \/><\/figure>\n\n\n\n<figure class=\"wp-block-image size-large\"><img decoding=\"async\" loading=\"lazy\" width=\"1024\" height=\"768\" data-id=\"23809\" src=\"https:\/\/arquivo.pedroleopoldo.mg.gov.br\/wp-content\/uploads\/2023\/09\/WhatsApp-Image-2023-09-26-at-15.50.19-4-1-1024x768.jpeg\" alt=\"\" class=\"wp-image-23809\" srcset=\"https:\/\/arquivo.pedroleopoldo.mg.gov.br\/wp-content\/uploads\/2023\/09\/WhatsApp-Image-2023-09-26-at-15.50.19-4-1-1024x768.jpeg 1024w, https:\/\/arquivo.pedroleopoldo.mg.gov.br\/wp-content\/uploads\/2023\/09\/WhatsApp-Image-2023-09-26-at-15.50.19-4-1-300x225.jpeg 300w, https:\/\/arquivo.pedroleopoldo.mg.gov.br\/wp-content\/uploads\/2023\/09\/WhatsApp-Image-2023-09-26-at-15.50.19-4-1-768x576.jpeg 768w, https:\/\/arquivo.pedroleopoldo.mg.gov.br\/wp-content\/uploads\/2023\/09\/WhatsApp-Image-2023-09-26-at-15.50.19-4-1-1536x1152.jpeg 1536w, https:\/\/arquivo.pedroleopoldo.mg.gov.br\/wp-content\/uploads\/2023\/09\/WhatsApp-Image-2023-09-26-at-15.50.19-4-1.jpeg 1600w\" sizes=\"(max-width: 1024px) 100vw, 1024px\" \/><\/figure>\n\n\n\n<figure class=\"wp-block-image size-large\"><img decoding=\"async\" loading=\"lazy\" width=\"1024\" height=\"576\" data-id=\"23808\" src=\"https:\/\/arquivo.pedroleopoldo.mg.gov.br\/wp-content\/uploads\/2023\/09\/WhatsApp-Image-2023-09-26-at-14.41.31-1-1024x576.jpeg\" alt=\"\" class=\"wp-image-23808\" srcset=\"https:\/\/arquivo.pedroleopoldo.mg.gov.br\/wp-content\/uploads\/2023\/09\/WhatsApp-Image-2023-09-26-at-14.41.31-1-1024x576.jpeg 1024w, https:\/\/arquivo.pedroleopoldo.mg.gov.br\/wp-content\/uploads\/2023\/09\/WhatsApp-Image-2023-09-26-at-14.41.31-1-300x169.jpeg 300w, https:\/\/arquivo.pedroleopoldo.mg.gov.br\/wp-content\/uploads\/2023\/09\/WhatsApp-Image-2023-09-26-at-14.41.31-1-768x432.jpeg 768w, https:\/\/arquivo.pedroleopoldo.mg.gov.br\/wp-content\/uploads\/2023\/09\/WhatsApp-Image-2023-09-26-at-14.41.31-1-1536x864.jpeg 1536w, https:\/\/arquivo.pedroleopoldo.mg.gov.br\/wp-content\/uploads\/2023\/09\/WhatsApp-Image-2023-09-26-at-14.41.31-1.jpeg 1600w\" sizes=\"(max-width: 1024px) 100vw, 1024px\" \/><\/figure>\n\n\n\n<figure class=\"wp-block-image size-large\"><img decoding=\"async\" loading=\"lazy\" width=\"1024\" height=\"576\" data-id=\"23806\" src=\"https:\/\/arquivo.pedroleopoldo.mg.gov.br\/wp-content\/uploads\/2023\/09\/WhatsApp-Image-2023-09-26-at-19.44.25-1-1024x576.jpeg\" alt=\"\" class=\"wp-image-23806\" srcset=\"https:\/\/arquivo.pedroleopoldo.mg.gov.br\/wp-content\/uploads\/2023\/09\/WhatsApp-Image-2023-09-26-at-19.44.25-1-1024x576.jpeg 1024w, https:\/\/arquivo.pedroleopoldo.mg.gov.br\/wp-content\/uploads\/2023\/09\/WhatsApp-Image-2023-09-26-at-19.44.25-1-300x169.jpeg 300w, https:\/\/arquivo.pedroleopoldo.mg.gov.br\/wp-content\/uploads\/2023\/09\/WhatsApp-Image-2023-09-26-at-19.44.25-1-768x432.jpeg 768w, https:\/\/arquivo.pedroleopoldo.mg.gov.br\/wp-content\/uploads\/2023\/09\/WhatsApp-Image-2023-09-26-at-19.44.25-1-1536x864.jpeg 1536w, https:\/\/arquivo.pedroleopoldo.mg.gov.br\/wp-content\/uploads\/2023\/09\/WhatsApp-Image-2023-09-26-at-19.44.25-1.jpeg 1600w\" sizes=\"(max-width: 1024px) 100vw, 1024px\" \/><\/figure>\n\n\n\n<figure class=\"wp-block-image size-large\"><img decoding=\"async\" loading=\"lazy\" width=\"1024\" height=\"768\" data-id=\"23802\" src=\"https:\/\/arquivo.pedroleopoldo.mg.gov.br\/wp-content\/uploads\/2023\/09\/WhatsApp-Image-2023-09-27-at-16.31.23-1.jpeg\" alt=\"\" class=\"wp-image-23802\" srcset=\"https:\/\/arquivo.pedroleopoldo.mg.gov.br\/wp-content\/uploads\/2023\/09\/WhatsApp-Image-2023-09-27-at-16.31.23-1.jpeg 1024w, https:\/\/arquivo.pedroleopoldo.mg.gov.br\/wp-content\/uploads\/2023\/09\/WhatsApp-Image-2023-09-27-at-16.31.23-1-300x225.jpeg 300w, https:\/\/arquivo.pedroleopoldo.mg.gov.br\/wp-content\/uploads\/2023\/09\/WhatsApp-Image-2023-09-27-at-16.31.23-1-768x576.jpeg 768w\" sizes=\"(max-width: 1024px) 100vw, 1024px\" \/><\/figure>\n\n\n\n<figure class=\"wp-block-image size-large\"><img decoding=\"async\" loading=\"lazy\" width=\"1024\" height=\"768\" data-id=\"23805\" src=\"https:\/\/arquivo.pedroleopoldo.mg.gov.br\/wp-content\/uploads\/2023\/09\/WhatsApp-Image-2023-09-27-at-15.12.08-1-1024x768.jpeg\" alt=\"\" class=\"wp-image-23805\" srcset=\"https:\/\/arquivo.pedroleopoldo.mg.gov.br\/wp-content\/uploads\/2023\/09\/WhatsApp-Image-2023-09-27-at-15.12.08-1-1024x768.jpeg 1024w, https:\/\/arquivo.pedroleopoldo.mg.gov.br\/wp-content\/uploads\/2023\/09\/WhatsApp-Image-2023-09-27-at-15.12.08-1-300x225.jpeg 300w, https:\/\/arquivo.pedroleopoldo.mg.gov.br\/wp-content\/uploads\/2023\/09\/WhatsApp-Image-2023-09-27-at-15.12.08-1-768x576.jpeg 768w, https:\/\/arquivo.pedroleopoldo.mg.gov.br\/wp-content\/uploads\/2023\/09\/WhatsApp-Image-2023-09-27-at-15.12.08-1-1536x1152.jpeg 1536w, https:\/\/arquivo.pedroleopoldo.mg.gov.br\/wp-content\/uploads\/2023\/09\/WhatsApp-Image-2023-09-27-at-15.12.08-1-2048x1536.jpeg 2048w\" sizes=\"(max-width: 1024px) 100vw, 1024px\" \/><\/figure>\n\n\n\n<figure class=\"wp-block-image size-large\"><img decoding=\"async\" loading=\"lazy\" width=\"768\" height=\"1024\" data-id=\"23800\" src=\"https:\/\/arquivo.pedroleopoldo.mg.gov.br\/wp-content\/uploads\/2023\/09\/WhatsApp-Image-2023-09-26-at-18.58.44-1-768x1024.jpeg\" alt=\"\" class=\"wp-image-23800\" srcset=\"https:\/\/arquivo.pedroleopoldo.mg.gov.br\/wp-content\/uploads\/2023\/09\/WhatsApp-Image-2023-09-26-at-18.58.44-1-768x1024.jpeg 768w, https:\/\/arquivo.pedroleopoldo.mg.gov.br\/wp-content\/uploads\/2023\/09\/WhatsApp-Image-2023-09-26-at-18.58.44-1-225x300.jpeg 225w, https:\/\/arquivo.pedroleopoldo.mg.gov.br\/wp-content\/uploads\/2023\/09\/WhatsApp-Image-2023-09-26-at-18.58.44-1-1152x1536.jpeg 1152w, https:\/\/arquivo.pedroleopoldo.mg.gov.br\/wp-content\/uploads\/2023\/09\/WhatsApp-Image-2023-09-26-at-18.58.44-1.jpeg 1200w\" sizes=\"(max-width: 768px) 100vw, 768px\" \/><\/figure>\n\n\n\n<figure class=\"wp-block-image size-large\"><img decoding=\"async\" loading=\"lazy\" width=\"1024\" height=\"768\" data-id=\"23810\" src=\"https:\/\/arquivo.pedroleopoldo.mg.gov.br\/wp-content\/uploads\/2023\/09\/WhatsApp-Image-2023-09-26-at-16.25.57-2-1024x768.jpeg\" alt=\"\" class=\"wp-image-23810\" srcset=\"https:\/\/arquivo.pedroleopoldo.mg.gov.br\/wp-content\/uploads\/2023\/09\/WhatsApp-Image-2023-09-26-at-16.25.57-2-1024x768.jpeg 1024w, https:\/\/arquivo.pedroleopoldo.mg.gov.br\/wp-content\/uploads\/2023\/09\/WhatsApp-Image-2023-09-26-at-16.25.57-2-300x225.jpeg 300w, https:\/\/arquivo.pedroleopoldo.mg.gov.br\/wp-content\/uploads\/2023\/09\/WhatsApp-Image-2023-09-26-at-16.25.57-2-768x576.jpeg 768w, https:\/\/arquivo.pedroleopoldo.mg.gov.br\/wp-content\/uploads\/2023\/09\/WhatsApp-Image-2023-09-26-at-16.25.57-2-1536x1152.jpeg 1536w, https:\/\/arquivo.pedroleopoldo.mg.gov.br\/wp-content\/uploads\/2023\/09\/WhatsApp-Image-2023-09-26-at-16.25.57-2-2048x1536.jpeg 2048w\" sizes=\"(max-width: 1024px) 100vw, 1024px\" \/><\/figure>\n<\/figure>\n","protected":false},"excerpt":{"rendered":"<p>A Prefeita Eloisa Helena e a vice Ana Paula Santos enfatizaram o empenho desde o in\u00edcio das intercorr\u00eancias. Em coletiva \u00e0 imprensa, as chefes do executivo ressaltaram que pediram a presen\u00e7a de um representante da COPASA, que n\u00e3o compareceu Desde a \u00faltima quinta-feira, 21 de setembro, uma adutora que fornece \u00e1gua para Pedro Leopoldo rompeu &hellip; <a href=\"https:\/\/arquivo.pedroleopoldo.mg.gov.br\/?p=23799\" class=\"more-link\">Continuar lendo <span class=\"screen-reader-text\">Prefeitura distribui \u00e1gua para a popula\u00e7\u00e3o e ir\u00e1 processar a COPASA pelo desabastecimento em Pedro Leopoldo<\/span><\/a><\/p>\n","protected":false},"author":1,"featured_media":23809,"comment_status":"closed","ping_status":"closed","sticky":false,"template":"","format":"standard","meta":{"footnotes":""},"categories":[4],"tags":[],"_links":{"self":[{"href":"https:\/\/arquivo.pedroleopoldo.mg.gov.br\/index.php?rest_route=\/wp\/v2\/posts\/23799"}],"collection":[{"href":"https:\/\/arquivo.pedroleopoldo.mg.gov.br\/index.php?rest_route=\/wp\/v2\/posts"}],"about":[{"href":"https:\/\/arquivo.pedroleopoldo.mg.gov.br\/index.php?rest_route=\/wp\/v2\/types\/post"}],"author":[{"embeddable":true,"href":"https:\/\/arquivo.pedroleopoldo.mg.gov.br\/index.php?rest_route=\/wp\/v2\/users\/1"}],"replies":[{"embeddable":true,"href":"https:\/\/arquivo.pedroleopoldo.mg.gov.br\/index.php?rest_route=%2Fwp%2Fv2%2Fcomments&post=23799"}],"version-history":[{"count":0,"href":"https:\/\/arquivo.pedroleopoldo.mg.gov.br\/index.php?rest_route=\/wp\/v2\/posts\/23799\/revisions"}],"wp:featuredmedia":[{"embeddable":true,"href":"https:\/\/arquivo.pedroleopoldo.mg.gov.br\/index.php?rest_route=\/wp\/v2\/media\/23809"}],"wp:attachment":[{"href":"https:\/\/arquivo.pedroleopoldo.mg.gov.br\/index.php?rest_route=%2Fwp%2Fv2%2Fmedia&parent=23799"}],"wp:term":[{"taxonomy":"category","embeddable":true,"href":"https:\/\/arquivo.pedroleopoldo.mg.gov.br\/index.php?rest_route=%2Fwp%2Fv2%2Fcategories&post=23799"},{"taxonomy":"post_tag","embeddable":true,"href":"https:\/\/arquivo.pedroleopoldo.mg.gov.br\/index.php?rest_route=%2Fwp%2Fv2%2Ftags&post=23799"}],"curies":[{"name":"wp","href":"https:\/\/api.w.org\/{rel}","templated":true}]}}