{"id":23796,"date":"2023-09-28T14:44:31","date_gmt":"2023-09-28T17:44:31","guid":{"rendered":"https:\/\/arquivo.pedroleopoldo.mg.gov.br\/?p=23796"},"modified":"2023-09-28T14:44:35","modified_gmt":"2023-09-28T17:44:35","slug":"prefeitura-de-pedro-leopoldo-e-o-1-municipio-da-regiao-a-pagar-complemento-referente-ao-piso-da-enfermagem","status":"publish","type":"post","link":"https:\/\/arquivo.pedroleopoldo.mg.gov.br\/?p=23796","title":{"rendered":"Prefeitura de Pedro Leopoldo \u00e9 o 1\u00b0 munic\u00edpio da regi\u00e3o a pagar complemento referente ao Piso da Enfermagem"},"content":{"rendered":"\n<p><em>O pagamento foi retroativo dos meses de maio, junho, julho e agosto<\/em><\/p>\n\n\n\n<p>A Prefeitura de Pedro Leopoldo, atrav\u00e9s da Secretaria Municipal de Sa\u00fade e das Chefes do Executivo, enviaram recentemente \u00e0 C\u00e2mara Municipal o Projeto de Lei para pagamento do piso da enfermagem. A Lei foi ent\u00e3o sancionada pela Prefeita Eloisa Helena, que realizou, pela atual administra\u00e7\u00e3o, o pagamento dos valores aos servidores que t\u00eam direito, referente aos meses de maio, junho, julho e agosto. \u201c\u00c9 com muita alegria que cumprimos com o compromisso de valoriza\u00e7\u00e3o dessa categoria t\u00e3o importante. Gostar\u00edamos de ter feito antes, por\u00e9m, cont\u00e1vamos com repasse do recurso do governo federal para isso\u201d, destacou Eloisa.<\/p>\n\n\n\n<p>Pedro Leopoldo \u00e9 uma das primeiras cidades da regi\u00e3o a fazer este pagamento, que \u00e9 direito da categoria. Os demais complementos ser\u00e3o pagos juntos aos sal\u00e1rios dos servidores, caso o Governo Federal repasse esses valores nos prazos condizentes ao dep\u00f3sito dos provimentos. \u201c\u00c9 um al\u00edvio receber essa not\u00edcia t\u00e3o esperada. Somos uma classe primordial na \u00e1rea da sa\u00fade, lidamos de perto, dia a dia, com os pacientes, suas necessidades, alegrias e momentos dif\u00edceis. Ou seja, estamos na linha de frente. E ter este avan\u00e7o na valoriza\u00e7\u00e3o da classe da enfermagem, \u00e9 um passo muito importante\u201d, comentou a T\u00e9cnica em Enfermagem, Camila Santos.&nbsp;<\/p>\n\n\n\n<p><strong>PAGAMENTO DOS SERVIDORES DA MATERNIDADE&nbsp;<\/strong><\/p>\n\n\n\n<p>Sobre a categoria que atende \u00e0 Maternidade, o pagamento est\u00e1 aguardando uma tramita\u00e7\u00e3o da pr\u00f3pria Maternidade, que \u00e9 uma institui\u00e7\u00e3o particular e tem especificidades distintas. Assim que a Maternidade resolver as quest\u00f5es internas de documenta\u00e7\u00e3o, a Prefeitura estar\u00e1 de prontid\u00e3o para fazer o repasse.<\/p>\n","protected":false},"excerpt":{"rendered":"<p>O pagamento foi retroativo dos meses de maio, junho, julho e agosto A Prefeitura de Pedro Leopoldo, atrav\u00e9s da Secretaria Municipal de Sa\u00fade e das Chefes do Executivo, enviaram recentemente \u00e0 C\u00e2mara Municipal o Projeto de Lei para pagamento do piso da enfermagem. A Lei foi ent\u00e3o sancionada pela Prefeita Eloisa Helena, que realizou, pela &hellip; <a href=\"https:\/\/arquivo.pedroleopoldo.mg.gov.br\/?p=23796\" class=\"more-link\">Continuar lendo <span class=\"screen-reader-text\">Prefeitura de Pedro Leopoldo \u00e9 o 1\u00b0 munic\u00edpio da regi\u00e3o a pagar complemento referente ao Piso da Enfermagem<\/span><\/a><\/p>\n","protected":false},"author":1,"featured_media":23797,"comment_status":"closed","ping_status":"closed","sticky":false,"template":"","format":"standard","meta":{"footnotes":""},"categories":[4],"tags":[],"_links":{"self":[{"href":"https:\/\/arquivo.pedroleopoldo.mg.gov.br\/index.php?rest_route=\/wp\/v2\/posts\/23796"}],"collection":[{"href":"https:\/\/arquivo.pedroleopoldo.mg.gov.br\/index.php?rest_route=\/wp\/v2\/posts"}],"about":[{"href":"https:\/\/arquivo.pedroleopoldo.mg.gov.br\/index.php?rest_route=\/wp\/v2\/types\/post"}],"author":[{"embeddable":true,"href":"https:\/\/arquivo.pedroleopoldo.mg.gov.br\/index.php?rest_route=\/wp\/v2\/users\/1"}],"replies":[{"embeddable":true,"href":"https:\/\/arquivo.pedroleopoldo.mg.gov.br\/index.php?rest_route=%2Fwp%2Fv2%2Fcomments&post=23796"}],"version-history":[{"count":0,"href":"https:\/\/arquivo.pedroleopoldo.mg.gov.br\/index.php?rest_route=\/wp\/v2\/posts\/23796\/revisions"}],"wp:featuredmedia":[{"embeddable":true,"href":"https:\/\/arquivo.pedroleopoldo.mg.gov.br\/index.php?rest_route=\/wp\/v2\/media\/23797"}],"wp:attachment":[{"href":"https:\/\/arquivo.pedroleopoldo.mg.gov.br\/index.php?rest_route=%2Fwp%2Fv2%2Fmedia&parent=23796"}],"wp:term":[{"taxonomy":"category","embeddable":true,"href":"https:\/\/arquivo.pedroleopoldo.mg.gov.br\/index.php?rest_route=%2Fwp%2Fv2%2Fcategories&post=23796"},{"taxonomy":"post_tag","embeddable":true,"href":"https:\/\/arquivo.pedroleopoldo.mg.gov.br\/index.php?rest_route=%2Fwp%2Fv2%2Ftags&post=23796"}],"curies":[{"name":"wp","href":"https:\/\/api.w.org\/{rel}","templated":true}]}}