{"id":23792,"date":"2023-09-28T14:42:03","date_gmt":"2023-09-28T17:42:03","guid":{"rendered":"https:\/\/arquivo.pedroleopoldo.mg.gov.br\/?p=23792"},"modified":"2023-09-28T14:42:12","modified_gmt":"2023-09-28T17:42:12","slug":"sine-de-pedro-leopoldo-e-destaque-na-disponibilidade-de-vagas-no-estado-de-minas-gerais","status":"publish","type":"post","link":"https:\/\/arquivo.pedroleopoldo.mg.gov.br\/?p=23792","title":{"rendered":"Sine de Pedro Leopoldo \u00e9 destaque na disponibilidade de vagas no Estado de Minas Gerais"},"content":{"rendered":"\n<p><em>O munic\u00edpio subiu para a 2\u00aa coloca\u00e7\u00e3o entre os munic\u00edpios com mais postos de trabalho, cerca de 1.300. Do total, cerca de 300 s\u00e3o para pessoas portadoras de defici\u00eancia<\/em><\/p>\n\n\n\n<p>A Prefeitura de Pedro Leopoldo n\u00e3o mede esfor\u00e7os para melhorias em todas as vertentes para os cidad\u00e3os e o desenvolvimento econ\u00f4mico com gera\u00e7\u00e3o de emprego \u00e9 uma delas. Recentemente o munic\u00edpio de Pedro Leopoldo ganhou destaque no n\u00famero de vagas abertas.&nbsp;<\/p>\n\n\n\n<p>A pasta \u00e9 administrada pela Secretaria de Governo e Desenvolvimento Econ\u00f4mico, tendo como gestor o Sr. \u00c2ngelo Tadeu Viana Pereira, e, como Gerente de Emprego, Trabalho e Renda, Josiane Aguiar, que destaca o trabalho atuante da pasta junto ao Centro de Apoio ao Cidad\u00e3o, o CEAC. \u201cFrequentemente estamos em contato com as empresas e a Associa\u00e7\u00e3o Comercial de PL, com o intuito de angariar cada dia mais oportunidades para nossa gente\u201d, destacou a Gerente.<\/p>\n\n\n\n<p>Atrav\u00e9s do Sine j\u00e1 foram promovidas nesta gest\u00e3o diversas visitas t\u00e9cnicas \u00e0s f\u00e1bricas das principais empresas da cidade, reuni\u00f5es, promo\u00e7\u00e3o de cursos de Assistente Administrativo junto ao SENAC, apoio em processos de sele\u00e7\u00e3o para empresas como Madero, Giraffas, CBSI, Precon, Haver e outras mais. Busca por cursos de capacita\u00e7\u00e3o, agendamento para treinamentos, capta\u00e7\u00e3o e divulga\u00e7\u00e3o de vagas, Sine Itinerante, parceria com a Ascapel, feiras, oficinas de empregabilidade e parceria com a Secretaria de Desenvolvimento Social s\u00e3o outros exemplos do trabalho desenvolvido nesta administra\u00e7\u00e3o.<\/p>\n\n\n\n<p>Ressalte-se que a a\u00e7\u00e3o de intermedia\u00e7\u00e3o de m\u00e3o de obra \u00e9 frequentemente associada a a\u00e7\u00f5es de orienta\u00e7\u00e3o profissional, aumentando a efetividade do processo de inclus\u00e3o social e produtiva dos trabalhadores, particularmente aqueles com maiores dificuldades de inser\u00e7\u00e3o. Trata-se de um atendimento especializado, em que o trabalhador pode contar com apoio de psic\u00f3logos, assistentes sociais ou outros profissionais que o norteiam na procura por um emprego, por cursos de qualifica\u00e7\u00e3o, por acesso a cr\u00e9dito para fomento do empreendedorismo, ou outros, atrav\u00e9s de parcerias com outras institui\u00e7\u00f5es de apoio.<\/p>\n\n\n\n<p>Um importante papel desse servi\u00e7o \u00e9 de prestar informa\u00e7\u00f5es ao trabalhador, sobre o perfil profissional exigido pelas empresas; a import\u00e2ncia da postura profissional; a necessidade de desenvolvimento pessoal e profissional cont\u00ednuo; os meios existentes para busca de emprego; documenta\u00e7\u00e3o necess\u00e1ria; ou mesmo orienta\u00e7\u00f5es sobre como elaborar um curr\u00edculo ou se portar em uma entrevista.<\/p>\n\n\n\n<p>Vale ressaltar que o Sine n\u00e3o participa dos processos de contrata\u00e7\u00e3o, sendo essa responsabilidade exclusiva das empresas que disponibilizam as vagas. O papel do Sine \u00e9 realizar a prospec\u00e7\u00e3o de vagas e encaminhar os trabalhadores para os processos de sele\u00e7\u00e3o oferecidos pelos mesmos, lembrando que a decis\u00e3o de contrata\u00e7\u00e3o \u00e9 sempre da empresa que oferta a vaga.<\/p>\n\n\n\n<p>Atualmente, o Sine de Pedro Leopoldo funciona por meio de conv\u00eanio com a SEDESE (Secretaria de Estado de Desenvolvimento de Minas Gerais) e est\u00e1 vinculado \u00e0 rec\u00e9m-criada Secretaria de Governo e Desenvolvimento Econ\u00f4mico da Prefeitura Municipal de Pedro Leopoldo. O \u00a0 Sine\u00a0 Pedro Leopoldo, opera nas instala\u00e7\u00f5es do CEAC, localizado \u00e0 Rua\u00a0 Dr. Rocha, 1167 \u2013 Centro, com funcionamento de segunda a sexta de 08 \u00e0s 16 horas.<\/p>\n\n\n\n<figure class=\"wp-block-gallery has-nested-images columns-default is-cropped wp-block-gallery-1 is-layout-flex wp-block-gallery-is-layout-flex\">\n<figure class=\"wp-block-image size-large\"><img decoding=\"async\" loading=\"lazy\" width=\"1024\" height=\"394\" data-id=\"23793\" src=\"https:\/\/arquivo.pedroleopoldo.mg.gov.br\/wp-content\/uploads\/2023\/09\/WhatsApp-Image-2023-09-05-at-15.12.48-1024x394.jpeg\" alt=\"\" class=\"wp-image-23793\" srcset=\"https:\/\/arquivo.pedroleopoldo.mg.gov.br\/wp-content\/uploads\/2023\/09\/WhatsApp-Image-2023-09-05-at-15.12.48-1024x394.jpeg 1024w, https:\/\/arquivo.pedroleopoldo.mg.gov.br\/wp-content\/uploads\/2023\/09\/WhatsApp-Image-2023-09-05-at-15.12.48-300x116.jpeg 300w, https:\/\/arquivo.pedroleopoldo.mg.gov.br\/wp-content\/uploads\/2023\/09\/WhatsApp-Image-2023-09-05-at-15.12.48-768x296.jpeg 768w, https:\/\/arquivo.pedroleopoldo.mg.gov.br\/wp-content\/uploads\/2023\/09\/WhatsApp-Image-2023-09-05-at-15.12.48-1536x591.jpeg 1536w, https:\/\/arquivo.pedroleopoldo.mg.gov.br\/wp-content\/uploads\/2023\/09\/WhatsApp-Image-2023-09-05-at-15.12.48.jpeg 1600w\" sizes=\"(max-width: 1024px) 100vw, 1024px\" \/><\/figure>\n\n\n\n<figure class=\"wp-block-image size-large\"><img decoding=\"async\" loading=\"lazy\" width=\"947\" height=\"778\" data-id=\"23794\" src=\"https:\/\/arquivo.pedroleopoldo.mg.gov.br\/wp-content\/uploads\/2023\/09\/WhatsApp-Image-2023-09-05-at-14.44.57.jpeg\" alt=\"\" class=\"wp-image-23794\" srcset=\"https:\/\/arquivo.pedroleopoldo.mg.gov.br\/wp-content\/uploads\/2023\/09\/WhatsApp-Image-2023-09-05-at-14.44.57.jpeg 947w, https:\/\/arquivo.pedroleopoldo.mg.gov.br\/wp-content\/uploads\/2023\/09\/WhatsApp-Image-2023-09-05-at-14.44.57-300x246.jpeg 300w, https:\/\/arquivo.pedroleopoldo.mg.gov.br\/wp-content\/uploads\/2023\/09\/WhatsApp-Image-2023-09-05-at-14.44.57-768x631.jpeg 768w\" sizes=\"(max-width: 947px) 100vw, 947px\" \/><\/figure>\n<\/figure>\n","protected":false},"excerpt":{"rendered":"<p>O munic\u00edpio subiu para a 2\u00aa coloca\u00e7\u00e3o entre os munic\u00edpios com mais postos de trabalho, cerca de 1.300. Do total, cerca de 300 s\u00e3o para pessoas portadoras de defici\u00eancia A Prefeitura de Pedro Leopoldo n\u00e3o mede esfor\u00e7os para melhorias em todas as vertentes para os cidad\u00e3os e o desenvolvimento econ\u00f4mico com gera\u00e7\u00e3o de emprego \u00e9 &hellip; <a href=\"https:\/\/arquivo.pedroleopoldo.mg.gov.br\/?p=23792\" class=\"more-link\">Continuar lendo <span class=\"screen-reader-text\">Sine de Pedro Leopoldo \u00e9 destaque na disponibilidade de vagas no Estado de Minas Gerais<\/span><\/a><\/p>\n","protected":false},"author":1,"featured_media":23793,"comment_status":"closed","ping_status":"closed","sticky":false,"template":"","format":"standard","meta":{"footnotes":""},"categories":[4],"tags":[],"_links":{"self":[{"href":"https:\/\/arquivo.pedroleopoldo.mg.gov.br\/index.php?rest_route=\/wp\/v2\/posts\/23792"}],"collection":[{"href":"https:\/\/arquivo.pedroleopoldo.mg.gov.br\/index.php?rest_route=\/wp\/v2\/posts"}],"about":[{"href":"https:\/\/arquivo.pedroleopoldo.mg.gov.br\/index.php?rest_route=\/wp\/v2\/types\/post"}],"author":[{"embeddable":true,"href":"https:\/\/arquivo.pedroleopoldo.mg.gov.br\/index.php?rest_route=\/wp\/v2\/users\/1"}],"replies":[{"embeddable":true,"href":"https:\/\/arquivo.pedroleopoldo.mg.gov.br\/index.php?rest_route=%2Fwp%2Fv2%2Fcomments&post=23792"}],"version-history":[{"count":0,"href":"https:\/\/arquivo.pedroleopoldo.mg.gov.br\/index.php?rest_route=\/wp\/v2\/posts\/23792\/revisions"}],"wp:featuredmedia":[{"embeddable":true,"href":"https:\/\/arquivo.pedroleopoldo.mg.gov.br\/index.php?rest_route=\/wp\/v2\/media\/23793"}],"wp:attachment":[{"href":"https:\/\/arquivo.pedroleopoldo.mg.gov.br\/index.php?rest_route=%2Fwp%2Fv2%2Fmedia&parent=23792"}],"wp:term":[{"taxonomy":"category","embeddable":true,"href":"https:\/\/arquivo.pedroleopoldo.mg.gov.br\/index.php?rest_route=%2Fwp%2Fv2%2Fcategories&post=23792"},{"taxonomy":"post_tag","embeddable":true,"href":"https:\/\/arquivo.pedroleopoldo.mg.gov.br\/index.php?rest_route=%2Fwp%2Fv2%2Ftags&post=23792"}],"curies":[{"name":"wp","href":"https:\/\/api.w.org\/{rel}","templated":true}]}}