{"id":23785,"date":"2023-09-28T14:39:56","date_gmt":"2023-09-28T17:39:56","guid":{"rendered":"https:\/\/arquivo.pedroleopoldo.mg.gov.br\/?p=23785"},"modified":"2023-09-28T14:40:00","modified_gmt":"2023-09-28T17:40:00","slug":"prefeitura-de-pedro-leopoldo-promove-3a-semana-da-inclusao","status":"publish","type":"post","link":"https:\/\/arquivo.pedroleopoldo.mg.gov.br\/?p=23785","title":{"rendered":"Prefeitura de Pedro Leopoldo promove 3\u00aa Semana da Inclus\u00e3o"},"content":{"rendered":"\n<p><em>A novidade deste ano foi a assinatura do Decreto N\u00b0 2.244 pela prefeita Eloisa, que institui oficialmente a Semana da Inclus\u00e3o no calend\u00e1rio municipal de Pedro Leopoldo<\/em><\/p>\n\n\n\n<p>Nesta quarta-feira, 20 de setembro, a Prefeitura de Pedro Leopoldo inaugurou a 3\u00aa edi\u00e7\u00e3o da Semana da Inclus\u00e3o, na Escola Municipal S\u00e3o Jos\u00e9, com uma s\u00e9rie de apresenta\u00e7\u00f5es art\u00edsticas protagonizadas por alunos da rede municipal. A semana tem como prop\u00f3sito valorizar as boas pr\u00e1ticas inovadoras em cada institui\u00e7\u00e3o ao longo do ano e compartilhar experi\u00eancias enriquecedoras. A Prefeitura de Pedro Leopoldo, por meio da Secretaria de Educa\u00e7\u00e3o, est\u00e1 \u00e0 frente de uma iniciativa exemplar no campo da educa\u00e7\u00e3o inclusiva. Com o objetivo de promover ainda mais a inclus\u00e3o, a equipe do N\u00facleo de Atendimento Pedag\u00f3gico Especializado, o NAPE, atua incansavelmente, fortalecendo os la\u00e7os entre escolas e demais equipamentos p\u00fablicos da cidade.&nbsp;<\/p>\n\n\n\n<p>A atua\u00e7\u00e3o di\u00e1ria \u00e9 para fortalecer a educa\u00e7\u00e3o inclusiva no munic\u00edpio, sendo uma das maneiras de fortalecer a equipe do NAPE, composta por professores, psic\u00f3logos e especialistas em educa\u00e7\u00e3o. Eles realizam plant\u00f5es de atendimento junto \u00e0s institui\u00e7\u00f5es escolares e articulam a\u00e7\u00f5es com entidades como CRAS, CREAS, CRER-SER e Conselho Tutelar. Al\u00e9m disso, \u00e9 ofertado apoio \u00e0s institui\u00e7\u00f5es escolares municipais, auxiliando na constru\u00e7\u00e3o do Plano de Desenvolvimento Individual dos alunos, bem como oferta de atividades educacionais.<\/p>\n\n\n\n<p>O NAPE, atrav\u00e9s da Prefeitura, oferece 05 Salas de Recursos Multifuncionais, capazes de atender individualmente at\u00e9 160 alunos. Desde sua cria\u00e7\u00e3o, em 2021, o NAPE vem promovendo a conscientiza\u00e7\u00e3o dos profissionais da educa\u00e7\u00e3o sobre a import\u00e2ncia da inclus\u00e3o.&nbsp;<\/p>\n\n\n\n<p>Al\u00e9m disso, o evento contou com a presen\u00e7a das professoras das Salas de Recursos, que abrilhantaram a ocasi\u00e3o com exposi\u00e7\u00f5es de atividades e estrat\u00e9gias desenvolvidas no \u00e2mbito do Atendimento Educacional Especializado (AEE). As obras da autora M\u00e1rcia Olandim, da cole\u00e7\u00e3o &#8220;Fala pra mim &#8211; Inclus\u00e3o&#8221;, serviram de inspira\u00e7\u00e3o para o movimento de inclus\u00e3o com amor e boas pr\u00e1ticas.<\/p>\n\n\n\n<p>A grande novidade deste ano foi a assinatura do Decreto N\u00b02.244 pela Prefeita, Eloisa Helena, que institui oficialmente a Semana da Inclus\u00e3o no calend\u00e1rio municipal de Pedro Leopoldo. Esse marco demonstra o compromisso da administra\u00e7\u00e3o municipal em promover a inclus\u00e3o de forma cont\u00ednua e reconhecida.<\/p>\n\n\n\n<p>A Semana da Inclus\u00e3o continuar\u00e1 em todas as institui\u00e7\u00f5es escolares municipais ao longo desta semana, reafirmando o compromisso de Pedro Leopoldo com a educa\u00e7\u00e3o inclusiva e de qualidade para todos os seus alunos.<\/p>\n\n\n\n<figure class=\"wp-block-gallery has-nested-images columns-default is-cropped wp-block-gallery-1 is-layout-flex wp-block-gallery-is-layout-flex\">\n<figure class=\"wp-block-image size-large\"><img decoding=\"async\" loading=\"lazy\" width=\"1024\" height=\"768\" data-id=\"23786\" src=\"https:\/\/arquivo.pedroleopoldo.mg.gov.br\/wp-content\/uploads\/2023\/09\/WhatsApp-Image-2023-09-21-at-12.37.18-1024x768.jpeg\" alt=\"\" class=\"wp-image-23786\" srcset=\"https:\/\/arquivo.pedroleopoldo.mg.gov.br\/wp-content\/uploads\/2023\/09\/WhatsApp-Image-2023-09-21-at-12.37.18-1024x768.jpeg 1024w, https:\/\/arquivo.pedroleopoldo.mg.gov.br\/wp-content\/uploads\/2023\/09\/WhatsApp-Image-2023-09-21-at-12.37.18-300x225.jpeg 300w, https:\/\/arquivo.pedroleopoldo.mg.gov.br\/wp-content\/uploads\/2023\/09\/WhatsApp-Image-2023-09-21-at-12.37.18-768x576.jpeg 768w, https:\/\/arquivo.pedroleopoldo.mg.gov.br\/wp-content\/uploads\/2023\/09\/WhatsApp-Image-2023-09-21-at-12.37.18-1536x1152.jpeg 1536w, https:\/\/arquivo.pedroleopoldo.mg.gov.br\/wp-content\/uploads\/2023\/09\/WhatsApp-Image-2023-09-21-at-12.37.18-2048x1536.jpeg 2048w\" sizes=\"(max-width: 1024px) 100vw, 1024px\" \/><\/figure>\n\n\n\n<figure class=\"wp-block-image size-large\"><img decoding=\"async\" loading=\"lazy\" width=\"1024\" height=\"768\" data-id=\"23789\" src=\"https:\/\/arquivo.pedroleopoldo.mg.gov.br\/wp-content\/uploads\/2023\/09\/WhatsApp-Image-2023-09-21-at-12.37.17-1024x768.jpeg\" alt=\"\" class=\"wp-image-23789\" srcset=\"https:\/\/arquivo.pedroleopoldo.mg.gov.br\/wp-content\/uploads\/2023\/09\/WhatsApp-Image-2023-09-21-at-12.37.17-1024x768.jpeg 1024w, https:\/\/arquivo.pedroleopoldo.mg.gov.br\/wp-content\/uploads\/2023\/09\/WhatsApp-Image-2023-09-21-at-12.37.17-300x225.jpeg 300w, https:\/\/arquivo.pedroleopoldo.mg.gov.br\/wp-content\/uploads\/2023\/09\/WhatsApp-Image-2023-09-21-at-12.37.17-768x576.jpeg 768w, https:\/\/arquivo.pedroleopoldo.mg.gov.br\/wp-content\/uploads\/2023\/09\/WhatsApp-Image-2023-09-21-at-12.37.17-1536x1152.jpeg 1536w, https:\/\/arquivo.pedroleopoldo.mg.gov.br\/wp-content\/uploads\/2023\/09\/WhatsApp-Image-2023-09-21-at-12.37.17-2048x1536.jpeg 2048w\" sizes=\"(max-width: 1024px) 100vw, 1024px\" \/><\/figure>\n\n\n\n<figure class=\"wp-block-image size-large\"><img decoding=\"async\" loading=\"lazy\" width=\"1024\" height=\"768\" data-id=\"23788\" src=\"https:\/\/arquivo.pedroleopoldo.mg.gov.br\/wp-content\/uploads\/2023\/09\/WhatsApp-Image-2023-09-21-at-12.37.17-1-1024x768.jpeg\" alt=\"\" class=\"wp-image-23788\" srcset=\"https:\/\/arquivo.pedroleopoldo.mg.gov.br\/wp-content\/uploads\/2023\/09\/WhatsApp-Image-2023-09-21-at-12.37.17-1-1024x768.jpeg 1024w, https:\/\/arquivo.pedroleopoldo.mg.gov.br\/wp-content\/uploads\/2023\/09\/WhatsApp-Image-2023-09-21-at-12.37.17-1-300x225.jpeg 300w, https:\/\/arquivo.pedroleopoldo.mg.gov.br\/wp-content\/uploads\/2023\/09\/WhatsApp-Image-2023-09-21-at-12.37.17-1-768x576.jpeg 768w, https:\/\/arquivo.pedroleopoldo.mg.gov.br\/wp-content\/uploads\/2023\/09\/WhatsApp-Image-2023-09-21-at-12.37.17-1-1536x1152.jpeg 1536w, https:\/\/arquivo.pedroleopoldo.mg.gov.br\/wp-content\/uploads\/2023\/09\/WhatsApp-Image-2023-09-21-at-12.37.17-1-2048x1536.jpeg 2048w\" sizes=\"(max-width: 1024px) 100vw, 1024px\" \/><\/figure>\n\n\n\n<figure class=\"wp-block-image size-large\"><img decoding=\"async\" loading=\"lazy\" width=\"1024\" height=\"768\" data-id=\"23787\" src=\"https:\/\/arquivo.pedroleopoldo.mg.gov.br\/wp-content\/uploads\/2023\/09\/WhatsApp-Image-2023-09-21-at-12.37.17-2-1024x768.jpeg\" alt=\"\" class=\"wp-image-23787\" srcset=\"https:\/\/arquivo.pedroleopoldo.mg.gov.br\/wp-content\/uploads\/2023\/09\/WhatsApp-Image-2023-09-21-at-12.37.17-2-1024x768.jpeg 1024w, https:\/\/arquivo.pedroleopoldo.mg.gov.br\/wp-content\/uploads\/2023\/09\/WhatsApp-Image-2023-09-21-at-12.37.17-2-300x225.jpeg 300w, https:\/\/arquivo.pedroleopoldo.mg.gov.br\/wp-content\/uploads\/2023\/09\/WhatsApp-Image-2023-09-21-at-12.37.17-2-768x576.jpeg 768w, https:\/\/arquivo.pedroleopoldo.mg.gov.br\/wp-content\/uploads\/2023\/09\/WhatsApp-Image-2023-09-21-at-12.37.17-2-1536x1152.jpeg 1536w, https:\/\/arquivo.pedroleopoldo.mg.gov.br\/wp-content\/uploads\/2023\/09\/WhatsApp-Image-2023-09-21-at-12.37.17-2-2048x1536.jpeg 2048w\" sizes=\"(max-width: 1024px) 100vw, 1024px\" \/><\/figure>\n\n\n\n<figure class=\"wp-block-image size-large\"><img decoding=\"async\" loading=\"lazy\" width=\"1024\" height=\"768\" data-id=\"23790\" src=\"https:\/\/arquivo.pedroleopoldo.mg.gov.br\/wp-content\/uploads\/2023\/09\/WhatsApp-Image-2023-09-21-at-12.37.17-3-1024x768.jpeg\" alt=\"\" class=\"wp-image-23790\" srcset=\"https:\/\/arquivo.pedroleopoldo.mg.gov.br\/wp-content\/uploads\/2023\/09\/WhatsApp-Image-2023-09-21-at-12.37.17-3-1024x768.jpeg 1024w, https:\/\/arquivo.pedroleopoldo.mg.gov.br\/wp-content\/uploads\/2023\/09\/WhatsApp-Image-2023-09-21-at-12.37.17-3-300x225.jpeg 300w, https:\/\/arquivo.pedroleopoldo.mg.gov.br\/wp-content\/uploads\/2023\/09\/WhatsApp-Image-2023-09-21-at-12.37.17-3-768x576.jpeg 768w, https:\/\/arquivo.pedroleopoldo.mg.gov.br\/wp-content\/uploads\/2023\/09\/WhatsApp-Image-2023-09-21-at-12.37.17-3-1536x1152.jpeg 1536w, https:\/\/arquivo.pedroleopoldo.mg.gov.br\/wp-content\/uploads\/2023\/09\/WhatsApp-Image-2023-09-21-at-12.37.17-3-2048x1536.jpeg 2048w\" sizes=\"(max-width: 1024px) 100vw, 1024px\" \/><\/figure>\n<\/figure>\n","protected":false},"excerpt":{"rendered":"<p>A novidade deste ano foi a assinatura do Decreto N\u00b0 2.244 pela prefeita Eloisa, que institui oficialmente a Semana da Inclus\u00e3o no calend\u00e1rio municipal de Pedro Leopoldo Nesta quarta-feira, 20 de setembro, a Prefeitura de Pedro Leopoldo inaugurou a 3\u00aa edi\u00e7\u00e3o da Semana da Inclus\u00e3o, na Escola Municipal S\u00e3o Jos\u00e9, com uma s\u00e9rie de apresenta\u00e7\u00f5es &hellip; <a href=\"https:\/\/arquivo.pedroleopoldo.mg.gov.br\/?p=23785\" class=\"more-link\">Continuar lendo <span class=\"screen-reader-text\">Prefeitura de Pedro Leopoldo promove 3\u00aa Semana da Inclus\u00e3o<\/span><\/a><\/p>\n","protected":false},"author":1,"featured_media":23787,"comment_status":"closed","ping_status":"closed","sticky":false,"template":"","format":"standard","meta":{"footnotes":""},"categories":[4],"tags":[],"_links":{"self":[{"href":"https:\/\/arquivo.pedroleopoldo.mg.gov.br\/index.php?rest_route=\/wp\/v2\/posts\/23785"}],"collection":[{"href":"https:\/\/arquivo.pedroleopoldo.mg.gov.br\/index.php?rest_route=\/wp\/v2\/posts"}],"about":[{"href":"https:\/\/arquivo.pedroleopoldo.mg.gov.br\/index.php?rest_route=\/wp\/v2\/types\/post"}],"author":[{"embeddable":true,"href":"https:\/\/arquivo.pedroleopoldo.mg.gov.br\/index.php?rest_route=\/wp\/v2\/users\/1"}],"replies":[{"embeddable":true,"href":"https:\/\/arquivo.pedroleopoldo.mg.gov.br\/index.php?rest_route=%2Fwp%2Fv2%2Fcomments&post=23785"}],"version-history":[{"count":0,"href":"https:\/\/arquivo.pedroleopoldo.mg.gov.br\/index.php?rest_route=\/wp\/v2\/posts\/23785\/revisions"}],"wp:featuredmedia":[{"embeddable":true,"href":"https:\/\/arquivo.pedroleopoldo.mg.gov.br\/index.php?rest_route=\/wp\/v2\/media\/23787"}],"wp:attachment":[{"href":"https:\/\/arquivo.pedroleopoldo.mg.gov.br\/index.php?rest_route=%2Fwp%2Fv2%2Fmedia&parent=23785"}],"wp:term":[{"taxonomy":"category","embeddable":true,"href":"https:\/\/arquivo.pedroleopoldo.mg.gov.br\/index.php?rest_route=%2Fwp%2Fv2%2Fcategories&post=23785"},{"taxonomy":"post_tag","embeddable":true,"href":"https:\/\/arquivo.pedroleopoldo.mg.gov.br\/index.php?rest_route=%2Fwp%2Fv2%2Ftags&post=23785"}],"curies":[{"name":"wp","href":"https:\/\/api.w.org\/{rel}","templated":true}]}}