{"id":23773,"date":"2023-09-28T14:32:24","date_gmt":"2023-09-28T17:32:24","guid":{"rendered":"https:\/\/arquivo.pedroleopoldo.mg.gov.br\/?p=23773"},"modified":"2023-09-28T14:32:29","modified_gmt":"2023-09-28T17:32:29","slug":"praca-jaci-viana-e-revitalizada-e-entregue-a-comunidade-do-bairro-dom-camilo","status":"publish","type":"post","link":"https:\/\/arquivo.pedroleopoldo.mg.gov.br\/?p=23773","title":{"rendered":"Pra\u00e7a Jaci Viana \u00e9 revitalizada e entregue \u00e0 comunidade do bairro Dom Camilo"},"content":{"rendered":"\n<p><em>Um espa\u00e7o novo e aconchegante trouxe mais beleza para o ponto de conviv\u00eancia. Outras pra\u00e7as tamb\u00e9m est\u00e3o sendo revitalizadas pela atual gest\u00e3o<\/em><\/p>\n\n\n\n<p>A Prefeitura de Pedro Leopoldo, por meio da Secretaria de Obras e Servi\u00e7os P\u00fablicos, entregou no \u00faltimo s\u00e1bado, 16 de outubro, mais uma pra\u00e7a revitalizada no munic\u00edpio. Desta vez foi a vez da pra\u00e7a Jaci Viana, que fica no bairro Dom Camilo, receber as melhorias. O trabalho teve como objetivo proporcionar um espa\u00e7o mais agrad\u00e1vel e seguro para quem frequenta o local. Nova pintura, ilumina\u00e7\u00e3o de led, parquinhos, novo paisagismo e espa\u00e7o de conviv\u00eancia fazem parte da nova estrutura da pra\u00e7a.<\/p>\n\n\n\n<p>Diversas outras pra\u00e7as est\u00e3o ganhando vida nova e nosso munic\u00edpio vem se transformando em um lugar cada vez mais agrad\u00e1vel de se viver! A cidade toda est\u00e1 recebendo aquele trato da Secretaria de Obras e as melhorias est\u00e3o acontecendo de norte a sul de Pedro Leopoldo.<\/p>\n\n\n\n<p>Outras que receberam recentemente as melhorias foram as pra\u00e7as do Bairro S\u00f4nia Romanelli e de Ferreiras. Na Pra\u00e7a Artur Malloy foi feita a pintura dos brinquedos e dos meios-fios, prepara\u00e7\u00e3o para o paisagismo e implanta\u00e7\u00e3o de mesa de conviv\u00eancia. J\u00e1 em Ferreiras a Pra\u00e7a recebeu paisagismo completo e limpeza geral. Nos pr\u00f3ximos dias ela passar\u00e1 tamb\u00e9m por pintura de meios-fios e dos bancos.\u00a0<\/p>\n\n\n\n<figure class=\"wp-block-gallery has-nested-images columns-default is-cropped wp-block-gallery-1 is-layout-flex wp-block-gallery-is-layout-flex\">\n<figure class=\"wp-block-image size-large\"><img decoding=\"async\" loading=\"lazy\" width=\"1024\" height=\"750\" data-id=\"23775\" src=\"https:\/\/arquivo.pedroleopoldo.mg.gov.br\/wp-content\/uploads\/2023\/09\/WhatsApp-Image-2023-09-20-at-15.43.50.jpeg\" alt=\"\" class=\"wp-image-23775\" srcset=\"https:\/\/arquivo.pedroleopoldo.mg.gov.br\/wp-content\/uploads\/2023\/09\/WhatsApp-Image-2023-09-20-at-15.43.50.jpeg 1024w, https:\/\/arquivo.pedroleopoldo.mg.gov.br\/wp-content\/uploads\/2023\/09\/WhatsApp-Image-2023-09-20-at-15.43.50-300x220.jpeg 300w, https:\/\/arquivo.pedroleopoldo.mg.gov.br\/wp-content\/uploads\/2023\/09\/WhatsApp-Image-2023-09-20-at-15.43.50-768x563.jpeg 768w\" sizes=\"(max-width: 1024px) 100vw, 1024px\" \/><\/figure>\n\n\n\n<figure class=\"wp-block-image size-large\"><img decoding=\"async\" loading=\"lazy\" width=\"1024\" height=\"759\" data-id=\"23774\" src=\"https:\/\/arquivo.pedroleopoldo.mg.gov.br\/wp-content\/uploads\/2023\/09\/WhatsApp-Image-2023-09-20-at-15.43.50-1.jpeg\" alt=\"\" class=\"wp-image-23774\" srcset=\"https:\/\/arquivo.pedroleopoldo.mg.gov.br\/wp-content\/uploads\/2023\/09\/WhatsApp-Image-2023-09-20-at-15.43.50-1.jpeg 1024w, https:\/\/arquivo.pedroleopoldo.mg.gov.br\/wp-content\/uploads\/2023\/09\/WhatsApp-Image-2023-09-20-at-15.43.50-1-300x222.jpeg 300w, https:\/\/arquivo.pedroleopoldo.mg.gov.br\/wp-content\/uploads\/2023\/09\/WhatsApp-Image-2023-09-20-at-15.43.50-1-768x569.jpeg 768w\" sizes=\"(max-width: 1024px) 100vw, 1024px\" \/><\/figure>\n<\/figure>\n","protected":false},"excerpt":{"rendered":"<p>Um espa\u00e7o novo e aconchegante trouxe mais beleza para o ponto de conviv\u00eancia. Outras pra\u00e7as tamb\u00e9m est\u00e3o sendo revitalizadas pela atual gest\u00e3o A Prefeitura de Pedro Leopoldo, por meio da Secretaria de Obras e Servi\u00e7os P\u00fablicos, entregou no \u00faltimo s\u00e1bado, 16 de outubro, mais uma pra\u00e7a revitalizada no munic\u00edpio. Desta vez foi a vez da &hellip; <a href=\"https:\/\/arquivo.pedroleopoldo.mg.gov.br\/?p=23773\" class=\"more-link\">Continuar lendo <span class=\"screen-reader-text\">Pra\u00e7a Jaci Viana \u00e9 revitalizada e entregue \u00e0 comunidade do bairro Dom Camilo<\/span><\/a><\/p>\n","protected":false},"author":1,"featured_media":23775,"comment_status":"closed","ping_status":"closed","sticky":false,"template":"","format":"standard","meta":{"footnotes":""},"categories":[4],"tags":[],"_links":{"self":[{"href":"https:\/\/arquivo.pedroleopoldo.mg.gov.br\/index.php?rest_route=\/wp\/v2\/posts\/23773"}],"collection":[{"href":"https:\/\/arquivo.pedroleopoldo.mg.gov.br\/index.php?rest_route=\/wp\/v2\/posts"}],"about":[{"href":"https:\/\/arquivo.pedroleopoldo.mg.gov.br\/index.php?rest_route=\/wp\/v2\/types\/post"}],"author":[{"embeddable":true,"href":"https:\/\/arquivo.pedroleopoldo.mg.gov.br\/index.php?rest_route=\/wp\/v2\/users\/1"}],"replies":[{"embeddable":true,"href":"https:\/\/arquivo.pedroleopoldo.mg.gov.br\/index.php?rest_route=%2Fwp%2Fv2%2Fcomments&post=23773"}],"version-history":[{"count":0,"href":"https:\/\/arquivo.pedroleopoldo.mg.gov.br\/index.php?rest_route=\/wp\/v2\/posts\/23773\/revisions"}],"wp:featuredmedia":[{"embeddable":true,"href":"https:\/\/arquivo.pedroleopoldo.mg.gov.br\/index.php?rest_route=\/wp\/v2\/media\/23775"}],"wp:attachment":[{"href":"https:\/\/arquivo.pedroleopoldo.mg.gov.br\/index.php?rest_route=%2Fwp%2Fv2%2Fmedia&parent=23773"}],"wp:term":[{"taxonomy":"category","embeddable":true,"href":"https:\/\/arquivo.pedroleopoldo.mg.gov.br\/index.php?rest_route=%2Fwp%2Fv2%2Fcategories&post=23773"},{"taxonomy":"post_tag","embeddable":true,"href":"https:\/\/arquivo.pedroleopoldo.mg.gov.br\/index.php?rest_route=%2Fwp%2Fv2%2Ftags&post=23773"}],"curies":[{"name":"wp","href":"https:\/\/api.w.org\/{rel}","templated":true}]}}