{"id":23765,"date":"2023-09-28T14:30:33","date_gmt":"2023-09-28T17:30:33","guid":{"rendered":"https:\/\/arquivo.pedroleopoldo.mg.gov.br\/?p=23765"},"modified":"2023-09-28T14:30:37","modified_gmt":"2023-09-28T17:30:37","slug":"pedro-leopoldo-celebra-a-diversidade-e-a-cultura-rumo-aos-100-anos","status":"publish","type":"post","link":"https:\/\/arquivo.pedroleopoldo.mg.gov.br\/?p=23765","title":{"rendered":"Pedro Leopoldo celebra a diversidade e a cultura rumo aos 100 Anos"},"content":{"rendered":"\n<p>No \u00faltimo fim de semana, Pedro Leopoldo declarou mais uma vez seu compromisso com a diversidade, a inclus\u00e3o e a cultura em eventos que marcaram a trajet\u00f3ria da cidade rumo ao seu centen\u00e1rio. A Prefeitura vem investindo constantemente em iniciativas que promovam o respeito e o fomento \u00e0 cultura em todas as suas formas.<\/p>\n\n\n\n<p>Batalha de MCs: Celebrando a Cultura do Rap<\/p>\n\n\n\n<p>No dia 15 de setembro, a Pra\u00e7a da Prefeitura foi palco da prestigiada &#8220;Batalha de MCs&#8221;, um evento que fez parte das comemora\u00e7\u00f5es do &#8220;PL Rumo aos 100 Anos&#8221;. A competi\u00e7\u00e3o reuniu talentosos participantes que demonstraram suas habilidades na rima, celebrando a cultura do rap. A pra\u00e7a estava repleta de espectadores empolgados, testemunhando momentos incr\u00edveis de criatividade e express\u00e3o art\u00edstica.<\/p>\n\n\n\n<p>Os tr\u00eas primeiros apresentados foram homenageados com trof\u00e9us e a vibra\u00e7\u00e3o do p\u00fablico demonstrou o apoio da comunidade ao rap local. \u201cEste evento ressalta o compromisso de Pedro Leopoldo em valorizar a cultura em todas as suas vertentes, tornando-se um local que acolhe e promove a express\u00e3o art\u00edstica de sua popula\u00e7\u00e3o. Parab\u00e9ns a todos os participantes por enriquecerem nossa cidade com sua arte\u201d, destacou a Secret\u00e1ria de Cultura, Patr\u00edcia Rafael.<\/p>\n\n\n\n<p>5\u00aa Parada do Orgulho LGBTQIA+: Abra\u00e7ando a Diversidade<\/p>\n\n\n\n<p>No domingo, 17 de setembro, a cidade se uniu para a 5\u00aa Parada do Orgulho LGBTQIA+ de Pedro Leopoldo, mais um exemplo do compromisso com a diversidade e a inclus\u00e3o. O evento \u00e9 realizado pelo Grupo Diversidade e contou com o apoio da Prefeitura de Pedro Leopoldo, que acredita que a constru\u00e7\u00e3o de uma sociedade mais justa e igualit\u00e1ria passa pelo acolhimento e pela participa\u00e7\u00e3o ativa nessa alian\u00e7a.<\/p>\n\n\n\n<p>A Parada do Orgulho LGBTQIA+ foi, sobretudo, um momento de conscientiza\u00e7\u00e3o sobre a promo\u00e7\u00e3o da igualdade de direitos para todos os cidad\u00e3os. \u201cPedro Leopoldo est\u00e1 no caminho certo para os seus 100 anos, abra\u00e7ando a diversidade e o respeito, celebrando a cultura e o amor em todas as suas formas. Quem nos conhece sabe que tanto eu, como a Prefeita Eloisa, sempre estivemos comprometidas em promover uma comunidade onde todas as vozes sejam ouvidas e todos se sintam respeitados e valorizados. Aproveito para parabenizar os organizadores, realizadores e apoiadores deste evento\u201d, disse a vice-prefeita Ana Paula Santos.<\/p>\n\n\n\n<p>Outros eventos ser\u00e3o realizados em comemora\u00e7\u00e3o aos 100 anos da cidade. Fique ligado!<\/p>\n\n\n\n<figure class=\"wp-block-gallery has-nested-images columns-default is-cropped wp-block-gallery-1 is-layout-flex wp-block-gallery-is-layout-flex\">\n<figure class=\"wp-block-image size-large\"><img decoding=\"async\" loading=\"lazy\" width=\"1024\" height=\"768\" data-id=\"23769\" src=\"https:\/\/arquivo.pedroleopoldo.mg.gov.br\/wp-content\/uploads\/2023\/09\/WhatsApp-Image-2023-09-20-at-15.29.00-1024x768.jpeg\" alt=\"\" class=\"wp-image-23769\" srcset=\"https:\/\/arquivo.pedroleopoldo.mg.gov.br\/wp-content\/uploads\/2023\/09\/WhatsApp-Image-2023-09-20-at-15.29.00-1024x768.jpeg 1024w, https:\/\/arquivo.pedroleopoldo.mg.gov.br\/wp-content\/uploads\/2023\/09\/WhatsApp-Image-2023-09-20-at-15.29.00-300x225.jpeg 300w, https:\/\/arquivo.pedroleopoldo.mg.gov.br\/wp-content\/uploads\/2023\/09\/WhatsApp-Image-2023-09-20-at-15.29.00-768x576.jpeg 768w, https:\/\/arquivo.pedroleopoldo.mg.gov.br\/wp-content\/uploads\/2023\/09\/WhatsApp-Image-2023-09-20-at-15.29.00-1536x1152.jpeg 1536w, https:\/\/arquivo.pedroleopoldo.mg.gov.br\/wp-content\/uploads\/2023\/09\/WhatsApp-Image-2023-09-20-at-15.29.00-2048x1536.jpeg 2048w\" sizes=\"(max-width: 1024px) 100vw, 1024px\" \/><\/figure>\n\n\n\n<figure class=\"wp-block-image size-large\"><img decoding=\"async\" loading=\"lazy\" width=\"1024\" height=\"768\" data-id=\"23770\" src=\"https:\/\/arquivo.pedroleopoldo.mg.gov.br\/wp-content\/uploads\/2023\/09\/WhatsApp-Image-2023-09-20-at-15.29.00-1-1024x768.jpeg\" alt=\"\" class=\"wp-image-23770\" srcset=\"https:\/\/arquivo.pedroleopoldo.mg.gov.br\/wp-content\/uploads\/2023\/09\/WhatsApp-Image-2023-09-20-at-15.29.00-1-1024x768.jpeg 1024w, https:\/\/arquivo.pedroleopoldo.mg.gov.br\/wp-content\/uploads\/2023\/09\/WhatsApp-Image-2023-09-20-at-15.29.00-1-300x225.jpeg 300w, https:\/\/arquivo.pedroleopoldo.mg.gov.br\/wp-content\/uploads\/2023\/09\/WhatsApp-Image-2023-09-20-at-15.29.00-1-768x576.jpeg 768w, https:\/\/arquivo.pedroleopoldo.mg.gov.br\/wp-content\/uploads\/2023\/09\/WhatsApp-Image-2023-09-20-at-15.29.00-1-1536x1152.jpeg 1536w, https:\/\/arquivo.pedroleopoldo.mg.gov.br\/wp-content\/uploads\/2023\/09\/WhatsApp-Image-2023-09-20-at-15.29.00-1-2048x1536.jpeg 2048w\" sizes=\"(max-width: 1024px) 100vw, 1024px\" \/><\/figure>\n\n\n\n<figure class=\"wp-block-image size-large\"><img decoding=\"async\" loading=\"lazy\" width=\"1024\" height=\"768\" data-id=\"23771\" src=\"https:\/\/arquivo.pedroleopoldo.mg.gov.br\/wp-content\/uploads\/2023\/09\/WhatsApp-Image-2023-09-20-at-15.29.01-1024x768.jpeg\" alt=\"\" class=\"wp-image-23771\" srcset=\"https:\/\/arquivo.pedroleopoldo.mg.gov.br\/wp-content\/uploads\/2023\/09\/WhatsApp-Image-2023-09-20-at-15.29.01-1024x768.jpeg 1024w, https:\/\/arquivo.pedroleopoldo.mg.gov.br\/wp-content\/uploads\/2023\/09\/WhatsApp-Image-2023-09-20-at-15.29.01-300x225.jpeg 300w, https:\/\/arquivo.pedroleopoldo.mg.gov.br\/wp-content\/uploads\/2023\/09\/WhatsApp-Image-2023-09-20-at-15.29.01-768x576.jpeg 768w, https:\/\/arquivo.pedroleopoldo.mg.gov.br\/wp-content\/uploads\/2023\/09\/WhatsApp-Image-2023-09-20-at-15.29.01-1536x1152.jpeg 1536w, https:\/\/arquivo.pedroleopoldo.mg.gov.br\/wp-content\/uploads\/2023\/09\/WhatsApp-Image-2023-09-20-at-15.29.01-2048x1536.jpeg 2048w\" sizes=\"(max-width: 1024px) 100vw, 1024px\" \/><\/figure>\n\n\n\n<figure class=\"wp-block-image size-large\"><img decoding=\"async\" loading=\"lazy\" width=\"1024\" height=\"768\" data-id=\"23767\" src=\"https:\/\/arquivo.pedroleopoldo.mg.gov.br\/wp-content\/uploads\/2023\/09\/WhatsApp-Image-2023-09-20-at-15.23.52-1024x768.jpeg\" alt=\"\" class=\"wp-image-23767\" srcset=\"https:\/\/arquivo.pedroleopoldo.mg.gov.br\/wp-content\/uploads\/2023\/09\/WhatsApp-Image-2023-09-20-at-15.23.52-1024x768.jpeg 1024w, https:\/\/arquivo.pedroleopoldo.mg.gov.br\/wp-content\/uploads\/2023\/09\/WhatsApp-Image-2023-09-20-at-15.23.52-300x225.jpeg 300w, https:\/\/arquivo.pedroleopoldo.mg.gov.br\/wp-content\/uploads\/2023\/09\/WhatsApp-Image-2023-09-20-at-15.23.52-768x576.jpeg 768w, https:\/\/arquivo.pedroleopoldo.mg.gov.br\/wp-content\/uploads\/2023\/09\/WhatsApp-Image-2023-09-20-at-15.23.52-1536x1152.jpeg 1536w, https:\/\/arquivo.pedroleopoldo.mg.gov.br\/wp-content\/uploads\/2023\/09\/WhatsApp-Image-2023-09-20-at-15.23.52.jpeg 1600w\" sizes=\"(max-width: 1024px) 100vw, 1024px\" \/><\/figure>\n\n\n\n<figure class=\"wp-block-image size-large\"><img decoding=\"async\" loading=\"lazy\" width=\"1024\" height=\"768\" data-id=\"23766\" src=\"https:\/\/arquivo.pedroleopoldo.mg.gov.br\/wp-content\/uploads\/2023\/09\/WhatsApp-Image-2023-09-20-at-15.23.55-1024x768.jpeg\" alt=\"\" class=\"wp-image-23766\" srcset=\"https:\/\/arquivo.pedroleopoldo.mg.gov.br\/wp-content\/uploads\/2023\/09\/WhatsApp-Image-2023-09-20-at-15.23.55-1024x768.jpeg 1024w, https:\/\/arquivo.pedroleopoldo.mg.gov.br\/wp-content\/uploads\/2023\/09\/WhatsApp-Image-2023-09-20-at-15.23.55-300x225.jpeg 300w, https:\/\/arquivo.pedroleopoldo.mg.gov.br\/wp-content\/uploads\/2023\/09\/WhatsApp-Image-2023-09-20-at-15.23.55-768x576.jpeg 768w, https:\/\/arquivo.pedroleopoldo.mg.gov.br\/wp-content\/uploads\/2023\/09\/WhatsApp-Image-2023-09-20-at-15.23.55-1536x1152.jpeg 1536w, https:\/\/arquivo.pedroleopoldo.mg.gov.br\/wp-content\/uploads\/2023\/09\/WhatsApp-Image-2023-09-20-at-15.23.55.jpeg 1600w\" sizes=\"(max-width: 1024px) 100vw, 1024px\" \/><\/figure>\n\n\n\n<figure class=\"wp-block-image size-large\"><img decoding=\"async\" loading=\"lazy\" width=\"1024\" height=\"768\" data-id=\"23768\" src=\"https:\/\/arquivo.pedroleopoldo.mg.gov.br\/wp-content\/uploads\/2023\/09\/WhatsApp-Image-2023-09-20-at-15.23.56-1024x768.jpeg\" alt=\"\" class=\"wp-image-23768\" srcset=\"https:\/\/arquivo.pedroleopoldo.mg.gov.br\/wp-content\/uploads\/2023\/09\/WhatsApp-Image-2023-09-20-at-15.23.56-1024x768.jpeg 1024w, https:\/\/arquivo.pedroleopoldo.mg.gov.br\/wp-content\/uploads\/2023\/09\/WhatsApp-Image-2023-09-20-at-15.23.56-300x225.jpeg 300w, https:\/\/arquivo.pedroleopoldo.mg.gov.br\/wp-content\/uploads\/2023\/09\/WhatsApp-Image-2023-09-20-at-15.23.56-768x576.jpeg 768w, https:\/\/arquivo.pedroleopoldo.mg.gov.br\/wp-content\/uploads\/2023\/09\/WhatsApp-Image-2023-09-20-at-15.23.56-1536x1152.jpeg 1536w, https:\/\/arquivo.pedroleopoldo.mg.gov.br\/wp-content\/uploads\/2023\/09\/WhatsApp-Image-2023-09-20-at-15.23.56.jpeg 1600w\" sizes=\"(max-width: 1024px) 100vw, 1024px\" \/><\/figure>\n<\/figure>\n","protected":false},"excerpt":{"rendered":"<p>No \u00faltimo fim de semana, Pedro Leopoldo declarou mais uma vez seu compromisso com a diversidade, a inclus\u00e3o e a cultura em eventos que marcaram a trajet\u00f3ria da cidade rumo ao seu centen\u00e1rio. A Prefeitura vem investindo constantemente em iniciativas que promovam o respeito e o fomento \u00e0 cultura em todas as suas formas. Batalha &hellip; <a href=\"https:\/\/arquivo.pedroleopoldo.mg.gov.br\/?p=23765\" class=\"more-link\">Continuar lendo <span class=\"screen-reader-text\">Pedro Leopoldo celebra a diversidade e a cultura rumo aos 100 Anos<\/span><\/a><\/p>\n","protected":false},"author":1,"featured_media":23766,"comment_status":"closed","ping_status":"closed","sticky":false,"template":"","format":"standard","meta":{"footnotes":""},"categories":[4],"tags":[],"_links":{"self":[{"href":"https:\/\/arquivo.pedroleopoldo.mg.gov.br\/index.php?rest_route=\/wp\/v2\/posts\/23765"}],"collection":[{"href":"https:\/\/arquivo.pedroleopoldo.mg.gov.br\/index.php?rest_route=\/wp\/v2\/posts"}],"about":[{"href":"https:\/\/arquivo.pedroleopoldo.mg.gov.br\/index.php?rest_route=\/wp\/v2\/types\/post"}],"author":[{"embeddable":true,"href":"https:\/\/arquivo.pedroleopoldo.mg.gov.br\/index.php?rest_route=\/wp\/v2\/users\/1"}],"replies":[{"embeddable":true,"href":"https:\/\/arquivo.pedroleopoldo.mg.gov.br\/index.php?rest_route=%2Fwp%2Fv2%2Fcomments&post=23765"}],"version-history":[{"count":0,"href":"https:\/\/arquivo.pedroleopoldo.mg.gov.br\/index.php?rest_route=\/wp\/v2\/posts\/23765\/revisions"}],"wp:featuredmedia":[{"embeddable":true,"href":"https:\/\/arquivo.pedroleopoldo.mg.gov.br\/index.php?rest_route=\/wp\/v2\/media\/23766"}],"wp:attachment":[{"href":"https:\/\/arquivo.pedroleopoldo.mg.gov.br\/index.php?rest_route=%2Fwp%2Fv2%2Fmedia&parent=23765"}],"wp:term":[{"taxonomy":"category","embeddable":true,"href":"https:\/\/arquivo.pedroleopoldo.mg.gov.br\/index.php?rest_route=%2Fwp%2Fv2%2Fcategories&post=23765"},{"taxonomy":"post_tag","embeddable":true,"href":"https:\/\/arquivo.pedroleopoldo.mg.gov.br\/index.php?rest_route=%2Fwp%2Fv2%2Ftags&post=23765"}],"curies":[{"name":"wp","href":"https:\/\/api.w.org\/{rel}","templated":true}]}}